{"id":1303,"date":"2026-01-06T04:58:01","date_gmt":"2026-01-06T01:58:01","guid":{"rendered":"https:\/\/www.kirsehirses.com\/?p=1303"},"modified":"2026-01-06T04:58:01","modified_gmt":"2026-01-06T01:58:01","slug":"eski-uskup-carsisindaki-cinayetin-suphelisi-kosovada-yakalandi","status":"publish","type":"post","link":"https:\/\/www.kirsehirses.com\/index.php\/2026\/01\/06\/eski-uskup-carsisindaki-cinayetin-suphelisi-kosovada-yakalandi\/","title":{"rendered":"Eski \u00dcsk\u00fcp \u00c7ar\u015f\u0131s\u0131\u2019ndaki Cinayetin \u015e\u00fcphelisi Kosova\u2019da Yakaland\u0131"},"content":{"rendered":"<p><strong>Eski \u00dcsk\u00fcp \u00c7ar\u015f\u0131s\u0131\u2019ndaki Cinayetin \u015e\u00fcphelisi Kosova\u2019da Yakaland\u0131<\/strong><\/p>\n<p>Kuzey Makedonya\u2019n\u0131n ba\u015fkenti \u00dcsk\u00fcp\u2019te y\u0131lba\u015f\u0131 gecesi Eski T\u00fcrk \u00c7ar\u015f\u0131s\u0131\u2019nda meydana gelen ve bir T\u00fcrk gencinin hayat\u0131n\u0131 kaybetti\u011fi b\u0131\u00e7akl\u0131 sald\u0131r\u0131n\u0131n \u015f\u00fcphelisi Kosova\u2019da yakaland\u0131. \u00dcsk\u00fcp Ba\u015fsavc\u0131l\u0131\u011f\u0131, zanl\u0131n\u0131n Makedonya\u2019ya iadesi i\u00e7in resmi s\u00fcrecin ba\u015flat\u0131ld\u0131\u011f\u0131n\u0131 duyurdu.<\/p>\n<p>Ba\u015fsavc\u0131l\u0131k a\u00e7\u0131klamas\u0131na g\u00f6re, Tetovo\u2019da ikamet eden 25 ya\u015f\u0131ndaki \u015f\u00fcpheli, Eski \u00c7ar\u015f\u0131\u2019daki bir kafe-barda ya\u015flar\u0131 22 ve 23 olan iki T\u00fcrk vatanda\u015f\u0131yla hen\u00fcz bilinmeyen bir nedenle tart\u0131\u015fmaya girdi. Tart\u0131\u015fman\u0131n b\u00fcy\u00fcmesi \u00fczerine taraflar mek\u00e2ndan ayr\u0131ld\u0131. Ancak k\u0131sa s\u00fcre sonra ayn\u0131 noktada yeniden kar\u015f\u0131la\u015fmalar\u0131yla kavga devam etti.<\/p>\n<p>\u015e\u00fcphelinin bu s\u0131rada yan\u0131nda bulunan b\u0131\u00e7akla sald\u0131r\u0131ya ge\u00e7ti\u011fi, Ahmet Mert Do\u011fan\u2019\u0131 g\u00f6\u011f\u00fcs ve kalp b\u00f6lgesinden d\u00f6rt kez b\u0131\u00e7aklad\u0131\u011f\u0131 belirtildi. A\u011f\u0131r yaralanan Do\u011fan olay yerinde hayat\u0131n\u0131 kaybederken, di\u011fer T\u00fcrk vatanda\u015f\u0131 ise s\u0131rt\u0131ndan ald\u0131\u011f\u0131 b\u0131\u00e7ak darbesiyle yaraland\u0131. Yaral\u0131n\u0131n hayati tehlikesinin bulunmad\u0131\u011f\u0131 \u00f6\u011frenildi.<\/p>\n<p>Olay\u0131n ard\u0131ndan ka\u00e7an \u015f\u00fcpheliyle ilgili geni\u015f \u00e7apl\u0131 soru\u015fturma ba\u015flat\u0131ld\u0131. G\u00fcvenlik kameras\u0131 g\u00f6r\u00fcnt\u00fcleri incelenirken, olay yerinde delil toplama \u00e7al\u0131\u015fmalar\u0131 yap\u0131ld\u0131 ve hayat\u0131n\u0131 kaybeden Do\u011fan i\u00e7in otopsi i\u015flemleri ger\u00e7ekle\u015ftirildi. Yap\u0131lan ara\u015ft\u0131rmalar sonucunda zanl\u0131n\u0131n Kosova\u2019ya ka\u00e7t\u0131\u011f\u0131 tespit edildi ve Kosova makamlar\u0131 taraf\u0131ndan yakalanarak g\u00f6zalt\u0131na al\u0131nd\u0131.<\/p>\n<p>\u00dcsk\u00fcp Ba\u015fsavc\u0131l\u0131\u011f\u0131, \u015f\u00fcpheli hakk\u0131nda g\u0131yab\u0131nda tutuklama talebinde bulunuldu\u011funu ve bu karar do\u011frultusunda iade s\u00fcrecinin derhal ba\u015flat\u0131ld\u0131\u011f\u0131n\u0131 a\u00e7\u0131klad\u0131.<\/p>\n<p>Hayat\u0131n\u0131 kaybeden Ahmet Mert Do\u011fan\u2019\u0131n K\u0131r\u015fehir n\u00fcfusuna kay\u0131tl\u0131 oldu\u011fu, Mucur il\u00e7esine ba\u011fl\u0131 Dalak\u00e7\u0131 K\u00f6y\u00fc\u2019nden oldu\u011fu ve \u00f6\u011frenim amac\u0131yla \u00dcsk\u00fcp\u2019te bulundu\u011fu belirtildi. Do\u011fan\u2019\u0131n cenazesi, 3 Ocak 2025 tarihinde Ankara\u2019da d\u00fczenlenen cenaze namaz\u0131n\u0131n ard\u0131ndan Kar\u015f\u0131yaka Mezarl\u0131\u011f\u0131\u2019nda topra\u011fa verildi.<\/p>\n<p>Olay, Do\u011fan\u2019\u0131n ailesi ve yak\u0131n \u00e7evresi ile K\u0131r\u015fehir\u2019de b\u00fcy\u00fck \u00fcz\u00fcnt\u00fcye neden olurken, cinayete ili\u015fkin adli s\u00fcrecin s\u00fcrd\u00fc\u011f\u00fc bildirildi.<\/p>\n","protected":false},"excerpt":{"rendered":"<p>Eski \u00dcsk\u00fcp \u00c7ar\u015f\u0131s\u0131\u2019ndaki Cinayetin \u015e\u00fcphelisi Kosova\u2019da Yakaland\u0131 Kuzey Makedonya\u2019n\u0131n ba\u015fkenti \u00dcsk\u00fcp\u2019te y\u0131lba\u015f\u0131 gecesi Eski T\u00fcrk \u00c7ar\u015f\u0131s\u0131\u2019nda meydana gelen ve bir T\u00fcrk gencinin hayat\u0131n\u0131 kaybetti\u011fi b\u0131\u00e7akl\u0131 sald\u0131r\u0131n\u0131n \u015f\u00fcphelisi Kosova\u2019da yakaland\u0131. \u00dcsk\u00fcp Ba\u015fsavc\u0131l\u0131\u011f\u0131, zanl\u0131n\u0131n Makedonya\u2019ya iadesi i\u00e7in resmi s\u00fcrecin ba\u015flat\u0131ld\u0131\u011f\u0131n\u0131 duyurdu. Ba\u015fsavc\u0131l\u0131k a\u00e7\u0131klamas\u0131na g\u00f6re, Tetovo\u2019da ikamet eden 25 ya\u015f\u0131ndaki \u015f\u00fcpheli, Eski \u00c7ar\u015f\u0131\u2019daki bir kafe-barda ya\u015flar\u0131 22 ve [&hellip;]<\/p>\n","protected":false},"author":1,"featured_media":1304,"comment_status":"open","ping_status":"open","sticky":false,"template":"","format":"standard","meta":{"footnotes":""},"categories":[5,8],"tags":[],"class_list":["post-1303","post","type-post","status-publish","format-standard","has-post-thumbnail","hentry","category-gundem","category-kirsehir"],"_links":{"self":[{"href":"https:\/\/www.kirsehirses.com\/index.php\/wp-json\/wp\/v2\/posts\/1303","targetHints":{"allow":["GET"]}}],"collection":[{"href":"https:\/\/www.kirsehirses.com\/index.php\/wp-json\/wp\/v2\/posts"}],"about":[{"href":"https:\/\/www.kirsehirses.com\/index.php\/wp-json\/wp\/v2\/types\/post"}],"author":[{"embeddable":true,"href":"https:\/\/www.kirsehirses.com\/index.php\/wp-json\/wp\/v2\/users\/1"}],"replies":[{"embeddable":true,"href":"https:\/\/www.kirsehirses.com\/index.php\/wp-json\/wp\/v2\/comments?post=1303"}],"version-history":[{"count":1,"href":"https:\/\/www.kirsehirses.com\/index.php\/wp-json\/wp\/v2\/posts\/1303\/revisions"}],"predecessor-version":[{"id":1305,"href":"https:\/\/www.kirsehirses.com\/index.php\/wp-json\/wp\/v2\/posts\/1303\/revisions\/1305"}],"wp:featuredmedia":[{"embeddable":true,"href":"https:\/\/www.kirsehirses.com\/index.php\/wp-json\/wp\/v2\/media\/1304"}],"wp:attachment":[{"href":"https:\/\/www.kirsehirses.com\/index.php\/wp-json\/wp\/v2\/media?parent=1303"}],"wp:term":[{"taxonomy":"category","embeddable":true,"href":"https:\/\/www.kirsehirses.com\/index.php\/wp-json\/wp\/v2\/categories?post=1303"},{"taxonomy":"post_tag","embeddable":true,"href":"https:\/\/www.kirsehirses.com\/index.php\/wp-json\/wp\/v2\/tags?post=1303"}],"curies":[{"name":"wp","href":"https:\/\/api.w.org\/{rel}","templated":true}]}}