{"id":1306,"date":"2026-01-10T03:37:49","date_gmt":"2026-01-10T00:37:49","guid":{"rendered":"https:\/\/www.kirsehirses.com\/?p=1306"},"modified":"2026-01-10T03:37:49","modified_gmt":"2026-01-10T00:37:49","slug":"kirsehir-il-jandarma-komutanliginda-2025-yili-asayis-ve-guvenlik-faaliyetleri-degerlendirildi","status":"publish","type":"post","link":"https:\/\/www.kirsehirses.com\/index.php\/2026\/01\/10\/kirsehir-il-jandarma-komutanliginda-2025-yili-asayis-ve-guvenlik-faaliyetleri-degerlendirildi\/","title":{"rendered":"K\u0131r\u015fehir \u0130l Jandarma Komutanl\u0131\u011f\u0131\u2019nda 2025 Y\u0131l\u0131 Asayi\u015f ve G\u00fcvenlik Faaliyetleri De\u011ferlendirildi"},"content":{"rendered":"<p data-start=\"412\" data-end=\"742\"><strong>K\u0131r\u015fehir \u0130l Jandarma Komutanl\u0131\u011f\u0131\u2019nda 2025 Y\u0131l\u0131 Asayi\u015f ve G\u00fcvenlik Faaliyetleri De\u011ferlendirildi<\/strong><\/p>\n<p data-start=\"396\" data-end=\"679\">K\u0131r\u015fehir Valisi Murat Sefa Demiry\u00fcrek, \u0130l Jandarma Komutanl\u0131\u011f\u0131\u2019n\u0131 ziyaret ederek kent genelinde y\u00fcr\u00fct\u00fclen asayi\u015f ve g\u00fcvenlik faaliyetlerine ili\u015fkin de\u011ferlendirmelerde bulundu. Ziyaret kapsam\u0131nda, K\u0131r\u015fehir \u0130l Jandarma Komutanl\u0131\u011f\u0131\u2019n\u0131n 2025 y\u0131l\u0131 boyunca y\u00fcr\u00fctt\u00fc\u011f\u00fc \u00e7al\u0131\u015fmalar ele al\u0131nd\u0131.<\/p>\n<p data-start=\"681\" data-end=\"1119\">Vali Demiry\u00fcrek, \u0130l Jandarma Komutanl\u0131\u011f\u0131\u2019nda Jandarma K\u0131demli Albay Ahmet Y\u0131ld\u0131r\u0131m\u2019dan, halk\u0131n huzur ve g\u00fcvenli\u011fini sa\u011flamaya y\u00f6nelik kent genelinde y\u00fcr\u00fct\u00fclen asayi\u015f uygulamalar\u0131 ve kurum faaliyetleri hakk\u0131nda bilgi ald\u0131. Yap\u0131lan bilgilendirmede, su\u00e7la m\u00fccadele \u00e7al\u0131\u015fmalar\u0131, \u00f6nleyici kolluk hizmetleri, trafik denetimleri, k\u0131rsal alanlarda y\u00fcr\u00fct\u00fclen g\u00fcvenlik faaliyetleri ve vatanda\u015f odakl\u0131 uygulamalara ili\u015fkin genel bilgiler payla\u015f\u0131ld\u0131.<\/p>\n<p data-start=\"1121\" data-end=\"1530\">Ziyaretin ard\u0131ndan, Alay Komutan\u0131, komutan yard\u0131mc\u0131lar\u0131 ve \u015fube m\u00fcd\u00fcrlerinin kat\u0131l\u0131m\u0131yla ger\u00e7ekle\u015ftirilen toplant\u0131da, K\u0131r\u015fehir \u0130l Jandarma Komutanl\u0131\u011f\u0131 taraf\u0131ndan 2025 y\u0131l\u0131 i\u00e7erisinde y\u00fcr\u00fct\u00fclen \u00e7al\u0131\u015fmalar genel hatlar\u0131yla de\u011ferlendirildi. Toplant\u0131da, mevcut g\u00fcvenlik durumu, operasyonel faaliyetler, kurumlar aras\u0131 koordinasyon, personel planlamas\u0131 ve teknolojik imk\u00e2nlar\u0131n kullan\u0131m\u0131 gibi ba\u015fl\u0131klar ele al\u0131nd\u0131.<\/p>\n<p data-start=\"1532\" data-end=\"1888\">Toplant\u0131da yap\u0131lan de\u011ferlendirmelerde, jandarma te\u015fkilat\u0131n\u0131n K\u0131r\u015fehir genelinde kamu d\u00fczeninin sa\u011flanmas\u0131 ve su\u00e7lar\u0131n \u00f6nlenmesine y\u00f6nelik faaliyetlerini planl\u0131 ve koordineli bir \u015fekilde s\u00fcrd\u00fcrd\u00fc\u011f\u00fc ifade edildi. Ayr\u0131ca, sahadan elde edilen veriler do\u011frultusunda g\u00fcvenlik hizmetlerinin etkinli\u011finin art\u0131r\u0131lmas\u0131na y\u00f6nelik \u00e7al\u0131\u015fmalar\u0131n devam etti\u011fi belirtildi.<\/p>\n<p data-start=\"1890\" data-end=\"2205\">Yetkililer, kamu g\u00fcvenli\u011finin korunmas\u0131nda \u00f6nleyici hizmetlerin \u00f6nemine dikkat \u00e7ekerken, vatanda\u015flar\u0131n g\u00fcvenlik birimleriyle i\u015f birli\u011finin asayi\u015fin sa\u011flanmas\u0131na katk\u0131 sundu\u011funu vurgulad\u0131. 2025 y\u0131l\u0131 boyunca y\u00fcr\u00fct\u00fclen \u00e7al\u0131\u015fmalar\u0131n, kentte huzur ve g\u00fcven ortam\u0131n\u0131n s\u00fcrd\u00fcr\u00fclmesine y\u00f6nelik olarak planland\u0131\u011f\u0131 kaydedildi.<\/p>\n<p data-start=\"2207\" data-end=\"2405\">Program, yap\u0131lan de\u011ferlendirmelerin ard\u0131ndan sona erdi. \u0130l Jandarma Komutanl\u0131\u011f\u0131\u2019n\u0131n, K\u0131r\u015fehir genelinde kamu g\u00fcvenli\u011fi ve asayi\u015f hizmetlerine y\u00f6nelik \u00e7al\u0131\u015fmalar\u0131n\u0131 y\u0131l boyunca s\u00fcrd\u00fcrmesi bekleniyor.<\/p>\n","protected":false},"excerpt":{"rendered":"<p>K\u0131r\u015fehir \u0130l Jandarma Komutanl\u0131\u011f\u0131\u2019nda 2025 Y\u0131l\u0131 Asayi\u015f ve G\u00fcvenlik Faaliyetleri De\u011ferlendirildi K\u0131r\u015fehir Valisi Murat Sefa Demiry\u00fcrek, \u0130l Jandarma Komutanl\u0131\u011f\u0131\u2019n\u0131 ziyaret ederek kent genelinde y\u00fcr\u00fct\u00fclen asayi\u015f ve g\u00fcvenlik faaliyetlerine ili\u015fkin de\u011ferlendirmelerde bulundu. Ziyaret kapsam\u0131nda, K\u0131r\u015fehir \u0130l Jandarma Komutanl\u0131\u011f\u0131\u2019n\u0131n 2025 y\u0131l\u0131 boyunca y\u00fcr\u00fctt\u00fc\u011f\u00fc \u00e7al\u0131\u015fmalar ele al\u0131nd\u0131. Vali Demiry\u00fcrek, \u0130l Jandarma Komutanl\u0131\u011f\u0131\u2019nda Jandarma K\u0131demli Albay Ahmet Y\u0131ld\u0131r\u0131m\u2019dan, halk\u0131n [&hellip;]<\/p>\n","protected":false},"author":1,"featured_media":1307,"comment_status":"open","ping_status":"open","sticky":false,"template":"","format":"standard","meta":{"footnotes":""},"categories":[8],"tags":[],"class_list":["post-1306","post","type-post","status-publish","format-standard","has-post-thumbnail","hentry","category-kirsehir"],"_links":{"self":[{"href":"https:\/\/www.kirsehirses.com\/index.php\/wp-json\/wp\/v2\/posts\/1306","targetHints":{"allow":["GET"]}}],"collection":[{"href":"https:\/\/www.kirsehirses.com\/index.php\/wp-json\/wp\/v2\/posts"}],"about":[{"href":"https:\/\/www.kirsehirses.com\/index.php\/wp-json\/wp\/v2\/types\/post"}],"author":[{"embeddable":true,"href":"https:\/\/www.kirsehirses.com\/index.php\/wp-json\/wp\/v2\/users\/1"}],"replies":[{"embeddable":true,"href":"https:\/\/www.kirsehirses.com\/index.php\/wp-json\/wp\/v2\/comments?post=1306"}],"version-history":[{"count":1,"href":"https:\/\/www.kirsehirses.com\/index.php\/wp-json\/wp\/v2\/posts\/1306\/revisions"}],"predecessor-version":[{"id":1308,"href":"https:\/\/www.kirsehirses.com\/index.php\/wp-json\/wp\/v2\/posts\/1306\/revisions\/1308"}],"wp:featuredmedia":[{"embeddable":true,"href":"https:\/\/www.kirsehirses.com\/index.php\/wp-json\/wp\/v2\/media\/1307"}],"wp:attachment":[{"href":"https:\/\/www.kirsehirses.com\/index.php\/wp-json\/wp\/v2\/media?parent=1306"}],"wp:term":[{"taxonomy":"category","embeddable":true,"href":"https:\/\/www.kirsehirses.com\/index.php\/wp-json\/wp\/v2\/categories?post=1306"},{"taxonomy":"post_tag","embeddable":true,"href":"https:\/\/www.kirsehirses.com\/index.php\/wp-json\/wp\/v2\/tags?post=1306"}],"curies":[{"name":"wp","href":"https:\/\/api.w.org\/{rel}","templated":true}]}}