{"id":1309,"date":"2026-01-10T03:40:04","date_gmt":"2026-01-10T00:40:04","guid":{"rendered":"https:\/\/www.kirsehirses.com\/?p=1309"},"modified":"2026-01-10T03:40:04","modified_gmt":"2026-01-10T00:40:04","slug":"kirsehirde-2025-yili-saglik-hizmetleri-degerlendirildi-2026-yili-hedefleri-gorusuldu","status":"publish","type":"post","link":"https:\/\/www.kirsehirses.com\/index.php\/2026\/01\/10\/kirsehirde-2025-yili-saglik-hizmetleri-degerlendirildi-2026-yili-hedefleri-gorusuldu\/","title":{"rendered":"K\u0131r\u015fehir\u2019de 2025 Y\u0131l\u0131 Sa\u011fl\u0131k Hizmetleri De\u011ferlendirildi, 2026 Y\u0131l\u0131 Hedefleri G\u00f6r\u00fc\u015f\u00fcld\u00fc"},"content":{"rendered":"<p><strong>K\u0131r\u015fehir\u2019de 2025 Y\u0131l\u0131 Sa\u011fl\u0131k Hizmetleri De\u011ferlendirildi, 2026 Y\u0131l\u0131 Hedefleri G\u00f6r\u00fc\u015f\u00fcld\u00fc<\/strong><\/p>\n<p data-start=\"400\" data-end=\"669\">K\u0131r\u015fehir\u2019de sa\u011fl\u0131k alan\u0131nda y\u00fcr\u00fct\u00fclen \u00e7al\u0131\u015fmalar, d\u00fczenlenen de\u011ferlendirme toplant\u0131s\u0131nda ele al\u0131nd\u0131. Toplant\u0131da, 2025 y\u0131l\u0131 boyunca kent genelinde sunulan sa\u011fl\u0131k hizmetlerinin mevcut durumu de\u011ferlendirilirken, 2026 y\u0131l\u0131na y\u00f6nelik hedefler ve planlamalar isti\u015fare edildi.<\/p>\n<p data-start=\"671\" data-end=\"1011\">Toplant\u0131, K\u0131r\u015fehir Valisi Murat Sefa Demiry\u00fcrek ba\u015fkanl\u0131\u011f\u0131nda ger\u00e7ekle\u015ftirildi. Programa, \u0130l Sa\u011fl\u0131k M\u00fcd\u00fcr\u00fc Do\u00e7. Dr. S\u00fcleyman Ersoy ile sa\u011fl\u0131k alan\u0131nda g\u00f6rev yapan y\u00f6neticiler kat\u0131ld\u0131. G\u00f6r\u00fc\u015fmelerde, K\u0131r\u015fehir genelinde sunulan sa\u011fl\u0131k hizmetlerinin kapsam\u0131, hizmet sunum s\u00fcre\u00e7leri ve mevcut uygulamalara ili\u015fkin genel de\u011ferlendirmeler yap\u0131ld\u0131.<\/p>\n<p data-start=\"1013\" data-end=\"1312\">Toplant\u0131n\u0131n ilk b\u00f6l\u00fcm\u00fcnde, 2025 y\u0131l\u0131 i\u00e7erisinde sa\u011fl\u0131k tesislerinde y\u00fcr\u00fct\u00fclen \u00e7al\u0131\u015fmalar, hizmet kapasitesi, personel durumu ve sa\u011fl\u0131k hizmetlerine eri\u015fim konular\u0131 ele al\u0131nd\u0131. Sa\u011fl\u0131k hizmetlerinin etkinli\u011fi ve s\u00fcrd\u00fcr\u00fclebilirli\u011fi kapsam\u0131nda y\u00fcr\u00fct\u00fclen faaliyetler hakk\u0131nda kat\u0131l\u0131mc\u0131lara bilgi sunuldu.<\/p>\n<p data-start=\"1314\" data-end=\"1691\">Toplant\u0131n\u0131n devam\u0131nda ise 2026 y\u0131l\u0131na y\u00f6nelik hedefler g\u00f6r\u00fc\u015f\u00fcld\u00fc. Bu kapsamda, sa\u011fl\u0131k altyap\u0131s\u0131n\u0131n g\u00fc\u00e7lendirilmesi, hizmet kalitesinin art\u0131r\u0131lmas\u0131, insan kayna\u011f\u0131n\u0131n etkin kullan\u0131m\u0131 ve sa\u011fl\u0131k hizmetlerine eri\u015fimin geli\u015ftirilmesine y\u00f6nelik planlamalar de\u011ferlendirildi. Ayr\u0131ca, mevcut ihtiya\u00e7lar do\u011frultusunda yap\u0131lmas\u0131 planlanan \u00e7al\u0131\u015fmalar hakk\u0131nda g\u00f6r\u00fc\u015f al\u0131\u015fveri\u015finde bulunuldu.<\/p>\n<p data-start=\"1693\" data-end=\"2003\">Yetkililer taraf\u0131ndan yap\u0131lan de\u011ferlendirmelerde, sa\u011fl\u0131k hizmetlerinin planl\u0131 bir \u015fekilde y\u00fcr\u00fct\u00fclmesinin, toplum sa\u011fl\u0131\u011f\u0131n\u0131n korunmas\u0131 ve geli\u015ftirilmesi a\u00e7\u0131s\u0131ndan \u00f6nemli oldu\u011fu vurguland\u0131. Kent genelinde sunulan sa\u011fl\u0131k hizmetlerinin, ilgili kurumlar aras\u0131ndaki koordinasyon \u00e7er\u00e7evesinde s\u00fcrd\u00fcr\u00fcld\u00fc\u011f\u00fc belirtildi.<\/p>\n<p data-start=\"2005\" data-end=\"2265\">Toplant\u0131, sa\u011fl\u0131k alan\u0131nda y\u00fcr\u00fct\u00fclen mevcut \u00e7al\u0131\u015fmalar\u0131n de\u011ferlendirilmesi ve gelecek d\u00f6neme ili\u015fkin hedeflerin ele al\u0131nmas\u0131n\u0131n ard\u0131ndan sona erdi. K\u0131r\u015fehir\u2019de sa\u011fl\u0131k hizmetlerine y\u00f6nelik \u00e7al\u0131\u015fmalar\u0131n, belirlenen hedefler do\u011frultusunda devam edece\u011fi bildirildi.<\/p>\n","protected":false},"excerpt":{"rendered":"<p>K\u0131r\u015fehir\u2019de 2025 Y\u0131l\u0131 Sa\u011fl\u0131k Hizmetleri De\u011ferlendirildi, 2026 Y\u0131l\u0131 Hedefleri G\u00f6r\u00fc\u015f\u00fcld\u00fc K\u0131r\u015fehir\u2019de sa\u011fl\u0131k alan\u0131nda y\u00fcr\u00fct\u00fclen \u00e7al\u0131\u015fmalar, d\u00fczenlenen de\u011ferlendirme toplant\u0131s\u0131nda ele al\u0131nd\u0131. Toplant\u0131da, 2025 y\u0131l\u0131 boyunca kent genelinde sunulan sa\u011fl\u0131k hizmetlerinin mevcut durumu de\u011ferlendirilirken, 2026 y\u0131l\u0131na y\u00f6nelik hedefler ve planlamalar isti\u015fare edildi. Toplant\u0131, K\u0131r\u015fehir Valisi Murat Sefa Demiry\u00fcrek ba\u015fkanl\u0131\u011f\u0131nda ger\u00e7ekle\u015ftirildi. Programa, \u0130l Sa\u011fl\u0131k M\u00fcd\u00fcr\u00fc Do\u00e7. Dr. S\u00fcleyman [&hellip;]<\/p>\n","protected":false},"author":1,"featured_media":1310,"comment_status":"open","ping_status":"open","sticky":false,"template":"","format":"standard","meta":{"footnotes":""},"categories":[11],"tags":[],"class_list":["post-1309","post","type-post","status-publish","format-standard","has-post-thumbnail","hentry","category-saglik"],"_links":{"self":[{"href":"https:\/\/www.kirsehirses.com\/index.php\/wp-json\/wp\/v2\/posts\/1309","targetHints":{"allow":["GET"]}}],"collection":[{"href":"https:\/\/www.kirsehirses.com\/index.php\/wp-json\/wp\/v2\/posts"}],"about":[{"href":"https:\/\/www.kirsehirses.com\/index.php\/wp-json\/wp\/v2\/types\/post"}],"author":[{"embeddable":true,"href":"https:\/\/www.kirsehirses.com\/index.php\/wp-json\/wp\/v2\/users\/1"}],"replies":[{"embeddable":true,"href":"https:\/\/www.kirsehirses.com\/index.php\/wp-json\/wp\/v2\/comments?post=1309"}],"version-history":[{"count":1,"href":"https:\/\/www.kirsehirses.com\/index.php\/wp-json\/wp\/v2\/posts\/1309\/revisions"}],"predecessor-version":[{"id":1311,"href":"https:\/\/www.kirsehirses.com\/index.php\/wp-json\/wp\/v2\/posts\/1309\/revisions\/1311"}],"wp:featuredmedia":[{"embeddable":true,"href":"https:\/\/www.kirsehirses.com\/index.php\/wp-json\/wp\/v2\/media\/1310"}],"wp:attachment":[{"href":"https:\/\/www.kirsehirses.com\/index.php\/wp-json\/wp\/v2\/media?parent=1309"}],"wp:term":[{"taxonomy":"category","embeddable":true,"href":"https:\/\/www.kirsehirses.com\/index.php\/wp-json\/wp\/v2\/categories?post=1309"},{"taxonomy":"post_tag","embeddable":true,"href":"https:\/\/www.kirsehirses.com\/index.php\/wp-json\/wp\/v2\/tags?post=1309"}],"curies":[{"name":"wp","href":"https:\/\/api.w.org\/{rel}","templated":true}]}}