{"id":1312,"date":"2026-01-10T03:41:24","date_gmt":"2026-01-10T00:41:24","guid":{"rendered":"https:\/\/www.kirsehirses.com\/?p=1312"},"modified":"2026-01-10T03:41:24","modified_gmt":"2026-01-10T00:41:24","slug":"kirsehirde-deas-teror-orgutune-yonelik-operasyonda-3-supheli-tutuklandi","status":"publish","type":"post","link":"https:\/\/www.kirsehirses.com\/index.php\/2026\/01\/10\/kirsehirde-deas-teror-orgutune-yonelik-operasyonda-3-supheli-tutuklandi\/","title":{"rendered":"K\u0131r\u015fehir\u2019de DEA\u015e Ter\u00f6r \u00d6rg\u00fct\u00fcne Y\u00f6nelik Operasyonda 3 \u015e\u00fcpheli Tutukland\u0131"},"content":{"rendered":"<p><strong>K\u0131r\u015fehir\u2019de DEA\u015e Ter\u00f6r \u00d6rg\u00fct\u00fcne Y\u00f6nelik Operasyonda 3 \u015e\u00fcpheli Tutukland\u0131<\/strong><\/p>\n<p data-start=\"442\" data-end=\"753\">K\u0131r\u015fehir\u2019de DEA\u015e ter\u00f6r \u00f6rg\u00fct\u00fcne y\u00f6nelik olarak y\u00fcr\u00fct\u00fclen soru\u015fturma kapsam\u0131nda, 02-03 Ocak 2026 tarihlerinde e\u015f zamanl\u0131 bir operasyon ger\u00e7ekle\u015ftirildi. Operasyon, K\u0131r\u015fehir Cumhuriyet Ba\u015fsavc\u0131l\u0131\u011f\u0131 koordinesinde, \u0130l Emniyet M\u00fcd\u00fcrl\u00fc\u011f\u00fc\u2019ne ba\u011fl\u0131 Ter\u00f6rle M\u00fccadele ve \u0130stihbarat \u015eube M\u00fcd\u00fcrl\u00fckleri taraf\u0131ndan y\u00fcr\u00fct\u00fcld\u00fc.<\/p>\n<p data-start=\"755\" data-end=\"1028\">Edinilen bilgilere g\u00f6re, kent genelinde ger\u00e7ekle\u015ftirilen operasyon kapsam\u0131nda 4 \u015f\u00fcpheli g\u00f6zalt\u0131na al\u0131nd\u0131. Emniyetteki i\u015flemlerinin ard\u0131ndan adli mercilere sevk edilen \u015f\u00fcphelilerden 3\u2019\u00fc tutuklanarak cezaevine g\u00f6nderildi. Bir \u015f\u00fcpheli hakk\u0131nda ise adli kontrol karar\u0131 verildi.<\/p>\n<p data-start=\"1030\" data-end=\"1307\">Operasyon kapsam\u0131nda yap\u0131lan aramalarda, DEA\u015e ter\u00f6r \u00f6rg\u00fct\u00fcyle ba\u011flant\u0131l\u0131 oldu\u011fu de\u011ferlendirilen \u00e7ok say\u0131da \u00f6rg\u00fctsel dok\u00fcman ve dijital materyalin ele ge\u00e7irildi\u011fi bildirildi. Elde edilen materyallerin incelemeye al\u0131nd\u0131\u011f\u0131 ve soru\u015fturman\u0131n \u00e7ok y\u00f6nl\u00fc olarak s\u00fcrd\u00fcr\u00fcld\u00fc\u011f\u00fc \u00f6\u011frenildi.<\/p>\n<p data-start=\"1309\" data-end=\"1589\">Yetkililer, operasyonun ter\u00f6r \u00f6rg\u00fctlerinin faaliyetlerinin de\u015fifre edilmesi ve olas\u0131 eylemlerin \u00f6nlenmesine y\u00f6nelik y\u00fcr\u00fct\u00fclen \u00e7al\u0131\u015fmalar kapsam\u0131nda ger\u00e7ekle\u015ftirildi\u011fini belirtti. G\u00fcvenlik g\u00fc\u00e7lerinin, kent genelinde ter\u00f6rle m\u00fccadele \u00e7al\u0131\u015fmalar\u0131n\u0131 aral\u0131ks\u0131z s\u00fcrd\u00fcrd\u00fc\u011f\u00fc ifade edildi.<\/p>\n<p data-start=\"1591\" data-end=\"1796\">K\u0131r\u015fehir \u0130l Emniyet M\u00fcd\u00fcrl\u00fc\u011f\u00fc\u2019n\u00fcn, ter\u00f6rle m\u00fccadele ba\u015fta olmak \u00fczere kamu d\u00fczeninin korunmas\u0131 ve su\u00e7la m\u00fccadeleye y\u00f6nelik faaliyetlerine ilgili birimlerle koordinasyon i\u00e7erisinde devam edece\u011fi bildirildi.<\/p>\n","protected":false},"excerpt":{"rendered":"<p>K\u0131r\u015fehir\u2019de DEA\u015e Ter\u00f6r \u00d6rg\u00fct\u00fcne Y\u00f6nelik Operasyonda 3 \u015e\u00fcpheli Tutukland\u0131 K\u0131r\u015fehir\u2019de DEA\u015e ter\u00f6r \u00f6rg\u00fct\u00fcne y\u00f6nelik olarak y\u00fcr\u00fct\u00fclen soru\u015fturma kapsam\u0131nda, 02-03 Ocak 2026 tarihlerinde e\u015f zamanl\u0131 bir operasyon ger\u00e7ekle\u015ftirildi. Operasyon, K\u0131r\u015fehir Cumhuriyet Ba\u015fsavc\u0131l\u0131\u011f\u0131 koordinesinde, \u0130l Emniyet M\u00fcd\u00fcrl\u00fc\u011f\u00fc\u2019ne ba\u011fl\u0131 Ter\u00f6rle M\u00fccadele ve \u0130stihbarat \u015eube M\u00fcd\u00fcrl\u00fckleri taraf\u0131ndan y\u00fcr\u00fct\u00fcld\u00fc. Edinilen bilgilere g\u00f6re, kent genelinde ger\u00e7ekle\u015ftirilen operasyon kapsam\u0131nda 4 \u015f\u00fcpheli g\u00f6zalt\u0131na [&hellip;]<\/p>\n","protected":false},"author":1,"featured_media":1313,"comment_status":"open","ping_status":"open","sticky":false,"template":"","format":"standard","meta":{"footnotes":""},"categories":[8],"tags":[],"class_list":["post-1312","post","type-post","status-publish","format-standard","has-post-thumbnail","hentry","category-kirsehir"],"_links":{"self":[{"href":"https:\/\/www.kirsehirses.com\/index.php\/wp-json\/wp\/v2\/posts\/1312","targetHints":{"allow":["GET"]}}],"collection":[{"href":"https:\/\/www.kirsehirses.com\/index.php\/wp-json\/wp\/v2\/posts"}],"about":[{"href":"https:\/\/www.kirsehirses.com\/index.php\/wp-json\/wp\/v2\/types\/post"}],"author":[{"embeddable":true,"href":"https:\/\/www.kirsehirses.com\/index.php\/wp-json\/wp\/v2\/users\/1"}],"replies":[{"embeddable":true,"href":"https:\/\/www.kirsehirses.com\/index.php\/wp-json\/wp\/v2\/comments?post=1312"}],"version-history":[{"count":1,"href":"https:\/\/www.kirsehirses.com\/index.php\/wp-json\/wp\/v2\/posts\/1312\/revisions"}],"predecessor-version":[{"id":1314,"href":"https:\/\/www.kirsehirses.com\/index.php\/wp-json\/wp\/v2\/posts\/1312\/revisions\/1314"}],"wp:featuredmedia":[{"embeddable":true,"href":"https:\/\/www.kirsehirses.com\/index.php\/wp-json\/wp\/v2\/media\/1313"}],"wp:attachment":[{"href":"https:\/\/www.kirsehirses.com\/index.php\/wp-json\/wp\/v2\/media?parent=1312"}],"wp:term":[{"taxonomy":"category","embeddable":true,"href":"https:\/\/www.kirsehirses.com\/index.php\/wp-json\/wp\/v2\/categories?post=1312"},{"taxonomy":"post_tag","embeddable":true,"href":"https:\/\/www.kirsehirses.com\/index.php\/wp-json\/wp\/v2\/tags?post=1312"}],"curies":[{"name":"wp","href":"https:\/\/api.w.org\/{rel}","templated":true}]}}