{"id":1315,"date":"2026-01-10T03:43:08","date_gmt":"2026-01-10T00:43:08","guid":{"rendered":"https:\/\/www.kirsehirses.com\/?p=1315"},"modified":"2026-01-10T03:43:08","modified_gmt":"2026-01-10T00:43:08","slug":"2025-yili-kirsehir-asayis-faaliyet-raporu-kamuoyuyla-paylasildi","status":"publish","type":"post","link":"https:\/\/www.kirsehirses.com\/index.php\/2026\/01\/10\/2025-yili-kirsehir-asayis-faaliyet-raporu-kamuoyuyla-paylasildi\/","title":{"rendered":"2025 Y\u0131l\u0131 K\u0131r\u015fehir Asayi\u015f Faaliyet Raporu Kamuoyuyla Payla\u015f\u0131ld\u0131"},"content":{"rendered":"<p><strong>2025 Y\u0131l\u0131 K\u0131r\u015fehir Asayi\u015f Faaliyet Raporu Kamuoyuyla Payla\u015f\u0131ld\u0131<\/strong><\/p>\n<p data-start=\"378\" data-end=\"721\">K\u0131r\u015fehir\u2019de, Emniyet ve Jandarma te\u015fkilatlar\u0131 taraf\u0131ndan 2025 y\u0131l\u0131 boyunca y\u00fcr\u00fct\u00fclen g\u00fcvenlik ve asayi\u015f \u00e7al\u0131\u015fmalar\u0131n\u0131 kapsayan <strong data-start=\"505\" data-end=\"550\">2025 Y\u0131l\u0131 K\u0131r\u015fehir Asayi\u015f Faaliyet Raporu<\/strong> kamuoyuna a\u00e7\u0131kland\u0131. Raporda, kent genelinde ger\u00e7ekle\u015ftirilen g\u00fcvenlik uygulamalar\u0131, su\u00e7la m\u00fccadele faaliyetleri ve \u00f6nleyici kolluk hizmetlerine ili\u015fkin veriler yer ald\u0131.<\/p>\n<p data-start=\"723\" data-end=\"1088\">A\u00e7\u0131klama, K\u0131r\u015fehir Valisi Murat Sefa Demiry\u00fcrek taraf\u0131ndan yap\u0131ld\u0131. Vali Demiry\u00fcrek, raporun, Emniyet ve Jandarma birimlerinin il genelinde y\u00fcr\u00fctt\u00fc\u011f\u00fc \u00e7al\u0131\u015fmalar\u0131n genel bir de\u011ferlendirmesini ortaya koydu\u011funu belirtti. Raporda, kamu d\u00fczeninin sa\u011flanmas\u0131, su\u00e7lar\u0131n \u00f6nlenmesi ve vatanda\u015flar\u0131n huzur ve g\u00fcvenli\u011finin korunmas\u0131na y\u00f6nelik y\u00fcr\u00fct\u00fclen faaliyetler ele al\u0131nd\u0131.<\/p>\n<p data-start=\"1090\" data-end=\"1421\">2025 y\u0131l\u0131na ait verilerin yer ald\u0131\u011f\u0131 raporda; asayi\u015f uygulamalar\u0131, operasyonel faaliyetler, \u00f6nleyici g\u00fcvenlik \u00e7al\u0131\u015fmalar\u0131, denetimler ve kurumlar aras\u0131 koordinasyon kapsam\u0131nda y\u00fcr\u00fct\u00fclen \u00e7al\u0131\u015fmalar\u0131n sonu\u00e7lar\u0131na yer verildi. Ayr\u0131ca, g\u00fcvenlik hizmetlerinin etkinli\u011finin art\u0131r\u0131lmas\u0131na y\u00f6nelik uygulamalar\u0131n genel \u00e7er\u00e7evesi payla\u015f\u0131ld\u0131.<\/p>\n<p data-start=\"1423\" data-end=\"1734\">Yetkililer, asayi\u015f hizmetlerinin planl\u0131 ve koordineli bir \u015fekilde y\u00fcr\u00fct\u00fcld\u00fc\u011f\u00fcn\u00fc, elde edilen verilerin ise gelecek d\u00f6nem g\u00fcvenlik politikalar\u0131n\u0131n belirlenmesinde yol g\u00f6sterici oldu\u011funu ifade etti. Raporda yer alan de\u011ferlendirmelerin, kamuoyunun bilgilendirilmesi ve \u015feffafl\u0131k a\u00e7\u0131s\u0131ndan \u00f6nem ta\u015f\u0131d\u0131\u011f\u0131 vurguland\u0131.<\/p>\n<p data-start=\"1736\" data-end=\"1998\">A\u00e7\u0131klamada, K\u0131r\u015fehir\u2019de kamu g\u00fcvenli\u011fine y\u00f6nelik \u00e7al\u0131\u015fmalar\u0131n 2026 y\u0131l\u0131nda da Emniyet ve Jandarma te\u015fkilatlar\u0131n\u0131n koordinasyonunda s\u00fcrd\u00fcr\u00fclece\u011fi belirtildi. G\u00fcvenlik hizmetlerinin, mevcut uygulamalar ve elde edilen veriler do\u011frultusunda devam edece\u011fi kaydedildi.<\/p>\n","protected":false},"excerpt":{"rendered":"<p>2025 Y\u0131l\u0131 K\u0131r\u015fehir Asayi\u015f Faaliyet Raporu Kamuoyuyla Payla\u015f\u0131ld\u0131 K\u0131r\u015fehir\u2019de, Emniyet ve Jandarma te\u015fkilatlar\u0131 taraf\u0131ndan 2025 y\u0131l\u0131 boyunca y\u00fcr\u00fct\u00fclen g\u00fcvenlik ve asayi\u015f \u00e7al\u0131\u015fmalar\u0131n\u0131 kapsayan 2025 Y\u0131l\u0131 K\u0131r\u015fehir Asayi\u015f Faaliyet Raporu kamuoyuna a\u00e7\u0131kland\u0131. Raporda, kent genelinde ger\u00e7ekle\u015ftirilen g\u00fcvenlik uygulamalar\u0131, su\u00e7la m\u00fccadele faaliyetleri ve \u00f6nleyici kolluk hizmetlerine ili\u015fkin veriler yer ald\u0131. A\u00e7\u0131klama, K\u0131r\u015fehir Valisi Murat Sefa Demiry\u00fcrek taraf\u0131ndan [&hellip;]<\/p>\n","protected":false},"author":1,"featured_media":1316,"comment_status":"open","ping_status":"open","sticky":false,"template":"","format":"standard","meta":{"footnotes":""},"categories":[8],"tags":[],"class_list":["post-1315","post","type-post","status-publish","format-standard","has-post-thumbnail","hentry","category-kirsehir"],"_links":{"self":[{"href":"https:\/\/www.kirsehirses.com\/index.php\/wp-json\/wp\/v2\/posts\/1315","targetHints":{"allow":["GET"]}}],"collection":[{"href":"https:\/\/www.kirsehirses.com\/index.php\/wp-json\/wp\/v2\/posts"}],"about":[{"href":"https:\/\/www.kirsehirses.com\/index.php\/wp-json\/wp\/v2\/types\/post"}],"author":[{"embeddable":true,"href":"https:\/\/www.kirsehirses.com\/index.php\/wp-json\/wp\/v2\/users\/1"}],"replies":[{"embeddable":true,"href":"https:\/\/www.kirsehirses.com\/index.php\/wp-json\/wp\/v2\/comments?post=1315"}],"version-history":[{"count":1,"href":"https:\/\/www.kirsehirses.com\/index.php\/wp-json\/wp\/v2\/posts\/1315\/revisions"}],"predecessor-version":[{"id":1317,"href":"https:\/\/www.kirsehirses.com\/index.php\/wp-json\/wp\/v2\/posts\/1315\/revisions\/1317"}],"wp:featuredmedia":[{"embeddable":true,"href":"https:\/\/www.kirsehirses.com\/index.php\/wp-json\/wp\/v2\/media\/1316"}],"wp:attachment":[{"href":"https:\/\/www.kirsehirses.com\/index.php\/wp-json\/wp\/v2\/media?parent=1315"}],"wp:term":[{"taxonomy":"category","embeddable":true,"href":"https:\/\/www.kirsehirses.com\/index.php\/wp-json\/wp\/v2\/categories?post=1315"},{"taxonomy":"post_tag","embeddable":true,"href":"https:\/\/www.kirsehirses.com\/index.php\/wp-json\/wp\/v2\/tags?post=1315"}],"curies":[{"name":"wp","href":"https:\/\/api.w.org\/{rel}","templated":true}]}}