{"id":1318,"date":"2026-01-10T03:47:39","date_gmt":"2026-01-10T00:47:39","guid":{"rendered":"https:\/\/www.kirsehirses.com\/?p=1318"},"modified":"2026-01-10T03:47:39","modified_gmt":"2026-01-10T00:47:39","slug":"kirsehirde-sporculara-destek","status":"publish","type":"post","link":"https:\/\/www.kirsehirses.com\/index.php\/2026\/01\/10\/kirsehirde-sporculara-destek\/","title":{"rendered":"K\u0131r\u015fehir\u2019de Sporculara Destek"},"content":{"rendered":"<p><strong>K\u0131r\u015fehir\u2019de Sporculara Destek<\/strong><\/p>\n<p data-start=\"411\" data-end=\"714\">K\u0131r\u015fehir\u2019de spor altyap\u0131s\u0131n\u0131n desteklenmesine y\u00f6nelik \u00e7al\u0131\u015fmalar kapsam\u0131nda, spor kul\u00fcpleri ve okullara spor malzemesi da\u011f\u0131t\u0131m\u0131 yap\u0131ld\u0131. K\u0131r\u015fehir Spor Salonu\u2019nda d\u00fczenlenen programa, K\u0131r\u015fehir Valisi Murat Sefa Demiry\u00fcrek, K\u0131r\u015fehir Milletvekili Necmettin Erkan, il protokol\u00fc ve sporcu \u00f6\u011frenciler kat\u0131ld\u0131.<\/p>\n<p data-start=\"716\" data-end=\"1022\">Program kapsam\u0131nda, K\u0131r\u015fehir genelinde faaliyet g\u00f6steren spor kul\u00fcplerine ve okullara \u00e7e\u015fitli bran\u015flarda kullan\u0131lmak \u00fczere spor malzemeleri teslim edildi. Da\u011f\u0131t\u0131m\u0131 yap\u0131lan malzemelerin, gen\u00e7lerin sportif faaliyetlere kat\u0131l\u0131m\u0131n\u0131 art\u0131rmas\u0131 ve spor altyap\u0131s\u0131n\u0131n g\u00fc\u00e7lendirilmesine katk\u0131 sa\u011flamas\u0131 hedefleniyor.<\/p>\n<p data-start=\"1024\" data-end=\"1280\">Etkinlikte yap\u0131lan de\u011ferlendirmelerde, sporun gen\u00e7lerin fiziksel ve sosyal geli\u015fimindeki rol\u00fcne dikkat \u00e7ekildi. Spor faaliyetlerinin, disiplin, tak\u0131m \u00e7al\u0131\u015fmas\u0131 ve sa\u011fl\u0131kl\u0131 ya\u015fam al\u0131\u015fkanl\u0131klar\u0131n\u0131n kazand\u0131r\u0131lmas\u0131 a\u00e7\u0131s\u0131ndan \u00f6nemli bir unsur oldu\u011fu vurguland\u0131.<\/p>\n<p data-start=\"1282\" data-end=\"1515\">Yetkililer, gen\u00e7lerin sporla daha fazla bulu\u015fturulmas\u0131na y\u00f6nelik \u00e7al\u0131\u015fmalar\u0131n il genelinde s\u00fcrd\u00fcr\u00fcld\u00fc\u011f\u00fcn\u00fc belirtti. Bu kapsamda, okul sporlar\u0131 ve amat\u00f6r spor kul\u00fcplerinin desteklenmesine y\u00f6nelik projelerin devam edece\u011fi ifade edildi.<\/p>\n<p data-start=\"1517\" data-end=\"1759\">Program, spor malzemelerinin teslim edilmesinin ard\u0131ndan sona erdi. Da\u011f\u0131t\u0131m\u0131 yap\u0131lan ekipmanlar\u0131n, K\u0131r\u015fehir\u2019de y\u00fcr\u00fct\u00fclen sportif faaliyetlerde kullan\u0131laca\u011f\u0131 ve gen\u00e7lerin spor faaliyetlerine kat\u0131l\u0131m\u0131na katk\u0131 sa\u011flamas\u0131n\u0131n beklendi\u011fi bildirildi.<\/p>\n","protected":false},"excerpt":{"rendered":"<p>K\u0131r\u015fehir\u2019de Sporculara Destek K\u0131r\u015fehir\u2019de spor altyap\u0131s\u0131n\u0131n desteklenmesine y\u00f6nelik \u00e7al\u0131\u015fmalar kapsam\u0131nda, spor kul\u00fcpleri ve okullara spor malzemesi da\u011f\u0131t\u0131m\u0131 yap\u0131ld\u0131. K\u0131r\u015fehir Spor Salonu\u2019nda d\u00fczenlenen programa, K\u0131r\u015fehir Valisi Murat Sefa Demiry\u00fcrek, K\u0131r\u015fehir Milletvekili Necmettin Erkan, il protokol\u00fc ve sporcu \u00f6\u011frenciler kat\u0131ld\u0131. Program kapsam\u0131nda, K\u0131r\u015fehir genelinde faaliyet g\u00f6steren spor kul\u00fcplerine ve okullara \u00e7e\u015fitli bran\u015flarda kullan\u0131lmak \u00fczere spor malzemeleri teslim [&hellip;]<\/p>\n","protected":false},"author":1,"featured_media":1320,"comment_status":"open","ping_status":"open","sticky":false,"template":"","format":"standard","meta":{"footnotes":""},"categories":[4],"tags":[],"class_list":["post-1318","post","type-post","status-publish","format-standard","has-post-thumbnail","hentry","category-spor"],"_links":{"self":[{"href":"https:\/\/www.kirsehirses.com\/index.php\/wp-json\/wp\/v2\/posts\/1318","targetHints":{"allow":["GET"]}}],"collection":[{"href":"https:\/\/www.kirsehirses.com\/index.php\/wp-json\/wp\/v2\/posts"}],"about":[{"href":"https:\/\/www.kirsehirses.com\/index.php\/wp-json\/wp\/v2\/types\/post"}],"author":[{"embeddable":true,"href":"https:\/\/www.kirsehirses.com\/index.php\/wp-json\/wp\/v2\/users\/1"}],"replies":[{"embeddable":true,"href":"https:\/\/www.kirsehirses.com\/index.php\/wp-json\/wp\/v2\/comments?post=1318"}],"version-history":[{"count":1,"href":"https:\/\/www.kirsehirses.com\/index.php\/wp-json\/wp\/v2\/posts\/1318\/revisions"}],"predecessor-version":[{"id":1321,"href":"https:\/\/www.kirsehirses.com\/index.php\/wp-json\/wp\/v2\/posts\/1318\/revisions\/1321"}],"wp:featuredmedia":[{"embeddable":true,"href":"https:\/\/www.kirsehirses.com\/index.php\/wp-json\/wp\/v2\/media\/1320"}],"wp:attachment":[{"href":"https:\/\/www.kirsehirses.com\/index.php\/wp-json\/wp\/v2\/media?parent=1318"}],"wp:term":[{"taxonomy":"category","embeddable":true,"href":"https:\/\/www.kirsehirses.com\/index.php\/wp-json\/wp\/v2\/categories?post=1318"},{"taxonomy":"post_tag","embeddable":true,"href":"https:\/\/www.kirsehirses.com\/index.php\/wp-json\/wp\/v2\/tags?post=1318"}],"curies":[{"name":"wp","href":"https:\/\/api.w.org\/{rel}","templated":true}]}}