{"id":1326,"date":"2026-01-12T02:00:38","date_gmt":"2026-01-11T23:00:38","guid":{"rendered":"https:\/\/www.kirsehirses.com\/?p=1326"},"modified":"2026-01-12T02:00:38","modified_gmt":"2026-01-11T23:00:38","slug":"kirsehirin-yol-su-ve-altyapi-ihtiyaclari-il-ozel-idaresinde-yapilan-toplantida-ele-alindi","status":"publish","type":"post","link":"https:\/\/www.kirsehirses.com\/index.php\/2026\/01\/12\/kirsehirin-yol-su-ve-altyapi-ihtiyaclari-il-ozel-idaresinde-yapilan-toplantida-ele-alindi\/","title":{"rendered":"K\u0131r\u015fehir\u2019in Yol, Su ve Altyap\u0131 \u0130htiya\u00e7lar\u0131 \u0130l \u00d6zel \u0130daresi\u2019nde Yap\u0131lan Toplant\u0131da Ele Al\u0131nd\u0131"},"content":{"rendered":"<p><strong>K\u0131r\u015fehir\u2019in Yol, Su ve Altyap\u0131 \u0130htiya\u00e7lar\u0131 \u0130l \u00d6zel \u0130daresi\u2019nde Yap\u0131lan Toplant\u0131da Ele Al\u0131nd\u0131<\/strong><\/p>\n<p data-start=\"454\" data-end=\"744\">K\u0131r\u015fehir\u2019in ba\u015fta k\u00f6yler olmak \u00fczere yol, su ve altyap\u0131 ihtiya\u00e7lar\u0131, \u0130l \u00d6zel \u0130daresi\u2019nde d\u00fczenlenen toplant\u0131da de\u011ferlendirildi. Toplant\u0131ya AK Parti K\u0131r\u015fehir Milletvekili Necmettin Erkan, CHP K\u0131r\u015fehir Milletvekili Metin \u0130lhan, Vali Yard\u0131mc\u0131s\u0131 Yasin \u00d6zcan ve \u0130l Genel Meclisi \u00fcyeleri kat\u0131ld\u0131.<\/p>\n<p data-start=\"746\" data-end=\"1095\">Toplant\u0131da, K\u0131r\u015fehir genelinde \u00f6zellikle k\u0131rsal b\u00f6lgelerde ya\u015fanan altyap\u0131 sorunlar\u0131 ele al\u0131nd\u0131. Yol yap\u0131m ve bak\u0131m \u00e7al\u0131\u015fmalar\u0131, i\u00e7me suyu altyap\u0131s\u0131, kanalizasyon ve di\u011fer temel hizmetlere ili\u015fkin mevcut durum de\u011ferlendirildi. \u0130l genelinde tespit edilen ihtiya\u00e7lar\u0131n, planlama s\u00fcreciyle birlikte somut projelere d\u00f6n\u00fc\u015ft\u00fcr\u00fclmesi konusu g\u00fcndeme al\u0131nd\u0131.<\/p>\n<p data-start=\"1097\" data-end=\"1371\">Kat\u0131l\u0131mc\u0131lar, ilin \u00f6ncelikli sorunlar\u0131n\u0131n yaln\u0131zca tespit a\u015famas\u0131nda kalmamas\u0131, uygulamaya y\u00f6nelik kal\u0131c\u0131 \u00e7\u00f6z\u00fcmler \u00fcretilmesi gerekti\u011fi \u00fczerinde durdu. Bu kapsamda, ilgili kurumlar aras\u0131nda koordinasyonun sa\u011flanmas\u0131 ve s\u00fcrecin yak\u0131ndan takip edilmesi gerekti\u011fi ifade edildi.<\/p>\n<p data-start=\"1373\" data-end=\"1654\">Toplant\u0131da ayr\u0131ca, \u0130l \u00d6zel \u0130daresi\u2019nin mevcut imk\u00e2nlar\u0131, devam eden \u00e7al\u0131\u015fmalar ve planlanan yat\u0131r\u0131mlar hakk\u0131nda de\u011ferlendirmeler yap\u0131ld\u0131. K\u00f6ylerin temel altyap\u0131 ihtiya\u00e7lar\u0131n\u0131n kar\u015f\u0131lanmas\u0131na y\u00f6nelik projelerin \u00f6nceliklendirilmesi ve kaynaklar\u0131n etkin kullan\u0131m\u0131 konular\u0131 ele al\u0131nd\u0131.<\/p>\n<p data-start=\"1656\" data-end=\"1878\">G\u00f6r\u00fc\u015fmenin sonunda, K\u0131r\u015fehir\u2019in yol, su ve altyap\u0131 alan\u0131ndaki ihtiya\u00e7lar\u0131n\u0131n kar\u015f\u0131lanmas\u0131na y\u00f6nelik \u00e7al\u0131\u015fmalar\u0131n izlenece\u011fi ve s\u00fcrecin takip edilece\u011fi belirtildi. Toplant\u0131, kar\u015f\u0131l\u0131kl\u0131 de\u011ferlendirmelerin ard\u0131ndan sona erdi.<\/p>\n","protected":false},"excerpt":{"rendered":"<p>K\u0131r\u015fehir\u2019in Yol, Su ve Altyap\u0131 \u0130htiya\u00e7lar\u0131 \u0130l \u00d6zel \u0130daresi\u2019nde Yap\u0131lan Toplant\u0131da Ele Al\u0131nd\u0131 K\u0131r\u015fehir\u2019in ba\u015fta k\u00f6yler olmak \u00fczere yol, su ve altyap\u0131 ihtiya\u00e7lar\u0131, \u0130l \u00d6zel \u0130daresi\u2019nde d\u00fczenlenen toplant\u0131da de\u011ferlendirildi. Toplant\u0131ya AK Parti K\u0131r\u015fehir Milletvekili Necmettin Erkan, CHP K\u0131r\u015fehir Milletvekili Metin \u0130lhan, Vali Yard\u0131mc\u0131s\u0131 Yasin \u00d6zcan ve \u0130l Genel Meclisi \u00fcyeleri kat\u0131ld\u0131. Toplant\u0131da, K\u0131r\u015fehir genelinde \u00f6zellikle [&hellip;]<\/p>\n","protected":false},"author":1,"featured_media":1327,"comment_status":"open","ping_status":"open","sticky":false,"template":"","format":"standard","meta":{"footnotes":""},"categories":[8],"tags":[],"class_list":["post-1326","post","type-post","status-publish","format-standard","has-post-thumbnail","hentry","category-kirsehir"],"_links":{"self":[{"href":"https:\/\/www.kirsehirses.com\/index.php\/wp-json\/wp\/v2\/posts\/1326","targetHints":{"allow":["GET"]}}],"collection":[{"href":"https:\/\/www.kirsehirses.com\/index.php\/wp-json\/wp\/v2\/posts"}],"about":[{"href":"https:\/\/www.kirsehirses.com\/index.php\/wp-json\/wp\/v2\/types\/post"}],"author":[{"embeddable":true,"href":"https:\/\/www.kirsehirses.com\/index.php\/wp-json\/wp\/v2\/users\/1"}],"replies":[{"embeddable":true,"href":"https:\/\/www.kirsehirses.com\/index.php\/wp-json\/wp\/v2\/comments?post=1326"}],"version-history":[{"count":1,"href":"https:\/\/www.kirsehirses.com\/index.php\/wp-json\/wp\/v2\/posts\/1326\/revisions"}],"predecessor-version":[{"id":1328,"href":"https:\/\/www.kirsehirses.com\/index.php\/wp-json\/wp\/v2\/posts\/1326\/revisions\/1328"}],"wp:featuredmedia":[{"embeddable":true,"href":"https:\/\/www.kirsehirses.com\/index.php\/wp-json\/wp\/v2\/media\/1327"}],"wp:attachment":[{"href":"https:\/\/www.kirsehirses.com\/index.php\/wp-json\/wp\/v2\/media?parent=1326"}],"wp:term":[{"taxonomy":"category","embeddable":true,"href":"https:\/\/www.kirsehirses.com\/index.php\/wp-json\/wp\/v2\/categories?post=1326"},{"taxonomy":"post_tag","embeddable":true,"href":"https:\/\/www.kirsehirses.com\/index.php\/wp-json\/wp\/v2\/tags?post=1326"}],"curies":[{"name":"wp","href":"https:\/\/api.w.org\/{rel}","templated":true}]}}