{"id":1335,"date":"2026-01-12T02:15:59","date_gmt":"2026-01-11T23:15:59","guid":{"rendered":"https:\/\/www.kirsehirses.com\/?p=1335"},"modified":"2026-01-12T02:15:59","modified_gmt":"2026-01-11T23:15:59","slug":"trtnin-gonul-dagi-dizisinin-kirsehir-bolumu-izleyiciyle-bulustu","status":"publish","type":"post","link":"https:\/\/www.kirsehirses.com\/index.php\/2026\/01\/12\/trtnin-gonul-dagi-dizisinin-kirsehir-bolumu-izleyiciyle-bulustu\/","title":{"rendered":"TRT\u2019nin \u201cG\u00f6n\u00fcl Da\u011f\u0131\u201d Dizisinin K\u0131r\u015fehir B\u00f6l\u00fcm\u00fc \u0130zleyiciyle Bulu\u015ftu"},"content":{"rendered":"<p data-start=\"206\" data-end=\"276\"><strong data-start=\"206\" data-end=\"276\">TRT\u2019nin \u201cG\u00f6n\u00fcl Da\u011f\u0131\u201d Dizisinin K\u0131r\u015fehir B\u00f6l\u00fcm\u00fc \u0130zleyiciyle Bulu\u015ftu<\/strong><\/p>\n<p data-start=\"303\" data-end=\"538\">TRT ekranlar\u0131nda yay\u0131nlanan ve geni\u015f bir izleyici kitlesine sahip olan \u201cG\u00f6n\u00fcl Da\u011f\u0131\u201d dizisinin K\u0131r\u015fehir\u2019de \u00e7ekilen b\u00f6l\u00fcm\u00fc yay\u0131nland\u0131. Diziye ev sahipli\u011fi yapan K\u0131r\u015fehir, yay\u0131nlanan b\u00f6l\u00fcmde do\u011fal ve k\u00fclt\u00fcrel dokusuyla izleyiciye yans\u0131d\u0131.<\/p>\n<p data-start=\"540\" data-end=\"779\">Yay\u0131nlanan b\u00f6l\u00fcmde K\u0131r\u015fehir\u2019in farkl\u0131 noktalar\u0131na yer verilirken, kentin co\u011frafi yap\u0131s\u0131 ve g\u00fcnl\u00fck ya\u015fam\u0131na dair sahneler ekranlara ta\u015f\u0131nd\u0131. Dizinin hik\u00e2yesi i\u00e7erisinde K\u0131r\u015fehir\u2019e \u00f6zg\u00fc mek\u00e2nlar\u0131n kullan\u0131lmas\u0131, \u015fehrin tan\u0131t\u0131m\u0131na katk\u0131 sundu.<\/p>\n<p data-start=\"781\" data-end=\"1047\">Dizi ekibinin K\u0131r\u015fehir\u2019de ger\u00e7ekle\u015ftirdi\u011fi \u00e7ekimler s\u00fcresince, yerel unsurlar\u0131n senaryoya d\u00e2hil edildi\u011fi ve kentin atmosferinin korunmas\u0131na \u00f6zen g\u00f6sterildi\u011fi g\u00f6r\u00fcld\u00fc. Yay\u0131nlanan b\u00f6l\u00fcm, hem dizinin takip\u00e7ileri hem de K\u0131r\u015fehirli izleyiciler taraf\u0131ndan ilgiyle izlendi.<\/p>\n<p data-start=\"1049\" data-end=\"1293\">TRT yap\u0131m\u0131 \u201cG\u00f6n\u00fcl Da\u011f\u0131\u201d dizisi, Anadolu\u2019nun farkl\u0131 \u015fehir ve k\u00fclt\u00fcrel de\u011ferlerini konu alan b\u00f6l\u00fcmleriyle dikkat \u00e7ekerken, K\u0131r\u015fehir\u2019de \u00e7ekilen b\u00f6l\u00fcmle birlikte kentin televizyon arac\u0131l\u0131\u011f\u0131yla daha geni\u015f kitlelere tan\u0131t\u0131lmas\u0131na katk\u0131 sa\u011flam\u0131\u015f oldu.<\/p>\n<p data-start=\"1295\" data-end=\"1428\">Dizinin ilerleyen b\u00f6l\u00fcmlerinde farkl\u0131 \u015fehir ve mek\u00e2nlara yer verilip verilmeyece\u011fi ise izleyiciler taraf\u0131ndan merakla takip ediliyor.<\/p>\n","protected":false},"excerpt":{"rendered":"<p>TRT\u2019nin \u201cG\u00f6n\u00fcl Da\u011f\u0131\u201d Dizisinin K\u0131r\u015fehir B\u00f6l\u00fcm\u00fc \u0130zleyiciyle Bulu\u015ftu TRT ekranlar\u0131nda yay\u0131nlanan ve geni\u015f bir izleyici kitlesine sahip olan \u201cG\u00f6n\u00fcl Da\u011f\u0131\u201d dizisinin K\u0131r\u015fehir\u2019de \u00e7ekilen b\u00f6l\u00fcm\u00fc yay\u0131nland\u0131. Diziye ev sahipli\u011fi yapan K\u0131r\u015fehir, yay\u0131nlanan b\u00f6l\u00fcmde do\u011fal ve k\u00fclt\u00fcrel dokusuyla izleyiciye yans\u0131d\u0131. Yay\u0131nlanan b\u00f6l\u00fcmde K\u0131r\u015fehir\u2019in farkl\u0131 noktalar\u0131na yer verilirken, kentin co\u011frafi yap\u0131s\u0131 ve g\u00fcnl\u00fck ya\u015fam\u0131na dair sahneler ekranlara ta\u015f\u0131nd\u0131. [&hellip;]<\/p>\n","protected":false},"author":1,"featured_media":1336,"comment_status":"open","ping_status":"open","sticky":false,"template":"","format":"standard","meta":{"footnotes":""},"categories":[8],"tags":[],"class_list":["post-1335","post","type-post","status-publish","format-standard","has-post-thumbnail","hentry","category-kirsehir"],"_links":{"self":[{"href":"https:\/\/www.kirsehirses.com\/index.php\/wp-json\/wp\/v2\/posts\/1335","targetHints":{"allow":["GET"]}}],"collection":[{"href":"https:\/\/www.kirsehirses.com\/index.php\/wp-json\/wp\/v2\/posts"}],"about":[{"href":"https:\/\/www.kirsehirses.com\/index.php\/wp-json\/wp\/v2\/types\/post"}],"author":[{"embeddable":true,"href":"https:\/\/www.kirsehirses.com\/index.php\/wp-json\/wp\/v2\/users\/1"}],"replies":[{"embeddable":true,"href":"https:\/\/www.kirsehirses.com\/index.php\/wp-json\/wp\/v2\/comments?post=1335"}],"version-history":[{"count":1,"href":"https:\/\/www.kirsehirses.com\/index.php\/wp-json\/wp\/v2\/posts\/1335\/revisions"}],"predecessor-version":[{"id":1337,"href":"https:\/\/www.kirsehirses.com\/index.php\/wp-json\/wp\/v2\/posts\/1335\/revisions\/1337"}],"wp:featuredmedia":[{"embeddable":true,"href":"https:\/\/www.kirsehirses.com\/index.php\/wp-json\/wp\/v2\/media\/1336"}],"wp:attachment":[{"href":"https:\/\/www.kirsehirses.com\/index.php\/wp-json\/wp\/v2\/media?parent=1335"}],"wp:term":[{"taxonomy":"category","embeddable":true,"href":"https:\/\/www.kirsehirses.com\/index.php\/wp-json\/wp\/v2\/categories?post=1335"},{"taxonomy":"post_tag","embeddable":true,"href":"https:\/\/www.kirsehirses.com\/index.php\/wp-json\/wp\/v2\/tags?post=1335"}],"curies":[{"name":"wp","href":"https:\/\/api.w.org\/{rel}","templated":true}]}}