{"id":1338,"date":"2026-01-12T02:25:48","date_gmt":"2026-01-11T23:25:48","guid":{"rendered":"https:\/\/www.kirsehirses.com\/?p=1338"},"modified":"2026-01-12T02:25:48","modified_gmt":"2026-01-11T23:25:48","slug":"ahi-evran-universitesi-cacabey-yerleskesinde-yikim-ve-guclendirme-kapsamindaki-binalara-iliskin-projeler-degerlendirildi","status":"publish","type":"post","link":"https:\/\/www.kirsehirses.com\/index.php\/2026\/01\/12\/ahi-evran-universitesi-cacabey-yerleskesinde-yikim-ve-guclendirme-kapsamindaki-binalara-iliskin-projeler-degerlendirildi\/","title":{"rendered":"Ahi Evran \u00dcniversitesi Cacabey Yerle\u015fkesi\u2019nde Y\u0131k\u0131m ve G\u00fc\u00e7lendirme Kapsam\u0131ndaki Binalara \u0130li\u015fkin Projeler De\u011ferlendirildi"},"content":{"rendered":"<p><strong>Ahi Evran \u00dcniversitesi Cacabey Yerle\u015fkesi\u2019nde Y\u0131k\u0131m ve G\u00fc\u00e7lendirme Kapsam\u0131ndaki Binalara \u0130li\u015fkin Projeler De\u011ferlendirildi<\/strong><\/p>\n<p data-start=\"329\" data-end=\"666\">Ahi Evran \u00dcniversitesi Cacabey Yerle\u015fkesi\u2019nde y\u0131k\u0131m ve g\u00fc\u00e7lendirme kapsam\u0131na al\u0131nan binalara ili\u015fkin projeler, d\u00fczenlenen toplant\u0131da ele al\u0131nd\u0131. Toplant\u0131ya K\u0131r\u015fehir Valisi Murat Sefa Demiry\u00fcrek, AK Parti K\u0131r\u015fehir Milletvekili Necmettin Erkan, Ahi Evran \u00dcniversitesi Rekt\u00f6r\u00fc Mustafa Kas\u0131m Karahocagil ve ilgili kurum temsilcileri kat\u0131ld\u0131.<\/p>\n<p data-start=\"668\" data-end=\"963\">Toplant\u0131da, Cacabey Yerle\u015fkesi\u2019nde bulunan mevcut yap\u0131lar\u0131n durumu de\u011ferlendirilerek, y\u0131k\u0131m ve g\u00fc\u00e7lendirme kapsam\u0131nda planlanan projeler hakk\u0131nda bilgi payla\u015f\u0131ld\u0131. Yap\u0131lar\u0131n teknik durumu, uygulanmas\u0131 \u00f6ng\u00f6r\u00fclen \u00e7al\u0131\u015fmalar ve s\u00fcre\u00e7 planlamalar\u0131 toplant\u0131n\u0131n ana g\u00fcndem maddeleri aras\u0131nda yer ald\u0131.<\/p>\n<p data-start=\"965\" data-end=\"1295\">Ger\u00e7ekle\u015ftirilen de\u011ferlendirmelerde, yerle\u015fkenin fiziki altyap\u0131s\u0131n\u0131n iyile\u015ftirilmesine y\u00f6nelik haz\u0131rlanan projelerin, e\u011fitim ve \u00f6\u011fretim faaliyetlerinin daha g\u00fcvenli ve sa\u011fl\u0131kl\u0131 bir ortamda s\u00fcrd\u00fcr\u00fclebilmesi amac\u0131yla ele al\u0131nd\u0131\u011f\u0131 ifade edildi. \u00c7al\u0131\u015fmalar\u0131n, mevcut ihtiya\u00e7lar ve teknik raporlar do\u011frultusunda planland\u0131\u011f\u0131 belirtildi.<\/p>\n<p data-start=\"1297\" data-end=\"1655\">Vali Murat Sefa Demiry\u00fcrek, Milletvekili Necmettin Erkan ve Rekt\u00f6r Mustafa Kas\u0131m Karahocagil\u2019in kat\u0131l\u0131m\u0131yla yap\u0131lan g\u00f6r\u00fc\u015fmelerde, projelerin ilgili kurumlar aras\u0131ndaki koordinasyon i\u00e7erisinde y\u00fcr\u00fct\u00fclmesi ve s\u00fcrecin mevzuat \u00e7er\u00e7evesinde ilerletilmesi konular\u0131 ele al\u0131nd\u0131. Y\u0131k\u0131m ve g\u00fc\u00e7lendirme \u00e7al\u0131\u015fmalar\u0131na ili\u015fkin s\u00fcrecin yak\u0131ndan takip edilece\u011fi kaydedildi.<\/p>\n<p data-start=\"1657\" data-end=\"1723\">Toplant\u0131, projelere ili\u015fkin de\u011ferlendirmelerin ard\u0131ndan sona erdi.<\/p>\n","protected":false},"excerpt":{"rendered":"<p>Ahi Evran \u00dcniversitesi Cacabey Yerle\u015fkesi\u2019nde Y\u0131k\u0131m ve G\u00fc\u00e7lendirme Kapsam\u0131ndaki Binalara \u0130li\u015fkin Projeler De\u011ferlendirildi Ahi Evran \u00dcniversitesi Cacabey Yerle\u015fkesi\u2019nde y\u0131k\u0131m ve g\u00fc\u00e7lendirme kapsam\u0131na al\u0131nan binalara ili\u015fkin projeler, d\u00fczenlenen toplant\u0131da ele al\u0131nd\u0131. Toplant\u0131ya K\u0131r\u015fehir Valisi Murat Sefa Demiry\u00fcrek, AK Parti K\u0131r\u015fehir Milletvekili Necmettin Erkan, Ahi Evran \u00dcniversitesi Rekt\u00f6r\u00fc Mustafa Kas\u0131m Karahocagil ve ilgili kurum temsilcileri kat\u0131ld\u0131. Toplant\u0131da, [&hellip;]<\/p>\n","protected":false},"author":1,"featured_media":1339,"comment_status":"open","ping_status":"open","sticky":false,"template":"","format":"standard","meta":{"footnotes":""},"categories":[8],"tags":[],"class_list":["post-1338","post","type-post","status-publish","format-standard","has-post-thumbnail","hentry","category-kirsehir"],"_links":{"self":[{"href":"https:\/\/www.kirsehirses.com\/index.php\/wp-json\/wp\/v2\/posts\/1338","targetHints":{"allow":["GET"]}}],"collection":[{"href":"https:\/\/www.kirsehirses.com\/index.php\/wp-json\/wp\/v2\/posts"}],"about":[{"href":"https:\/\/www.kirsehirses.com\/index.php\/wp-json\/wp\/v2\/types\/post"}],"author":[{"embeddable":true,"href":"https:\/\/www.kirsehirses.com\/index.php\/wp-json\/wp\/v2\/users\/1"}],"replies":[{"embeddable":true,"href":"https:\/\/www.kirsehirses.com\/index.php\/wp-json\/wp\/v2\/comments?post=1338"}],"version-history":[{"count":1,"href":"https:\/\/www.kirsehirses.com\/index.php\/wp-json\/wp\/v2\/posts\/1338\/revisions"}],"predecessor-version":[{"id":1340,"href":"https:\/\/www.kirsehirses.com\/index.php\/wp-json\/wp\/v2\/posts\/1338\/revisions\/1340"}],"wp:featuredmedia":[{"embeddable":true,"href":"https:\/\/www.kirsehirses.com\/index.php\/wp-json\/wp\/v2\/media\/1339"}],"wp:attachment":[{"href":"https:\/\/www.kirsehirses.com\/index.php\/wp-json\/wp\/v2\/media?parent=1338"}],"wp:term":[{"taxonomy":"category","embeddable":true,"href":"https:\/\/www.kirsehirses.com\/index.php\/wp-json\/wp\/v2\/categories?post=1338"},{"taxonomy":"post_tag","embeddable":true,"href":"https:\/\/www.kirsehirses.com\/index.php\/wp-json\/wp\/v2\/tags?post=1338"}],"curies":[{"name":"wp","href":"https:\/\/api.w.org\/{rel}","templated":true}]}}