{"id":1344,"date":"2026-01-13T03:28:17","date_gmt":"2026-01-13T00:28:17","guid":{"rendered":"https:\/\/www.kirsehirses.com\/?p=1344"},"modified":"2026-01-13T03:28:17","modified_gmt":"2026-01-13T00:28:17","slug":"kirsehirde-aranan-iki-hukumlu-jandarma-ekiplerince-yakalanarak-cezaevine-teslim-edildi","status":"publish","type":"post","link":"https:\/\/www.kirsehirses.com\/index.php\/2026\/01\/13\/kirsehirde-aranan-iki-hukumlu-jandarma-ekiplerince-yakalanarak-cezaevine-teslim-edildi\/","title":{"rendered":"K\u0131r\u015fehir\u2019de Aranan \u0130ki H\u00fck\u00fcml\u00fc Jandarma Ekiplerince Yakalanarak Cezaevine Teslim Edildi"},"content":{"rendered":"<p><strong>K\u0131r\u015fehir\u2019de Aranan \u0130ki H\u00fck\u00fcml\u00fc Jandarma Ekiplerince Yakalanarak Cezaevine Teslim Edildi<\/strong><\/p>\n<p data-start=\"421\" data-end=\"644\">K\u0131r\u015fehir \u0130l Jandarma Komutanl\u0131\u011f\u0131 koordinesinde, aranan \u015fah\u0131slar\u0131n yakalanmas\u0131na y\u00f6nelik y\u00fcr\u00fct\u00fclen \u00e7al\u0131\u015fmalar kapsam\u0131nda, haklar\u0131nda kesinle\u015fmi\u015f hapis cezas\u0131 bulunan iki ki\u015fi yakalanarak ceza infaz kurumlar\u0131na teslim edildi.<\/p>\n<p data-start=\"646\" data-end=\"959\">\u00c7i\u00e7ekda\u011f\u0131 \u0130l\u00e7e Jandarma Komutanl\u0131\u011f\u0131 unsurlar\u0131nca y\u00fcr\u00fct\u00fclen \u00e7al\u0131\u015fmalar kapsam\u0131nda, M.A. isimli \u015fahs\u0131n 1 y\u0131l 3 ay hapis cezas\u0131 ile arand\u0131\u011f\u0131 tespit edildi. Yap\u0131lan operasyon sonucunda yakalanan M.A., K\u0131r\u015fehir Adliyesi\u2019nde tamamlanan adli i\u015flemlerinin ard\u0131ndan K\u0131r\u015fehir 1 Nolu A\u00e7\u0131k Ceza \u0130nfaz Kurumu\u2019na teslim edildi.<\/p>\n<p data-start=\"961\" data-end=\"1354\">\u00d6te yandan, K\u0131r\u015fehir \u0130l Jandarma Komutanl\u0131\u011f\u0131 Jandarma Su\u00e7 Ara\u015ft\u0131rma Timi (JASAT) dedektifleri ile Mucur \u0130l\u00e7e Jandarma Komutanl\u0131\u011f\u0131 unsurlar\u0131nca y\u00fcr\u00fct\u00fclen \u00e7al\u0131\u015fmalar kapsam\u0131nda ise H.S. isimli \u015fahs\u0131n 3 y\u0131l 9 ay kesinle\u015fmi\u015f hapis cezas\u0131 ile arand\u0131\u011f\u0131 belirlendi. Yakalanan H.S., K\u0131r\u015fehir Adliyesi\u2019ndeki i\u015flemlerinin tamamlanmas\u0131n\u0131n ard\u0131ndan K\u0131r\u015fehir E Tipi Kapal\u0131 Ceza \u0130nfaz Kurumu\u2019na sevk edildi.<\/p>\n<p data-start=\"1356\" data-end=\"1614\">Yetkililer, kamu d\u00fczeninin sa\u011flanmas\u0131 ve aranan \u015fah\u0131slar\u0131n yakalanmas\u0131na y\u00f6nelik \u00e7al\u0131\u015fmalar\u0131n il genelinde kararl\u0131l\u0131kla s\u00fcrd\u00fcr\u00fcld\u00fc\u011f\u00fcn\u00fc bildirdi. Jandarma birimlerinin, adli makamlarla koordinasyon i\u00e7erisinde y\u00fcr\u00fctt\u00fc\u011f\u00fc \u00e7al\u0131\u015fmalar\u0131n devam edece\u011fi ifade edildi.<\/p>\n","protected":false},"excerpt":{"rendered":"<p>K\u0131r\u015fehir\u2019de Aranan \u0130ki H\u00fck\u00fcml\u00fc Jandarma Ekiplerince Yakalanarak Cezaevine Teslim Edildi K\u0131r\u015fehir \u0130l Jandarma Komutanl\u0131\u011f\u0131 koordinesinde, aranan \u015fah\u0131slar\u0131n yakalanmas\u0131na y\u00f6nelik y\u00fcr\u00fct\u00fclen \u00e7al\u0131\u015fmalar kapsam\u0131nda, haklar\u0131nda kesinle\u015fmi\u015f hapis cezas\u0131 bulunan iki ki\u015fi yakalanarak ceza infaz kurumlar\u0131na teslim edildi. \u00c7i\u00e7ekda\u011f\u0131 \u0130l\u00e7e Jandarma Komutanl\u0131\u011f\u0131 unsurlar\u0131nca y\u00fcr\u00fct\u00fclen \u00e7al\u0131\u015fmalar kapsam\u0131nda, M.A. isimli \u015fahs\u0131n 1 y\u0131l 3 ay hapis cezas\u0131 ile arand\u0131\u011f\u0131 tespit [&hellip;]<\/p>\n","protected":false},"author":1,"featured_media":1345,"comment_status":"open","ping_status":"open","sticky":false,"template":"","format":"standard","meta":{"footnotes":""},"categories":[8],"tags":[],"class_list":["post-1344","post","type-post","status-publish","format-standard","has-post-thumbnail","hentry","category-kirsehir"],"_links":{"self":[{"href":"https:\/\/www.kirsehirses.com\/index.php\/wp-json\/wp\/v2\/posts\/1344","targetHints":{"allow":["GET"]}}],"collection":[{"href":"https:\/\/www.kirsehirses.com\/index.php\/wp-json\/wp\/v2\/posts"}],"about":[{"href":"https:\/\/www.kirsehirses.com\/index.php\/wp-json\/wp\/v2\/types\/post"}],"author":[{"embeddable":true,"href":"https:\/\/www.kirsehirses.com\/index.php\/wp-json\/wp\/v2\/users\/1"}],"replies":[{"embeddable":true,"href":"https:\/\/www.kirsehirses.com\/index.php\/wp-json\/wp\/v2\/comments?post=1344"}],"version-history":[{"count":1,"href":"https:\/\/www.kirsehirses.com\/index.php\/wp-json\/wp\/v2\/posts\/1344\/revisions"}],"predecessor-version":[{"id":1346,"href":"https:\/\/www.kirsehirses.com\/index.php\/wp-json\/wp\/v2\/posts\/1344\/revisions\/1346"}],"wp:featuredmedia":[{"embeddable":true,"href":"https:\/\/www.kirsehirses.com\/index.php\/wp-json\/wp\/v2\/media\/1345"}],"wp:attachment":[{"href":"https:\/\/www.kirsehirses.com\/index.php\/wp-json\/wp\/v2\/media?parent=1344"}],"wp:term":[{"taxonomy":"category","embeddable":true,"href":"https:\/\/www.kirsehirses.com\/index.php\/wp-json\/wp\/v2\/categories?post=1344"},{"taxonomy":"post_tag","embeddable":true,"href":"https:\/\/www.kirsehirses.com\/index.php\/wp-json\/wp\/v2\/tags?post=1344"}],"curies":[{"name":"wp","href":"https:\/\/api.w.org\/{rel}","templated":true}]}}