{"id":1347,"date":"2026-01-13T03:30:20","date_gmt":"2026-01-13T00:30:20","guid":{"rendered":"https:\/\/www.kirsehirses.com\/?p=1347"},"modified":"2026-01-13T03:30:20","modified_gmt":"2026-01-13T00:30:20","slug":"ahi-evran-universitesi-rektoru-karahocagil-cicekdagi-meslek-yuksekokulunda-incelemelerde-bulundu","status":"publish","type":"post","link":"https:\/\/www.kirsehirses.com\/index.php\/2026\/01\/13\/ahi-evran-universitesi-rektoru-karahocagil-cicekdagi-meslek-yuksekokulunda-incelemelerde-bulundu\/","title":{"rendered":"Ahi Evran \u00dcniversitesi Rekt\u00f6r\u00fc Karahocagil, \u00c7i\u00e7ekda\u011f\u0131 Meslek Y\u00fcksekokulu\u2019nda \u0130ncelemelerde Bulundu"},"content":{"rendered":"<p><strong>Ahi Evran \u00dcniversitesi Rekt\u00f6r\u00fc Karahocagil, \u00c7i\u00e7ekda\u011f\u0131 Meslek Y\u00fcksekokulu\u2019nda \u0130ncelemelerde Bulundu<\/strong><\/p>\n<p data-start=\"375\" data-end=\"678\">K\u0131r\u015fehir Ahi Evran \u00dcniversitesi Rekt\u00f6r\u00fc Prof. Dr. Mustafa Kas\u0131m Karahocagil, \u00c7i\u00e7ekda\u011f\u0131 Meslek Y\u00fcksekokulu\u2019nu (MYO) ziyaret ederek akademik ve idari personelle bir araya geldi. 8 Ocak 2026 tarihinde ger\u00e7ekle\u015ftirilen ziyaret kapsam\u0131nda, y\u00fcksekokulda y\u00fcr\u00fct\u00fclen akademik ve idari \u00e7al\u0131\u015fmalar de\u011ferlendirildi.<\/p>\n<p data-start=\"680\" data-end=\"989\">Ziyaret s\u0131ras\u0131nda Rekt\u00f6r Karahocagil\u2019e, \u00c7i\u00e7ekda\u011f\u0131 MYO\u2019nun son d\u00f6nemde y\u00fcr\u00fctt\u00fc\u011f\u00fc T\u00dcB\u0130TAK projeleri, akreditasyon s\u00fcrecinde kaydedilen geli\u015fmeler ve akademik performansa ili\u015fkin bilgiler sunuldu. Yap\u0131lan de\u011ferlendirmelerde, y\u00fcksekokulun akademik ve bilimsel faaliyetler a\u00e7\u0131s\u0131ndan g\u00f6sterdi\u011fi ilerleme ele al\u0131nd\u0131.<\/p>\n<p data-start=\"991\" data-end=\"1316\">\u00c7i\u00e7ekda\u011f\u0131 MYO M\u00fcd\u00fcr\u00fc Do\u00e7. Dr. Ramazan Yaz\u0131c\u0131, g\u00f6r\u00fc\u015fmede y\u00fcksekokulun mevcut durumu ve gelecek vizyonuna ili\u015fkin de\u011ferlendirmelerde bulunarak, y\u00fcr\u00fct\u00fclen akademik ve bilimsel \u00e7al\u0131\u015fmalar hakk\u0131nda Rekt\u00f6r Karahocagil\u2019e bilgi verdi. Kurumun e\u011fitim-\u00f6\u011fretim faaliyetleri ile kalite odakl\u0131 \u00e7al\u0131\u015fmalar\u0131 toplant\u0131n\u0131n g\u00fcndeminde yer ald\u0131.<\/p>\n<p data-start=\"1318\" data-end=\"1682\">Rekt\u00f6r Prof. Dr. Mustafa Kas\u0131m Karahocagil, meslek y\u00fcksekokullar\u0131n\u0131n \u00fcniversitelerin b\u00f6lgesel kalk\u0131nma misyonu a\u00e7\u0131s\u0131ndan \u00f6nemli bir rol \u00fcstlendi\u011fini belirterek, \u00c7i\u00e7ekda\u011f\u0131 MYO\u2019da \u00f6\u011frenci odakl\u0131 e\u011fitim anlay\u0131\u015f\u0131 ile ara\u015ft\u0131rma ve geli\u015ftirme faaliyetlerinin s\u00fcrd\u00fcr\u00fclmesinin \u00f6nemine dikkat \u00e7ekti. Ayr\u0131ca, kurum k\u00fclt\u00fcr\u00fcn\u00fcn akademik ba\u015far\u0131 \u00fczerindeki etkisine vurgu yapt\u0131.<\/p>\n<p data-start=\"1684\" data-end=\"1928\">Toplant\u0131n\u0131n ard\u0131ndan Rekt\u00f6r Karahocagil, \u00c7i\u00e7ekda\u011f\u0131 MYO b\u00fcnyesindeki k\u00fct\u00fcphane, derslikler, laboratuvarlar ve sosyal alanlarda incelemelerde bulundu. \u0130ncelemelerde, \u00f6\u011frencilere sunulan fiziki imk\u00e2nlar ve e\u011fitim ortamlar\u0131 yerinde de\u011ferlendirildi.<\/p>\n<p data-start=\"1930\" data-end=\"1980\">Ziyaret, yap\u0131lan incelemelerin ard\u0131ndan sona erdi.<\/p>\n","protected":false},"excerpt":{"rendered":"<p>Ahi Evran \u00dcniversitesi Rekt\u00f6r\u00fc Karahocagil, \u00c7i\u00e7ekda\u011f\u0131 Meslek Y\u00fcksekokulu\u2019nda \u0130ncelemelerde Bulundu K\u0131r\u015fehir Ahi Evran \u00dcniversitesi Rekt\u00f6r\u00fc Prof. Dr. Mustafa Kas\u0131m Karahocagil, \u00c7i\u00e7ekda\u011f\u0131 Meslek Y\u00fcksekokulu\u2019nu (MYO) ziyaret ederek akademik ve idari personelle bir araya geldi. 8 Ocak 2026 tarihinde ger\u00e7ekle\u015ftirilen ziyaret kapsam\u0131nda, y\u00fcksekokulda y\u00fcr\u00fct\u00fclen akademik ve idari \u00e7al\u0131\u015fmalar de\u011ferlendirildi. Ziyaret s\u0131ras\u0131nda Rekt\u00f6r Karahocagil\u2019e, \u00c7i\u00e7ekda\u011f\u0131 MYO\u2019nun son d\u00f6nemde [&hellip;]<\/p>\n","protected":false},"author":1,"featured_media":1348,"comment_status":"open","ping_status":"open","sticky":false,"template":"","format":"standard","meta":{"footnotes":""},"categories":[10,8],"tags":[],"class_list":["post-1347","post","type-post","status-publish","format-standard","has-post-thumbnail","hentry","category-egitim","category-kirsehir"],"_links":{"self":[{"href":"https:\/\/www.kirsehirses.com\/index.php\/wp-json\/wp\/v2\/posts\/1347","targetHints":{"allow":["GET"]}}],"collection":[{"href":"https:\/\/www.kirsehirses.com\/index.php\/wp-json\/wp\/v2\/posts"}],"about":[{"href":"https:\/\/www.kirsehirses.com\/index.php\/wp-json\/wp\/v2\/types\/post"}],"author":[{"embeddable":true,"href":"https:\/\/www.kirsehirses.com\/index.php\/wp-json\/wp\/v2\/users\/1"}],"replies":[{"embeddable":true,"href":"https:\/\/www.kirsehirses.com\/index.php\/wp-json\/wp\/v2\/comments?post=1347"}],"version-history":[{"count":1,"href":"https:\/\/www.kirsehirses.com\/index.php\/wp-json\/wp\/v2\/posts\/1347\/revisions"}],"predecessor-version":[{"id":1349,"href":"https:\/\/www.kirsehirses.com\/index.php\/wp-json\/wp\/v2\/posts\/1347\/revisions\/1349"}],"wp:featuredmedia":[{"embeddable":true,"href":"https:\/\/www.kirsehirses.com\/index.php\/wp-json\/wp\/v2\/media\/1348"}],"wp:attachment":[{"href":"https:\/\/www.kirsehirses.com\/index.php\/wp-json\/wp\/v2\/media?parent=1347"}],"wp:term":[{"taxonomy":"category","embeddable":true,"href":"https:\/\/www.kirsehirses.com\/index.php\/wp-json\/wp\/v2\/categories?post=1347"},{"taxonomy":"post_tag","embeddable":true,"href":"https:\/\/www.kirsehirses.com\/index.php\/wp-json\/wp\/v2\/tags?post=1347"}],"curies":[{"name":"wp","href":"https:\/\/api.w.org\/{rel}","templated":true}]}}