{"id":1350,"date":"2026-01-13T03:32:37","date_gmt":"2026-01-13T00:32:37","guid":{"rendered":"https:\/\/www.kirsehirses.com\/?p=1350"},"modified":"2026-01-13T03:32:37","modified_gmt":"2026-01-13T00:32:37","slug":"ahi-evran-universitesinde-turkiyede-zirai-ogretimin-180-yil-donumu-etkinlikle-kutlandi","status":"publish","type":"post","link":"https:\/\/www.kirsehirses.com\/index.php\/2026\/01\/13\/ahi-evran-universitesinde-turkiyede-zirai-ogretimin-180-yil-donumu-etkinlikle-kutlandi\/","title":{"rendered":"Ahi Evran \u00dcniversitesi\u2019nde T\u00fcrkiye\u2019de Zira\u00ee \u00d6\u011fretimin 180. Y\u0131l D\u00f6n\u00fcm\u00fc Etkinlikle Kutland\u0131"},"content":{"rendered":"<p data-start=\"384\" data-end=\"668\"><strong>Ahi Evran \u00dcniversitesi\u2019nde T\u00fcrkiye\u2019de Zira\u00ee \u00d6\u011fretimin 180. Y\u0131l D\u00f6n\u00fcm\u00fc Etkinlikle Kutland\u0131<\/strong><\/p>\n<p data-start=\"384\" data-end=\"668\">Ahi Evran \u00dcniversitesi Ziraat Fak\u00fcltesi taraf\u0131ndan, \u00fcniversitenin kurulu\u015funun 20. y\u0131l\u0131 kapsam\u0131nda ve T\u00fcrkiye\u2019de zira\u00ee \u00f6\u011fretimin 180. y\u0131l d\u00f6n\u00fcm\u00fc dolay\u0131s\u0131yla bir etkinlik d\u00fczenlendi. Program, 12 Ocak 2026 tarihinde Fen Edebiyat Fak\u00fcltesi Ahi Evran Konferans Salonu\u2019nda ger\u00e7ekle\u015ftirildi.<\/p>\n<p data-start=\"670\" data-end=\"1113\">Etkinli\u011fe; T.C. Cumhurba\u015fkanl\u0131\u011f\u0131 Tar\u0131m ve G\u0131da Politikalar\u0131 Kurulu \u00dcyesi Prof. Dr. Aykut G\u00fcl, Ahi Evran \u00dcniversitesi Rekt\u00f6r\u00fc Prof. Dr. Mustafa Kas\u0131m Karahocagil, K\u0131r\u015fehir Vali Yard\u0131mc\u0131s\u0131 Alper Balc\u0131, Rekt\u00f6r Yard\u0131mc\u0131s\u0131 Prof. Dr. H\u00fcseyin \u015eim\u015fek, Ziraat Fak\u00fcltesi Dekan\u0131 Prof. Dr. Selahattin \u00c7\u0131nar, K\u0131r\u015fehir \u0130l Tar\u0131m ve Orman M\u00fcd\u00fcr\u00fc B\u00fclent Zafer Ta\u015f, K\u0131r\u015fehir Ziraat Odas\u0131 Ba\u015fkan\u0131 Mevl\u00fct Toprak, akademik ve idari personel ile \u00f6\u011frenciler kat\u0131ld\u0131.<\/p>\n<p data-start=\"1115\" data-end=\"1547\">Program\u0131n a\u00e7\u0131l\u0131\u015f konu\u015fmas\u0131n\u0131 yapan Ziraat Fak\u00fcltesi Dekan\u0131 Prof. Dr. Selahattin \u00c7\u0131nar, tar\u0131m\u0131n g\u00fcn\u00fcm\u00fczde yaln\u0131zca bir \u00fcretim alan\u0131 de\u011fil, stratejik bir alan h\u00e2line geldi\u011fine dikkat \u00e7ekti. Zira\u00ee \u00f6\u011fretimde nitelik, uygulama ve toplumsal ihtiya\u00e7lara uyumun \u00f6nemine vurgu yapan \u00c7\u0131nar, iklim de\u011fi\u015fikli\u011fi, su kaynaklar\u0131n\u0131n azalmas\u0131 ve g\u0131da g\u00fcvencesi gibi k\u00fcresel sorunlar\u0131n tar\u0131m e\u011fitiminin misyonunu yeniden \u015fekillendirdi\u011fini ifade etti.<\/p>\n<p data-start=\"1549\" data-end=\"1889\">Ard\u0131ndan konu\u015fan K\u0131r\u015fehir Ziraat Odas\u0131 Ba\u015fkan\u0131 Mevl\u00fct Toprak, tar\u0131msal \u00fcretimin bir \u00fclkenin gelece\u011fi ve ba\u011f\u0131ms\u0131zl\u0131\u011f\u0131yla do\u011frudan ili\u015fkili oldu\u011funu belirtti. Tar\u0131mda s\u00fcrd\u00fcr\u00fclebilirli\u011fin \u00fcniversite\u2013saha i\u015f birli\u011fiyle m\u00fcmk\u00fcn olabilece\u011fini vurgulayan Toprak, gen\u00e7leri tar\u0131m\u0131 gelece\u011fin meslek alanlar\u0131ndan biri olarak de\u011ferlendirmeye davet etti.<\/p>\n<p data-start=\"1891\" data-end=\"2226\">K\u0131r\u015fehir \u0130l Tar\u0131m ve Orman M\u00fcd\u00fcr\u00fc B\u00fclent Zafer Ta\u015f ise tar\u0131m \u00f6\u011fretiminin 180. y\u0131l\u0131n\u0131n, bilginin toprakla bulu\u015ftu\u011fu \u00f6nemli bir d\u00f6n\u00fcm noktas\u0131n\u0131 temsil etti\u011fini ifade etti. T\u00fcrkiye\u2019nin tar\u0131msal \u00fcretim g\u00fcc\u00fcne dikkat \u00e7eken Ta\u015f, bu ba\u015far\u0131n\u0131n ziraat m\u00fchendisleri, akademisyenler ve \u00fcreticilerin ortak \u00e7al\u0131\u015fmalar\u0131yla sa\u011fland\u0131\u011f\u0131n\u0131 dile getirdi.<\/p>\n<p data-start=\"2228\" data-end=\"2622\">Programda konu\u015fan Ahi Evran \u00dcniversitesi Rekt\u00f6r\u00fc Prof. Dr. Mustafa Kas\u0131m Karahocagil, tar\u0131m\u0131n yaln\u0131zca bir \u00fcretim faaliyeti de\u011fil, insanl\u0131k tarihini \u015fekillendiren temel alanlardan biri oldu\u011funu belirtti. G\u00fcn\u00fcm\u00fczde tar\u0131m\u0131n stratejik \u00f6neminin daha da artt\u0131\u011f\u0131n\u0131 ifade eden Karahocagil, \u00fcniversitenin Ziraat Fak\u00fcltesinin b\u00f6lgesel kalk\u0131nmaya y\u00f6n veren \u00f6nemli bir merkez konumunda oldu\u011funu vurgulad\u0131.<\/p>\n<p data-start=\"2624\" data-end=\"3014\">A\u00e7\u0131l\u0131\u015f konu\u015fmalar\u0131n\u0131n ard\u0131ndan davetli konu\u015fmac\u0131 olarak programa kat\u0131lan T.C. Cumhurba\u015fkanl\u0131\u011f\u0131 Tar\u0131m ve G\u0131da Politikalar\u0131 Kurulu \u00dcyesi Prof. Dr. Aykut G\u00fcl, \u201cG\u0131da G\u00fcvencesi ve Tar\u0131mda \u00d6rg\u00fctl\u00fc Gelecek\u201d ba\u015fl\u0131kl\u0131 sunumunu ger\u00e7ekle\u015ftirdi. G\u0131da g\u00fcvenli\u011finin g\u00fcn\u00fcm\u00fczde stratejik bir unsur h\u00e2line geldi\u011fini belirten G\u00fcl, tar\u0131m\u0131n uluslararas\u0131 ili\u015fkilerde de \u00f6nemli bir rol \u00fcstlendi\u011fine dikkat \u00e7ekti.<\/p>\n<p data-start=\"3016\" data-end=\"3308\">Program, Prof. Dr. Aykut G\u00fcl\u2019e K\u0131r\u015fehir Vali Yard\u0131mc\u0131s\u0131 Alper Balc\u0131 taraf\u0131ndan hediye takdim edilmesiyle devam etti. Etkinlik kapsam\u0131nda, Ne\u015fet Erta\u015f G\u00fczel Sanatlar Fak\u00fcltesi akademisyenleri taraf\u0131ndan ger\u00e7ekle\u015ftirilen m\u00fczik dinletisine katk\u0131 sunan akademisyenlere te\u015fekk\u00fcr belgeleri verildi.<\/p>\n<p data-start=\"3310\" data-end=\"3856\">Ayr\u0131ca, 2025 E\u011fitim-\u00d6\u011fretim Y\u0131l\u0131 i\u00e7erisinde unvan de\u011fi\u015fikli\u011fi ya\u015fayan ve \u00fcniversiteye yeni kat\u0131lan akademisyenlere berat belgeleri takdim edildi. Ulusal ve uluslararas\u0131 bilimsel \u00e7al\u0131\u015fmalar\u0131yla \u00fcniversitenin akademik ba\u015far\u0131s\u0131na katk\u0131 sunan akademisyenler ile T\u00dcB\u0130TAK 2209 \u00d6\u011frenci Projeleri kapsam\u0131nda proje haz\u0131rlayan \u00f6\u011frenciler ve dan\u0131\u015fman \u00f6\u011fretim \u00fcyeleri de te\u015fekk\u00fcr belgeleriyle \u00f6d\u00fcllendirildi. \u201cG\u0131da G\u00fcvenli\u011finin ve S\u00fcrd\u00fcr\u00fclebilir Gelece\u011fin Anahtar\u0131: Ziraat M\u00fchendisli\u011fi\u201d konulu makale yar\u0131\u015fmas\u0131nda dereceye giren \u00f6\u011frencilere \u00f6d\u00fclleri verildi.<\/p>\n<p data-start=\"3858\" data-end=\"4280\">Etkinlik sonras\u0131 Prof. Dr. Aykut G\u00fcl, Ahi Evran \u00dcniversitesi Rekt\u00f6r\u00fc Prof. Dr. Mustafa Kas\u0131m Karahocagil\u2019i makam\u0131nda ziyaret etti. G\u00f6r\u00fc\u015fmeye Rekt\u00f6r Yard\u0131mc\u0131lar\u0131 Prof. Dr. H\u00fcseyin \u015eim\u015fek ve Prof. Dr. Ali G\u00fcne\u015f, Genel Sekreter Dr. \u00d6\u011fr. \u00dcyesi H\u00fcseyin \u0130lter ve Ziraat Fak\u00fcltesi Dekan\u0131 Prof. Dr. Selahattin \u00c7\u0131nar da kat\u0131ld\u0131. Ziyarette, \u00fclkede ve \u00fcniversitelerde y\u00fcr\u00fct\u00fclen zira\u00ee \u00e7al\u0131\u015fmalar hakk\u0131nda de\u011ferlendirmelerde bulunuldu.<\/p>\n","protected":false},"excerpt":{"rendered":"<p>Ahi Evran \u00dcniversitesi\u2019nde T\u00fcrkiye\u2019de Zira\u00ee \u00d6\u011fretimin 180. Y\u0131l D\u00f6n\u00fcm\u00fc Etkinlikle Kutland\u0131 Ahi Evran \u00dcniversitesi Ziraat Fak\u00fcltesi taraf\u0131ndan, \u00fcniversitenin kurulu\u015funun 20. y\u0131l\u0131 kapsam\u0131nda ve T\u00fcrkiye\u2019de zira\u00ee \u00f6\u011fretimin 180. y\u0131l d\u00f6n\u00fcm\u00fc dolay\u0131s\u0131yla bir etkinlik d\u00fczenlendi. Program, 12 Ocak 2026 tarihinde Fen Edebiyat Fak\u00fcltesi Ahi Evran Konferans Salonu\u2019nda ger\u00e7ekle\u015ftirildi. Etkinli\u011fe; T.C. Cumhurba\u015fkanl\u0131\u011f\u0131 Tar\u0131m ve G\u0131da Politikalar\u0131 Kurulu \u00dcyesi [&hellip;]<\/p>\n","protected":false},"author":1,"featured_media":1351,"comment_status":"open","ping_status":"open","sticky":false,"template":"","format":"standard","meta":{"footnotes":""},"categories":[10,8],"tags":[],"class_list":["post-1350","post","type-post","status-publish","format-standard","has-post-thumbnail","hentry","category-egitim","category-kirsehir"],"_links":{"self":[{"href":"https:\/\/www.kirsehirses.com\/index.php\/wp-json\/wp\/v2\/posts\/1350","targetHints":{"allow":["GET"]}}],"collection":[{"href":"https:\/\/www.kirsehirses.com\/index.php\/wp-json\/wp\/v2\/posts"}],"about":[{"href":"https:\/\/www.kirsehirses.com\/index.php\/wp-json\/wp\/v2\/types\/post"}],"author":[{"embeddable":true,"href":"https:\/\/www.kirsehirses.com\/index.php\/wp-json\/wp\/v2\/users\/1"}],"replies":[{"embeddable":true,"href":"https:\/\/www.kirsehirses.com\/index.php\/wp-json\/wp\/v2\/comments?post=1350"}],"version-history":[{"count":1,"href":"https:\/\/www.kirsehirses.com\/index.php\/wp-json\/wp\/v2\/posts\/1350\/revisions"}],"predecessor-version":[{"id":1352,"href":"https:\/\/www.kirsehirses.com\/index.php\/wp-json\/wp\/v2\/posts\/1350\/revisions\/1352"}],"wp:featuredmedia":[{"embeddable":true,"href":"https:\/\/www.kirsehirses.com\/index.php\/wp-json\/wp\/v2\/media\/1351"}],"wp:attachment":[{"href":"https:\/\/www.kirsehirses.com\/index.php\/wp-json\/wp\/v2\/media?parent=1350"}],"wp:term":[{"taxonomy":"category","embeddable":true,"href":"https:\/\/www.kirsehirses.com\/index.php\/wp-json\/wp\/v2\/categories?post=1350"},{"taxonomy":"post_tag","embeddable":true,"href":"https:\/\/www.kirsehirses.com\/index.php\/wp-json\/wp\/v2\/tags?post=1350"}],"curies":[{"name":"wp","href":"https:\/\/api.w.org\/{rel}","templated":true}]}}