{"id":1353,"date":"2026-01-13T03:36:38","date_gmt":"2026-01-13T00:36:38","guid":{"rendered":"https:\/\/www.kirsehirses.com\/?p=1353"},"modified":"2026-01-13T03:36:38","modified_gmt":"2026-01-13T00:36:38","slug":"il-koordinasyon-kurulu-2026-yili-1-toplantisi-gerceklestirildi","status":"publish","type":"post","link":"https:\/\/www.kirsehirses.com\/index.php\/2026\/01\/13\/il-koordinasyon-kurulu-2026-yili-1-toplantisi-gerceklestirildi\/","title":{"rendered":"\u0130l Koordinasyon Kurulu 2026 Y\u0131l\u0131 1. Toplant\u0131s\u0131 Ger\u00e7ekle\u015ftirildi"},"content":{"rendered":"<p data-start=\"115\" data-end=\"182\"><strong data-start=\"115\" data-end=\"182\">\u0130l Koordinasyon Kurulu 2026 Y\u0131l\u0131 1. Toplant\u0131s\u0131 Ger\u00e7ekle\u015ftirildi<\/strong><\/p>\n<p data-start=\"184\" data-end=\"458\">\u0130l genelinde yat\u0131r\u0131mc\u0131 kamu kurum ve kurulu\u015flar\u0131 taraf\u0131ndan y\u00fcr\u00fct\u00fclen projeler hakk\u0131nda bilgi al\u0131\u015fveri\u015finde bulunmak ve kurumlar aras\u0131 koordinasyonu sa\u011flamak amac\u0131yla d\u00fczenlenen \u0130l Koordinasyon Kurulu 2026 Y\u0131l\u0131 1. Toplant\u0131s\u0131, G\u00f6n\u00fcl Da\u011f\u0131 Toplant\u0131 Salonu\u2019nda ger\u00e7ekle\u015ftirildi.<\/p>\n<p data-start=\"460\" data-end=\"755\">Toplant\u0131ya vali yard\u0131mc\u0131lar\u0131, kaymakamlar, \u00fcniversite rekt\u00f6r\u00fc, belediye ba\u015fkanlar\u0131, il genel meclisi ba\u015fkan\u0131, kamu kurum ve kurulu\u015flar\u0131n\u0131n temsilcileri ile b\u00f6lge m\u00fcd\u00fcrleri kat\u0131ld\u0131. Toplant\u0131da, il genelinde devam eden ve planlanan projeler ele al\u0131narak yat\u0131r\u0131mlar\u0131n mevcut durumu de\u011ferlendirildi.<\/p>\n<p data-start=\"757\" data-end=\"1100\">2025 y\u0131l\u0131nda oldu\u011fu gibi 2026 y\u0131l\u0131nda da kamu yat\u0131r\u0131mlar\u0131n\u0131n yak\u0131ndan takip edilerek ilin sosyal ve ekonomik geli\u015fimine katk\u0131 sa\u011flayacak \u00e7al\u0131\u015fmalar\u0131n s\u00fcrd\u00fcr\u00fclmesi hedefleniyor. Toplant\u0131 kapsam\u0131nda, K\u0131r\u015fehir\u2019in daha planl\u0131, ya\u015fanabilir ve geli\u015fmi\u015f bir \u015fehir olmas\u0131 y\u00f6n\u00fcnde y\u00fcr\u00fct\u00fclen faaliyetler ve kurumlar aras\u0131 i\u015f birli\u011fi konular\u0131 ele al\u0131nd\u0131.<\/p>\n","protected":false},"excerpt":{"rendered":"<p>\u0130l Koordinasyon Kurulu 2026 Y\u0131l\u0131 1. Toplant\u0131s\u0131 Ger\u00e7ekle\u015ftirildi \u0130l genelinde yat\u0131r\u0131mc\u0131 kamu kurum ve kurulu\u015flar\u0131 taraf\u0131ndan y\u00fcr\u00fct\u00fclen projeler hakk\u0131nda bilgi al\u0131\u015fveri\u015finde bulunmak ve kurumlar aras\u0131 koordinasyonu sa\u011flamak amac\u0131yla d\u00fczenlenen \u0130l Koordinasyon Kurulu 2026 Y\u0131l\u0131 1. Toplant\u0131s\u0131, G\u00f6n\u00fcl Da\u011f\u0131 Toplant\u0131 Salonu\u2019nda ger\u00e7ekle\u015ftirildi. Toplant\u0131ya vali yard\u0131mc\u0131lar\u0131, kaymakamlar, \u00fcniversite rekt\u00f6r\u00fc, belediye ba\u015fkanlar\u0131, il genel meclisi ba\u015fkan\u0131, kamu kurum [&hellip;]<\/p>\n","protected":false},"author":1,"featured_media":1354,"comment_status":"open","ping_status":"open","sticky":false,"template":"","format":"standard","meta":{"footnotes":""},"categories":[8],"tags":[],"class_list":["post-1353","post","type-post","status-publish","format-standard","has-post-thumbnail","hentry","category-kirsehir"],"_links":{"self":[{"href":"https:\/\/www.kirsehirses.com\/index.php\/wp-json\/wp\/v2\/posts\/1353","targetHints":{"allow":["GET"]}}],"collection":[{"href":"https:\/\/www.kirsehirses.com\/index.php\/wp-json\/wp\/v2\/posts"}],"about":[{"href":"https:\/\/www.kirsehirses.com\/index.php\/wp-json\/wp\/v2\/types\/post"}],"author":[{"embeddable":true,"href":"https:\/\/www.kirsehirses.com\/index.php\/wp-json\/wp\/v2\/users\/1"}],"replies":[{"embeddable":true,"href":"https:\/\/www.kirsehirses.com\/index.php\/wp-json\/wp\/v2\/comments?post=1353"}],"version-history":[{"count":1,"href":"https:\/\/www.kirsehirses.com\/index.php\/wp-json\/wp\/v2\/posts\/1353\/revisions"}],"predecessor-version":[{"id":1355,"href":"https:\/\/www.kirsehirses.com\/index.php\/wp-json\/wp\/v2\/posts\/1353\/revisions\/1355"}],"wp:featuredmedia":[{"embeddable":true,"href":"https:\/\/www.kirsehirses.com\/index.php\/wp-json\/wp\/v2\/media\/1354"}],"wp:attachment":[{"href":"https:\/\/www.kirsehirses.com\/index.php\/wp-json\/wp\/v2\/media?parent=1353"}],"wp:term":[{"taxonomy":"category","embeddable":true,"href":"https:\/\/www.kirsehirses.com\/index.php\/wp-json\/wp\/v2\/categories?post=1353"},{"taxonomy":"post_tag","embeddable":true,"href":"https:\/\/www.kirsehirses.com\/index.php\/wp-json\/wp\/v2\/tags?post=1353"}],"curies":[{"name":"wp","href":"https:\/\/api.w.org\/{rel}","templated":true}]}}