{"id":1362,"date":"2026-01-14T04:20:29","date_gmt":"2026-01-14T01:20:29","guid":{"rendered":"https:\/\/www.kirsehirses.com\/?p=1362"},"modified":"2026-01-14T04:20:29","modified_gmt":"2026-01-14T01:20:29","slug":"kirsehirde-ikili-egitim-sona-erdi-tum-okullar-tekli-egitime-gecti","status":"publish","type":"post","link":"https:\/\/www.kirsehirses.com\/index.php\/2026\/01\/14\/kirsehirde-ikili-egitim-sona-erdi-tum-okullar-tekli-egitime-gecti\/","title":{"rendered":"K\u0131r\u015fehir\u2019de \u0130kili E\u011fitim Sona Erdi: T\u00fcm Okullar Tekli E\u011fitime Ge\u00e7ti"},"content":{"rendered":"<h2 data-start=\"101\" data-end=\"171\">K\u0131r\u015fehir\u2019de \u0130kili E\u011fitim Sona Erdi: T\u00fcm Okullar Tekli E\u011fitime Ge\u00e7ti<\/h2>\n<p data-start=\"173\" data-end=\"441\"><strong data-start=\"173\" data-end=\"185\">KIR\u015eEH\u0130R<\/strong> \u2013 K\u0131r\u015fehir \u0130l Milli E\u011fitim M\u00fcd\u00fcrl\u00fc\u011f\u00fc, 2025\u20132026 e\u011fitim \u00f6\u011fretim y\u0131l\u0131na ili\u015fkin g\u00fcncel verileri ve devam eden e\u011fitim yat\u0131r\u0131mlar\u0131n\u0131n son durumunu kamuoyuyla payla\u015ft\u0131. Yap\u0131lan a\u00e7\u0131klamada, il genelinde ikili e\u011fitim uygulamas\u0131n\u0131n tamamen sona erdi\u011fi bildirildi.<\/p>\n<h3 data-start=\"443\" data-end=\"482\">234 Okulda Tekli E\u011fitim Uygulan\u0131yor<\/h3>\n<p data-start=\"484\" data-end=\"755\">Payla\u015f\u0131lan verilere g\u00f6re K\u0131r\u015fehir\u2019deki 234 okulun tamam\u0131nda tekli e\u011fitim sistemine ge\u00e7ildi. \u0130l genelinde 42 bin 367 \u00f6\u011frenci ve 4 bin 250 \u00f6\u011fretmenle s\u00fcrd\u00fcr\u00fclen e\u011fitim faaliyetlerinde, 2025\u20132026 e\u011fitim \u00f6\u011fretim y\u0131l\u0131 itibar\u0131yla ikili e\u011fitim yapan okul bulunmad\u0131\u011f\u0131 belirtildi.<\/p>\n<h3 data-start=\"757\" data-end=\"799\">E\u011fitim Altyap\u0131 Yat\u0131r\u0131mlar\u0131nda \u0130lerleme<\/h3>\n<p data-start=\"801\" data-end=\"1143\">\u0130l genelinde y\u00fcr\u00fct\u00fclen e\u011fitim yat\u0131r\u0131mlar\u0131na ili\u015fkin bilgiler de kamuoyuyla payla\u015f\u0131ld\u0131. Buna g\u00f6re, 16 derslikli \u00d6zel E\u011fitim Meslek Okulu yap\u0131m\u0131 tamamlanarak hizmete a\u00e7\u0131ld\u0131. Konaklama ve uygulamaya y\u00f6nelik yat\u0131r\u0131mlar kapsam\u0131nda 200 yatak kapasiteli uygulama otelinin in\u015faat\u0131 y\u00fczde 94, Kaman \u00d6\u011fretmenevi projesi ise y\u00fczde 93 oran\u0131nda tamamland\u0131.<\/p>\n<h3 data-start=\"1145\" data-end=\"1188\">Hayat Boyu \u00d6\u011frenme ve Proje \u00c7al\u0131\u015fmalar\u0131<\/h3>\n<p data-start=\"1190\" data-end=\"1633\">2025 y\u0131l\u0131 i\u00e7erisinde hayat boyu \u00f6\u011frenme faaliyetleri kapsam\u0131nda a\u00e7\u0131lan 1.036 kurstan 19 bin 890 kursiyerin faydaland\u0131\u011f\u0131 bildirildi. Akademik ve bilimsel projeler kapsam\u0131nda ise T\u00dcB\u0130TAK, AH\u0130KA ve KOP destekli projeler arac\u0131l\u0131\u011f\u0131yla toplam 4 milyon TL b\u00fct\u00e7eli \u00e7al\u0131\u015fmalar y\u00fcr\u00fct\u00fcld\u00fc. Ayn\u0131 d\u00f6nemde 10\u2019dan fazla bilim fuar\u0131 d\u00fczenlenirken, K\u0131r\u015fehirli \u00f6\u011frencilerin T\u00dcB\u0130TAK b\u00f6lge birincili\u011fi ba\u015fta olmak \u00fczere \u00e7e\u015fitli dereceler elde etti\u011fi ifade edildi.<\/p>\n","protected":false},"excerpt":{"rendered":"<p>K\u0131r\u015fehir\u2019de \u0130kili E\u011fitim Sona Erdi: T\u00fcm Okullar Tekli E\u011fitime Ge\u00e7ti KIR\u015eEH\u0130R \u2013 K\u0131r\u015fehir \u0130l Milli E\u011fitim M\u00fcd\u00fcrl\u00fc\u011f\u00fc, 2025\u20132026 e\u011fitim \u00f6\u011fretim y\u0131l\u0131na ili\u015fkin g\u00fcncel verileri ve devam eden e\u011fitim yat\u0131r\u0131mlar\u0131n\u0131n son durumunu kamuoyuyla payla\u015ft\u0131. Yap\u0131lan a\u00e7\u0131klamada, il genelinde ikili e\u011fitim uygulamas\u0131n\u0131n tamamen sona erdi\u011fi bildirildi. 234 Okulda Tekli E\u011fitim Uygulan\u0131yor Payla\u015f\u0131lan verilere g\u00f6re K\u0131r\u015fehir\u2019deki 234 okulun [&hellip;]<\/p>\n","protected":false},"author":1,"featured_media":1363,"comment_status":"open","ping_status":"open","sticky":false,"template":"","format":"standard","meta":{"footnotes":""},"categories":[10,8],"tags":[],"class_list":["post-1362","post","type-post","status-publish","format-standard","has-post-thumbnail","hentry","category-egitim","category-kirsehir"],"_links":{"self":[{"href":"https:\/\/www.kirsehirses.com\/index.php\/wp-json\/wp\/v2\/posts\/1362","targetHints":{"allow":["GET"]}}],"collection":[{"href":"https:\/\/www.kirsehirses.com\/index.php\/wp-json\/wp\/v2\/posts"}],"about":[{"href":"https:\/\/www.kirsehirses.com\/index.php\/wp-json\/wp\/v2\/types\/post"}],"author":[{"embeddable":true,"href":"https:\/\/www.kirsehirses.com\/index.php\/wp-json\/wp\/v2\/users\/1"}],"replies":[{"embeddable":true,"href":"https:\/\/www.kirsehirses.com\/index.php\/wp-json\/wp\/v2\/comments?post=1362"}],"version-history":[{"count":1,"href":"https:\/\/www.kirsehirses.com\/index.php\/wp-json\/wp\/v2\/posts\/1362\/revisions"}],"predecessor-version":[{"id":1364,"href":"https:\/\/www.kirsehirses.com\/index.php\/wp-json\/wp\/v2\/posts\/1362\/revisions\/1364"}],"wp:featuredmedia":[{"embeddable":true,"href":"https:\/\/www.kirsehirses.com\/index.php\/wp-json\/wp\/v2\/media\/1363"}],"wp:attachment":[{"href":"https:\/\/www.kirsehirses.com\/index.php\/wp-json\/wp\/v2\/media?parent=1362"}],"wp:term":[{"taxonomy":"category","embeddable":true,"href":"https:\/\/www.kirsehirses.com\/index.php\/wp-json\/wp\/v2\/categories?post=1362"},{"taxonomy":"post_tag","embeddable":true,"href":"https:\/\/www.kirsehirses.com\/index.php\/wp-json\/wp\/v2\/tags?post=1362"}],"curies":[{"name":"wp","href":"https:\/\/api.w.org\/{rel}","templated":true}]}}