{"id":1368,"date":"2026-01-18T02:24:58","date_gmt":"2026-01-17T23:24:58","guid":{"rendered":"https:\/\/www.kirsehirses.com\/?p=1368"},"modified":"2026-01-18T02:24:58","modified_gmt":"2026-01-17T23:24:58","slug":"kindam-mahallesinde-sanayi-kurulusuna-ait-mustemilatta-hirsizlik-iki-supheli-tutuklandi","status":"publish","type":"post","link":"https:\/\/www.kirsehirses.com\/index.php\/2026\/01\/18\/kindam-mahallesinde-sanayi-kurulusuna-ait-mustemilatta-hirsizlik-iki-supheli-tutuklandi\/","title":{"rendered":"K\u0131ndam Mahallesi\u2019nde Sanayi Kurulu\u015funa Ait M\u00fc\u015ftemilatta H\u0131rs\u0131zl\u0131k: \u0130ki \u015e\u00fcpheli Tutukland\u0131"},"content":{"rendered":"<p><strong>K\u0131ndam Mahallesi\u2019nde Sanayi Kurulu\u015funa Ait M\u00fc\u015ftemilatta H\u0131rs\u0131zl\u0131k: \u0130ki \u015e\u00fcpheli Tutukland\u0131<\/strong><\/p>\n<p data-start=\"249\" data-end=\"580\">K\u0131r\u015fehir \u0130l Emniyet M\u00fcd\u00fcrl\u00fc\u011f\u00fc Asayi\u015f \u015eube M\u00fcd\u00fcrl\u00fc\u011f\u00fc ekipleri, K\u0131ndam Mahallesi\u2019nde bir sanayi kurulu\u015funa ait m\u00fc\u015ftemilatta meydana gelen h\u0131rs\u0131zl\u0131k olay\u0131yla ilgili \u00e7al\u0131\u015fma ba\u015flatt\u0131. Olay\u0131n ard\u0131ndan yap\u0131lan inceleme ve saha \u00e7al\u0131\u015fmalar\u0131 kapsam\u0131nda, h\u0131rs\u0131zl\u0131k olay\u0131na kar\u0131\u015ft\u0131klar\u0131 tespit edilen A.K. ve K.G. isimli \u015f\u00fcpheliler yakaland\u0131.<\/p>\n<p data-start=\"582\" data-end=\"829\">Asayi\u015f \u015eube M\u00fcd\u00fcrl\u00fc\u011f\u00fc ekiplerince y\u00fcr\u00fct\u00fclen \u00e7al\u0131\u015fmalar do\u011frultusunda \u015f\u00fcphelilerin ikamet adreslerinde arama yap\u0131ld\u0131. Ger\u00e7ekle\u015ftirilen aramalarda 1 adet ruhsats\u0131z t\u00fcfek ele ge\u00e7irildi. Ele ge\u00e7irilen silaha el konulurken, \u015f\u00fcpheliler g\u00f6zalt\u0131na al\u0131nd\u0131.<\/p>\n<p data-start=\"831\" data-end=\"999\">Emniyetteki i\u015flemleri tamamlanan A.K. ve K.G., sevk edildikleri adli makamlarca tutukland\u0131. \u015e\u00fcpheliler, i\u015flemlerinin ard\u0131ndan Kapal\u0131 Ceza \u0130nfaz Kurumu\u2019na teslim edildi.<\/p>\n<p data-start=\"1001\" data-end=\"1153\" data-is-last-node=\"\" data-is-only-node=\"\">Olayla ilgili soru\u015fturman\u0131n tamamland\u0131\u011f\u0131, kamu d\u00fczeni ve mal g\u00fcvenli\u011finin sa\u011flanmas\u0131na y\u00f6nelik \u00e7al\u0131\u015fmalar\u0131n kent genelinde aral\u0131ks\u0131z s\u00fcrd\u00fc\u011f\u00fc bildirildi.<\/p>\n","protected":false},"excerpt":{"rendered":"<p>K\u0131ndam Mahallesi\u2019nde Sanayi Kurulu\u015funa Ait M\u00fc\u015ftemilatta H\u0131rs\u0131zl\u0131k: \u0130ki \u015e\u00fcpheli Tutukland\u0131 K\u0131r\u015fehir \u0130l Emniyet M\u00fcd\u00fcrl\u00fc\u011f\u00fc Asayi\u015f \u015eube M\u00fcd\u00fcrl\u00fc\u011f\u00fc ekipleri, K\u0131ndam Mahallesi\u2019nde bir sanayi kurulu\u015funa ait m\u00fc\u015ftemilatta meydana gelen h\u0131rs\u0131zl\u0131k olay\u0131yla ilgili \u00e7al\u0131\u015fma ba\u015flatt\u0131. Olay\u0131n ard\u0131ndan yap\u0131lan inceleme ve saha \u00e7al\u0131\u015fmalar\u0131 kapsam\u0131nda, h\u0131rs\u0131zl\u0131k olay\u0131na kar\u0131\u015ft\u0131klar\u0131 tespit edilen A.K. ve K.G. isimli \u015f\u00fcpheliler yakaland\u0131. Asayi\u015f \u015eube M\u00fcd\u00fcrl\u00fc\u011f\u00fc ekiplerince [&hellip;]<\/p>\n","protected":false},"author":1,"featured_media":1369,"comment_status":"open","ping_status":"open","sticky":false,"template":"","format":"standard","meta":{"footnotes":""},"categories":[8],"tags":[],"class_list":["post-1368","post","type-post","status-publish","format-standard","has-post-thumbnail","hentry","category-kirsehir"],"_links":{"self":[{"href":"https:\/\/www.kirsehirses.com\/index.php\/wp-json\/wp\/v2\/posts\/1368","targetHints":{"allow":["GET"]}}],"collection":[{"href":"https:\/\/www.kirsehirses.com\/index.php\/wp-json\/wp\/v2\/posts"}],"about":[{"href":"https:\/\/www.kirsehirses.com\/index.php\/wp-json\/wp\/v2\/types\/post"}],"author":[{"embeddable":true,"href":"https:\/\/www.kirsehirses.com\/index.php\/wp-json\/wp\/v2\/users\/1"}],"replies":[{"embeddable":true,"href":"https:\/\/www.kirsehirses.com\/index.php\/wp-json\/wp\/v2\/comments?post=1368"}],"version-history":[{"count":1,"href":"https:\/\/www.kirsehirses.com\/index.php\/wp-json\/wp\/v2\/posts\/1368\/revisions"}],"predecessor-version":[{"id":1370,"href":"https:\/\/www.kirsehirses.com\/index.php\/wp-json\/wp\/v2\/posts\/1368\/revisions\/1370"}],"wp:featuredmedia":[{"embeddable":true,"href":"https:\/\/www.kirsehirses.com\/index.php\/wp-json\/wp\/v2\/media\/1369"}],"wp:attachment":[{"href":"https:\/\/www.kirsehirses.com\/index.php\/wp-json\/wp\/v2\/media?parent=1368"}],"wp:term":[{"taxonomy":"category","embeddable":true,"href":"https:\/\/www.kirsehirses.com\/index.php\/wp-json\/wp\/v2\/categories?post=1368"},{"taxonomy":"post_tag","embeddable":true,"href":"https:\/\/www.kirsehirses.com\/index.php\/wp-json\/wp\/v2\/tags?post=1368"}],"curies":[{"name":"wp","href":"https:\/\/api.w.org\/{rel}","templated":true}]}}