{"id":1371,"date":"2026-01-18T02:28:55","date_gmt":"2026-01-17T23:28:55","guid":{"rendered":"https:\/\/www.kirsehirses.com\/?p=1371"},"modified":"2026-01-18T02:28:55","modified_gmt":"2026-01-17T23:28:55","slug":"kirsehir-ahi-meclisi-31-yilini-geride-birakti","status":"publish","type":"post","link":"https:\/\/www.kirsehirses.com\/index.php\/2026\/01\/18\/kirsehir-ahi-meclisi-31-yilini-geride-birakti\/","title":{"rendered":"K\u0131r\u015fehir Ahi Meclisi 31. Y\u0131l\u0131n\u0131 Geride B\u0131rakt\u0131"},"content":{"rendered":"<h2 data-start=\"251\" data-end=\"304\"><strong data-start=\"254\" data-end=\"304\">K\u0131r\u015fehir Ahi Meclisi 31. Y\u0131l\u0131n\u0131 Geride B\u0131rakt\u0131<\/strong><\/h2>\n<p data-start=\"306\" data-end=\"583\">K\u0131r\u015fehir\u2019de faaliyetlerini s\u00fcrd\u00fcren Ahi Meclisi, kurulu\u015funun 31. y\u0131l\u0131n\u0131 geride b\u0131rakt\u0131. Ahi Meclisi Ba\u015fkan\u0131 Kaz\u0131m Ceylan, 31. y\u0131l dolay\u0131s\u0131yla yapt\u0131\u011f\u0131 a\u00e7\u0131klamada, meclisin Ahilik ilkeleri do\u011frultusunda, g\u00fcnl\u00fck siyasetin d\u0131\u015f\u0131nda bir anlay\u0131\u015fla \u00e7al\u0131\u015fmalar\u0131n\u0131 s\u00fcrd\u00fcrd\u00fc\u011f\u00fcn\u00fc belirtti.<\/p>\n<p data-start=\"585\" data-end=\"946\">Ahi Meclisi\u2019nin 31 y\u0131l \u00f6nce \u201cG\u00f6n\u00fcl Dostlar\u0131\u201d ad\u0131yla kuruldu\u011funu, 2011 y\u0131l\u0131ndan itibaren ise \u201cAhi Meclisi\u201d ismiyle faaliyetlerine devam etti\u011fini ifade eden Ceylan, meclisin insan ve toplum hayat\u0131na anlam katmay\u0131 ama\u00e7layan bir yap\u0131 olarak yoluna devam etti\u011fini kaydetti. Ceylan, meclisin K\u0131r\u015fehir\u2019de bir hak ve hakikat meclisi anlay\u0131\u015f\u0131yla ya\u015fat\u0131ld\u0131\u011f\u0131n\u0131 vurgulad\u0131.<\/p>\n<p data-start=\"948\" data-end=\"1368\">Meclisin temel kayg\u0131s\u0131n\u0131n Ahilik esaslar\u0131 oldu\u011funu belirten Ceylan, adalet, ehliyet, liyakat, isti\u015fare ve ahlaki de\u011ferlerin K\u0131r\u015fehir\u2019de, T\u00fcrkiye\u2019de ve d\u00fcnyada h\u00e2kim olmas\u0131 i\u00e7in \u00e7al\u0131\u015fmalar y\u00fcr\u00fct\u00fcld\u00fc\u011f\u00fcn\u00fc dile getirdi. Ahi Meclisi\u2019nin kul hakk\u0131na riayet eden, vatan ve millet hassasiyeti ta\u015f\u0131yan \u00fcyeler taraf\u0131ndan ayakta tutuldu\u011funu ifade eden Ceylan, meclisin bir ilim, irfan, isti\u015fare ve dostluk ortam\u0131 sundu\u011funu s\u00f6yledi.<\/p>\n<p data-start=\"1370\" data-end=\"1626\">Ahi Meclisi b\u00fcnyesinde eski bakanlar, genel m\u00fcd\u00fcrler, rekt\u00f6rler, i\u015f insanlar\u0131, akademisyenler, gazeteciler, m\u00fchendisler, doktorlar, b\u00fcrokratlar, e\u011fitimciler ve esnaflar\u0131n yer ald\u0131\u011f\u0131n\u0131 belirten Ceylan, \u00fcyelerin tamam\u0131n\u0131n K\u0131r\u015fehir\u2019de ikamet etti\u011fini aktard\u0131.<\/p>\n<p data-start=\"1628\" data-end=\"2016\">Y\u0131l\u0131n belirli d\u00f6nemlerinde bir araya gelerek Ahilik, K\u0131r\u015fehir, T\u00fcrkiye ve d\u00fcnya g\u00fcndemine ili\u015fkin de\u011ferlendirmeler yapt\u0131klar\u0131n\u0131 belirten Ceylan, son toplant\u0131n\u0131n yo\u011fun kat\u0131l\u0131mla ger\u00e7ekle\u015ftirildi\u011fini, bu nedenle her zaman kullan\u0131lan toplant\u0131 mek\u00e2n\u0131n\u0131n yetersiz kald\u0131\u011f\u0131n\u0131 ifade etti. Toplant\u0131da, 31 y\u0131ll\u0131k birikimin yan\u0131 s\u0131ra yeni \u00fcyelerle birlikte \u00e7e\u015fitli konular\u0131n ele al\u0131nd\u0131\u011f\u0131 bildirildi.<\/p>\n<p data-start=\"2018\" data-end=\"2479\">Toplant\u0131n\u0131n ilk b\u00f6l\u00fcm\u00fcnde K\u0131r\u015fehir Ahi Evran \u00dcniversitesi E\u011fitim Fak\u00fcltesi Dekan\u0131 Prof. Dr. Ertu\u011frul Yaman\u2019\u0131n \u201cD\u00fcnya Dili T\u00fcrk\u00e7e\u201d ba\u015fl\u0131kl\u0131 bir sunum ger\u00e7ekle\u015ftirdi\u011fini belirten Ceylan, ard\u0131ndan K\u00fclt\u00fcr eski Bakan\u0131 G\u00f6khan Mara\u015f\u2019\u0131n b\u00f6lgesel ve k\u00fcresel geli\u015fmeleri T\u00fcrk\u00e7e \u00fczerinden de\u011ferlendirdi\u011fini aktard\u0131. Ayr\u0131ca meclis \u00fcyelerinden Adnan Uygur ile Anadolu\u2019dan ba\u015flayarak 76 \u00fclkeye ihracat yap\u0131lmas\u0131na uzanan s\u00fcrece ili\u015fkin tecr\u00fcbelerin payla\u015f\u0131ld\u0131\u011f\u0131 ifade edildi.<\/p>\n<p data-start=\"2481\" data-end=\"2698\">Ahi Meclisi toplant\u0131s\u0131n\u0131n dostluk, karde\u015flik, vefa ve Ahilik ruhunun h\u00e2kim oldu\u011fu bir atmosferde ge\u00e7ti\u011fini belirten Ceylan, program\u0131n ilerleyen saatlerde T\u00fcrkistan gezisi yap\u0131lmas\u0131 temennisiyle sona erdi\u011fini kaydetti.<\/p>\n<p data-start=\"2700\" data-end=\"2879\">Ceylan a\u00e7\u0131klamas\u0131n\u0131n sonunda, \u201cTam 31 y\u0131ld\u0131r Ahilik yolunda bizi yaln\u0131z b\u0131rakmayan dostlar\u0131m\u0131za te\u015fekk\u00fcr ediyorum. \u0130zzet de \u015feref de itibar da Allah\u2019tand\u0131r\u201d ifadelerine yer verdi.<\/p>\n","protected":false},"excerpt":{"rendered":"<p>K\u0131r\u015fehir Ahi Meclisi 31. Y\u0131l\u0131n\u0131 Geride B\u0131rakt\u0131 K\u0131r\u015fehir\u2019de faaliyetlerini s\u00fcrd\u00fcren Ahi Meclisi, kurulu\u015funun 31. y\u0131l\u0131n\u0131 geride b\u0131rakt\u0131. Ahi Meclisi Ba\u015fkan\u0131 Kaz\u0131m Ceylan, 31. y\u0131l dolay\u0131s\u0131yla yapt\u0131\u011f\u0131 a\u00e7\u0131klamada, meclisin Ahilik ilkeleri do\u011frultusunda, g\u00fcnl\u00fck siyasetin d\u0131\u015f\u0131nda bir anlay\u0131\u015fla \u00e7al\u0131\u015fmalar\u0131n\u0131 s\u00fcrd\u00fcrd\u00fc\u011f\u00fcn\u00fc belirtti. Ahi Meclisi\u2019nin 31 y\u0131l \u00f6nce \u201cG\u00f6n\u00fcl Dostlar\u0131\u201d ad\u0131yla kuruldu\u011funu, 2011 y\u0131l\u0131ndan itibaren ise \u201cAhi Meclisi\u201d ismiyle [&hellip;]<\/p>\n","protected":false},"author":1,"featured_media":1372,"comment_status":"open","ping_status":"open","sticky":false,"template":"","format":"standard","meta":{"footnotes":""},"categories":[8],"tags":[],"class_list":["post-1371","post","type-post","status-publish","format-standard","has-post-thumbnail","hentry","category-kirsehir"],"_links":{"self":[{"href":"https:\/\/www.kirsehirses.com\/index.php\/wp-json\/wp\/v2\/posts\/1371","targetHints":{"allow":["GET"]}}],"collection":[{"href":"https:\/\/www.kirsehirses.com\/index.php\/wp-json\/wp\/v2\/posts"}],"about":[{"href":"https:\/\/www.kirsehirses.com\/index.php\/wp-json\/wp\/v2\/types\/post"}],"author":[{"embeddable":true,"href":"https:\/\/www.kirsehirses.com\/index.php\/wp-json\/wp\/v2\/users\/1"}],"replies":[{"embeddable":true,"href":"https:\/\/www.kirsehirses.com\/index.php\/wp-json\/wp\/v2\/comments?post=1371"}],"version-history":[{"count":1,"href":"https:\/\/www.kirsehirses.com\/index.php\/wp-json\/wp\/v2\/posts\/1371\/revisions"}],"predecessor-version":[{"id":1373,"href":"https:\/\/www.kirsehirses.com\/index.php\/wp-json\/wp\/v2\/posts\/1371\/revisions\/1373"}],"wp:featuredmedia":[{"embeddable":true,"href":"https:\/\/www.kirsehirses.com\/index.php\/wp-json\/wp\/v2\/media\/1372"}],"wp:attachment":[{"href":"https:\/\/www.kirsehirses.com\/index.php\/wp-json\/wp\/v2\/media?parent=1371"}],"wp:term":[{"taxonomy":"category","embeddable":true,"href":"https:\/\/www.kirsehirses.com\/index.php\/wp-json\/wp\/v2\/categories?post=1371"},{"taxonomy":"post_tag","embeddable":true,"href":"https:\/\/www.kirsehirses.com\/index.php\/wp-json\/wp\/v2\/tags?post=1371"}],"curies":[{"name":"wp","href":"https:\/\/api.w.org\/{rel}","templated":true}]}}