{"id":1377,"date":"2026-01-18T02:44:55","date_gmt":"2026-01-17T23:44:55","guid":{"rendered":"https:\/\/www.kirsehirses.com\/?p=1377"},"modified":"2026-01-18T02:44:55","modified_gmt":"2026-01-17T23:44:55","slug":"kirsehirde-42-bin-367-ogrenci-karne-heyecani-yasadi","status":"publish","type":"post","link":"https:\/\/www.kirsehirses.com\/index.php\/2026\/01\/18\/kirsehirde-42-bin-367-ogrenci-karne-heyecani-yasadi\/","title":{"rendered":"K\u0131r\u015fehir\u2019de 42 Bin 367 \u00d6\u011frenci Karne Heyecan\u0131 Ya\u015fad\u0131"},"content":{"rendered":"<h2 data-start=\"135\" data-end=\"194\"><strong data-start=\"138\" data-end=\"194\">K\u0131r\u015fehir\u2019de 42 Bin 367 \u00d6\u011frenci Karne Heyecan\u0131 Ya\u015fad\u0131<\/strong><\/h2>\n<p data-start=\"196\" data-end=\"424\">K\u0131r\u015fehir genelinde e\u011fitim \u00f6\u011fretim g\u00f6ren \u00f6\u011frenciler bug\u00fcn karne ald\u0131. \u0130l genelinde bulunan 234 okulda \u00f6\u011frenim g\u00f6ren toplam 42 bin 367 \u00f6\u011frenci, 2024\u20132025 e\u011fitim \u00f6\u011fretim y\u0131l\u0131n\u0131n birinci d\u00f6nemini tamamlayarak yar\u0131y\u0131l tatiline girdi.<\/p>\n<p data-start=\"426\" data-end=\"631\">Okullarda d\u00fczenlenen karne da\u011f\u0131t\u0131m programlar\u0131nda \u00f6\u011frenciler, d\u00f6nem boyunca ald\u0131klar\u0131 notlar\u0131 \u00f6\u011frenirken, \u00f6\u011fretmenler de \u00f6\u011frencilere tatil s\u00fcrecini verimli ge\u00e7irmeleri y\u00f6n\u00fcnde \u00e7e\u015fitli tavsiyelerde bulundu.<\/p>\n<p data-start=\"633\" data-end=\"872\">Yar\u0131y\u0131l tatili 17 Ocak Cumartesi g\u00fcn\u00fc ba\u015flayacak ve 1 \u015eubat Pazar g\u00fcn\u00fc sona erecek. \u00d6\u011frenciler, iki haftal\u0131k tatilin ard\u0131ndan 3 \u015eubat Pazartesi g\u00fcn\u00fc ders ba\u015f\u0131 yaparak e\u011fitim \u00f6\u011fretime kald\u0131klar\u0131 yerden devam edecek.<\/p>\n<p data-start=\"874\" data-end=\"1097\">Yetkililer, yar\u0131y\u0131l tatilinin \u00f6\u011frenciler i\u00e7in hem dinlenme hem de eksiklerini tamamlama f\u0131rsat\u0131 sundu\u011funu belirterek, tatil s\u00fcresince \u00f6\u011frencilerin kitap okumaya ve sosyal faaliyetlere zaman ay\u0131rmas\u0131n\u0131n \u00f6nemine dikkat \u00e7ekti.<\/p>\n<p data-start=\"1099\" data-end=\"1216\">K\u0131r\u015fehir\u2019de e\u011fitim \u00f6\u011fretim faaliyetlerinin ikinci d\u00f6nemde de planlanan takvim do\u011frultusunda s\u00fcrd\u00fcr\u00fclece\u011fi bildirildi.<\/p>\n","protected":false},"excerpt":{"rendered":"<p>K\u0131r\u015fehir\u2019de 42 Bin 367 \u00d6\u011frenci Karne Heyecan\u0131 Ya\u015fad\u0131 K\u0131r\u015fehir genelinde e\u011fitim \u00f6\u011fretim g\u00f6ren \u00f6\u011frenciler bug\u00fcn karne ald\u0131. \u0130l genelinde bulunan 234 okulda \u00f6\u011frenim g\u00f6ren toplam 42 bin 367 \u00f6\u011frenci, 2024\u20132025 e\u011fitim \u00f6\u011fretim y\u0131l\u0131n\u0131n birinci d\u00f6nemini tamamlayarak yar\u0131y\u0131l tatiline girdi. Okullarda d\u00fczenlenen karne da\u011f\u0131t\u0131m programlar\u0131nda \u00f6\u011frenciler, d\u00f6nem boyunca ald\u0131klar\u0131 notlar\u0131 \u00f6\u011frenirken, \u00f6\u011fretmenler de \u00f6\u011frencilere tatil s\u00fcrecini [&hellip;]<\/p>\n","protected":false},"author":1,"featured_media":1378,"comment_status":"open","ping_status":"open","sticky":false,"template":"","format":"standard","meta":{"footnotes":""},"categories":[10],"tags":[],"class_list":["post-1377","post","type-post","status-publish","format-standard","has-post-thumbnail","hentry","category-egitim"],"_links":{"self":[{"href":"https:\/\/www.kirsehirses.com\/index.php\/wp-json\/wp\/v2\/posts\/1377","targetHints":{"allow":["GET"]}}],"collection":[{"href":"https:\/\/www.kirsehirses.com\/index.php\/wp-json\/wp\/v2\/posts"}],"about":[{"href":"https:\/\/www.kirsehirses.com\/index.php\/wp-json\/wp\/v2\/types\/post"}],"author":[{"embeddable":true,"href":"https:\/\/www.kirsehirses.com\/index.php\/wp-json\/wp\/v2\/users\/1"}],"replies":[{"embeddable":true,"href":"https:\/\/www.kirsehirses.com\/index.php\/wp-json\/wp\/v2\/comments?post=1377"}],"version-history":[{"count":2,"href":"https:\/\/www.kirsehirses.com\/index.php\/wp-json\/wp\/v2\/posts\/1377\/revisions"}],"predecessor-version":[{"id":1380,"href":"https:\/\/www.kirsehirses.com\/index.php\/wp-json\/wp\/v2\/posts\/1377\/revisions\/1380"}],"wp:featuredmedia":[{"embeddable":true,"href":"https:\/\/www.kirsehirses.com\/index.php\/wp-json\/wp\/v2\/media\/1378"}],"wp:attachment":[{"href":"https:\/\/www.kirsehirses.com\/index.php\/wp-json\/wp\/v2\/media?parent=1377"}],"wp:term":[{"taxonomy":"category","embeddable":true,"href":"https:\/\/www.kirsehirses.com\/index.php\/wp-json\/wp\/v2\/categories?post=1377"},{"taxonomy":"post_tag","embeddable":true,"href":"https:\/\/www.kirsehirses.com\/index.php\/wp-json\/wp\/v2\/tags?post=1377"}],"curies":[{"name":"wp","href":"https:\/\/api.w.org\/{rel}","templated":true}]}}