{"id":1381,"date":"2026-01-18T02:54:32","date_gmt":"2026-01-17T23:54:32","guid":{"rendered":"https:\/\/www.kirsehirses.com\/?p=1381"},"modified":"2026-01-18T02:54:32","modified_gmt":"2026-01-17T23:54:32","slug":"mucurlular-derneginden-ogrencilere-destek","status":"publish","type":"post","link":"https:\/\/www.kirsehirses.com\/index.php\/2026\/01\/18\/mucurlular-derneginden-ogrencilere-destek\/","title":{"rendered":"Mucurlular Derne\u011finden \u00d6\u011frencilere Destek"},"content":{"rendered":"<p><strong>Mucurlular Derne\u011finden \u00d6\u011frencilere Destek<\/strong><\/p>\n<p>K\u0131r\u015fehir\u2019in Mucur il\u00e7esinde ihtiya\u00e7 sahibi \u00f6\u011frencilere y\u00f6nelik k\u0131\u015fl\u0131k giysi yard\u0131m\u0131 yap\u0131ld\u0131.<\/p>\n<p>Mucurlular Sosyal Yard\u0131mla\u015fma, Dayan\u0131\u015fma ve K\u00fclt\u00fcr Derne\u011fi taraf\u0131ndan temin edilen yard\u0131m malzemeleri, Mucur \u0130l\u00e7e Milli E\u011fitim M\u00fcd\u00fcrl\u00fc\u011f\u00fc\u2019ne teslim edildi.<\/p>\n<p>D\u00fczenlenen programa Dernek Ba\u015fkan\u0131 Veysel Eken ve y\u00f6netim kurulu \u00fcyelerinin yan\u0131 s\u0131ra Emekli Yarg\u0131tay Savc\u0131s\u0131 Hayrettin T\u00fcre de kat\u0131ld\u0131. Yard\u0131m kapsam\u0131nda \u00f6\u011frencilere da\u011f\u0131t\u0131lmak \u00fczere 120 \u00e7ift bot, 100 mont, 80 adet bere, eldiven ve atk\u0131 seti ile 60 adet top Mucur \u0130l\u00e7e Milli E\u011fitim M\u00fcd\u00fcr\u00fc \u00d6rsan P\u0131nar\u2019a teslim edildi.<\/p>\n<p>Yetkililer, yap\u0131lan yard\u0131mlar\u0131n \u00f6\u011frencilerin k\u0131\u015f \u015fartlar\u0131nda daha iyi ko\u015fullarda e\u011fitimlerini s\u00fcrd\u00fcrebilmeleri ad\u0131na \u00f6nemli bir katk\u0131 sa\u011flad\u0131\u011f\u0131n\u0131 belirterek destek veren ki\u015fi ve kurulu\u015flara te\u015fekk\u00fcr etti.<\/p>\n","protected":false},"excerpt":{"rendered":"<p>Mucurlular Derne\u011finden \u00d6\u011frencilere Destek K\u0131r\u015fehir\u2019in Mucur il\u00e7esinde ihtiya\u00e7 sahibi \u00f6\u011frencilere y\u00f6nelik k\u0131\u015fl\u0131k giysi yard\u0131m\u0131 yap\u0131ld\u0131. Mucurlular Sosyal Yard\u0131mla\u015fma, Dayan\u0131\u015fma ve K\u00fclt\u00fcr Derne\u011fi taraf\u0131ndan temin edilen yard\u0131m malzemeleri, Mucur \u0130l\u00e7e Milli E\u011fitim M\u00fcd\u00fcrl\u00fc\u011f\u00fc\u2019ne teslim edildi. D\u00fczenlenen programa Dernek Ba\u015fkan\u0131 Veysel Eken ve y\u00f6netim kurulu \u00fcyelerinin yan\u0131 s\u0131ra Emekli Yarg\u0131tay Savc\u0131s\u0131 Hayrettin T\u00fcre de kat\u0131ld\u0131. Yard\u0131m kapsam\u0131nda [&hellip;]<\/p>\n","protected":false},"author":1,"featured_media":1382,"comment_status":"open","ping_status":"open","sticky":false,"template":"","format":"standard","meta":{"footnotes":""},"categories":[10],"tags":[],"class_list":["post-1381","post","type-post","status-publish","format-standard","has-post-thumbnail","hentry","category-egitim"],"_links":{"self":[{"href":"https:\/\/www.kirsehirses.com\/index.php\/wp-json\/wp\/v2\/posts\/1381","targetHints":{"allow":["GET"]}}],"collection":[{"href":"https:\/\/www.kirsehirses.com\/index.php\/wp-json\/wp\/v2\/posts"}],"about":[{"href":"https:\/\/www.kirsehirses.com\/index.php\/wp-json\/wp\/v2\/types\/post"}],"author":[{"embeddable":true,"href":"https:\/\/www.kirsehirses.com\/index.php\/wp-json\/wp\/v2\/users\/1"}],"replies":[{"embeddable":true,"href":"https:\/\/www.kirsehirses.com\/index.php\/wp-json\/wp\/v2\/comments?post=1381"}],"version-history":[{"count":1,"href":"https:\/\/www.kirsehirses.com\/index.php\/wp-json\/wp\/v2\/posts\/1381\/revisions"}],"predecessor-version":[{"id":1383,"href":"https:\/\/www.kirsehirses.com\/index.php\/wp-json\/wp\/v2\/posts\/1381\/revisions\/1383"}],"wp:featuredmedia":[{"embeddable":true,"href":"https:\/\/www.kirsehirses.com\/index.php\/wp-json\/wp\/v2\/media\/1382"}],"wp:attachment":[{"href":"https:\/\/www.kirsehirses.com\/index.php\/wp-json\/wp\/v2\/media?parent=1381"}],"wp:term":[{"taxonomy":"category","embeddable":true,"href":"https:\/\/www.kirsehirses.com\/index.php\/wp-json\/wp\/v2\/categories?post=1381"},{"taxonomy":"post_tag","embeddable":true,"href":"https:\/\/www.kirsehirses.com\/index.php\/wp-json\/wp\/v2\/tags?post=1381"}],"curies":[{"name":"wp","href":"https:\/\/api.w.org\/{rel}","templated":true}]}}