{"id":1384,"date":"2026-01-18T02:58:50","date_gmt":"2026-01-17T23:58:50","guid":{"rendered":"https:\/\/www.kirsehirses.com\/?p=1384"},"modified":"2026-01-18T02:58:50","modified_gmt":"2026-01-17T23:58:50","slug":"kirsehir-ahi-evran-universitesi-teknoloji-gelistirme-bolgesi-ilan-edildi","status":"publish","type":"post","link":"https:\/\/www.kirsehirses.com\/index.php\/2026\/01\/18\/kirsehir-ahi-evran-universitesi-teknoloji-gelistirme-bolgesi-ilan-edildi\/","title":{"rendered":"K\u0131r\u015fehir Ahi Evran \u00dcniversitesi Teknoloji Geli\u015ftirme B\u00f6lgesi \u0130lan Edildi"},"content":{"rendered":"<h2 data-start=\"180\" data-end=\"259\"><strong data-start=\"183\" data-end=\"259\">K\u0131r\u015fehir Ahi Evran \u00dcniversitesi Teknoloji Geli\u015ftirme B\u00f6lgesi \u0130lan Edildi<\/strong><\/h2>\n<p data-start=\"261\" data-end=\"541\">K\u0131r\u015fehir Ahi Evran \u00dcniversitesi b\u00fcnyesinde Teknoloji Geli\u015ftirme B\u00f6lgesi (Teknokent) kurulmas\u0131na ili\u015fkin karar, Resm\u00ee Gazete\u2019de yay\u0131mlanan Cumhurba\u015fkan\u0131 Karar\u0131 ile resmiyet kazand\u0131. Kararla birlikte K\u0131r\u015fehir Ahi Evran \u00dcniversitesi, \u201cTeknoloji Geli\u015ftirme B\u00f6lgesi\u201d stat\u00fcs\u00fc elde etti.<\/p>\n<p data-start=\"543\" data-end=\"894\">Teknokent stat\u00fcs\u00fcn\u00fcn kazan\u0131lmas\u0131yla birlikte \u00fcniversitenin bilimsel ara\u015ft\u0131rma kapasitesinin, sanayi ve teknoloji ile daha g\u00fc\u00e7l\u00fc \u015fekilde bulu\u015fturulmas\u0131 hedefleniyor. Teknoloji Geli\u015ftirme B\u00f6lgesi\u2019nin, \u00fcniversite merkezli Ar-Ge \u00e7al\u0131\u015fmalar\u0131 ile b\u00f6lgesel kalk\u0131nmaya katk\u0131 sunacak proje ve yat\u0131r\u0131mlar\u0131n geli\u015ftirilmesinde \u00f6nemli bir merkez olmas\u0131 bekleniyor.<\/p>\n<p data-start=\"896\" data-end=\"1339\">Yeni kurulan Teknoloji Geli\u015ftirme B\u00f6lgesi\u2019nin, K\u0131r\u015fehir ve \u00e7evresindeki giri\u015fimciler, akademisyenler ve teknoloji odakl\u0131 \u015firketler i\u00e7in stratejik bir yap\u0131 olu\u015fturaca\u011f\u0131 ifade edildi. Teknokent arac\u0131l\u0131\u011f\u0131yla \u00fcniversitede \u00fcretilen akademik bilginin, katma de\u011feri y\u00fcksek teknolojik \u00fcr\u00fcnlere d\u00f6n\u00fc\u015ft\u00fcr\u00fclmesi ama\u00e7lan\u0131yor. \u00d6zellikle tar\u0131m ve jeotermal alanlar ba\u015fta olmak \u00fczere yaz\u0131l\u0131m, biyoteknoloji ve sanayi i\u015f birliklerinin art\u0131r\u0131lmas\u0131 planlan\u0131yor.<\/p>\n<p data-start=\"1341\" data-end=\"1668\">K\u0131r\u015fehir Ahi Evran \u00dcniversitesi Rekt\u00f6r\u00fc Prof. Dr. Mustafa Kas\u0131m Karahocagil, Teknoloji Geli\u015ftirme B\u00f6lgesi\u2019nin ilan edilmesine ili\u015fkin yapt\u0131\u011f\u0131 de\u011ferlendirmede, \u00f6n\u00fcm\u00fczdeki s\u00fcre\u00e7te Teknokent altyap\u0131 \u00e7al\u0131\u015fmalar\u0131n\u0131n tamamlanaca\u011f\u0131n\u0131 ve yakla\u015f\u0131k 30 \u00fcniversite\u2013sanayi i\u015f birli\u011fi kapsam\u0131nda \u015firketin kurulmas\u0131n\u0131n \u00f6ng\u00f6r\u00fcld\u00fc\u011f\u00fcn\u00fc belirtti.<\/p>\n<p data-start=\"1670\" data-end=\"2054\">Teknokent\u2019in faaliyete ge\u00e7mesiyle birlikte b\u00f6lgeye nitelikli yat\u0131r\u0131mc\u0131lar\u0131n \u00e7ekilmesinin ve yerel istihdam\u0131n art\u0131r\u0131lmas\u0131n\u0131n hedeflendi\u011fini ifade eden Karahocagil, \u00fcniversite-sanayi i\u015f birli\u011finin daha \u00fcst seviyeye ta\u015f\u0131naca\u011f\u0131n\u0131 kaydetti. Teknoloji Geli\u015ftirme B\u00f6lgesi\u2019nin, \u00fcniversitenin yenilik\u00e7i ve ara\u015ft\u0131rma odakl\u0131 vizyonunun g\u00fc\u00e7lendirilmesine katk\u0131 sa\u011flamas\u0131n\u0131n beklendi\u011fi bildirildi.<\/p>\n<p data-start=\"2056\" data-end=\"2248\">Teknokent\u2019in kurulmas\u0131yla birlikte K\u0131r\u015fehir Ahi Evran \u00dcniversitesi\u2019nin, bilimsel \u00fcretim ve teknoloji odakl\u0131 \u00e7al\u0131\u015fmalarla b\u00f6lgesel kalk\u0131nma s\u00fcrecinde daha etkin bir rol \u00fcstlenmesi hedefleniyor.<\/p>\n","protected":false},"excerpt":{"rendered":"<p>K\u0131r\u015fehir Ahi Evran \u00dcniversitesi Teknoloji Geli\u015ftirme B\u00f6lgesi \u0130lan Edildi K\u0131r\u015fehir Ahi Evran \u00dcniversitesi b\u00fcnyesinde Teknoloji Geli\u015ftirme B\u00f6lgesi (Teknokent) kurulmas\u0131na ili\u015fkin karar, Resm\u00ee Gazete\u2019de yay\u0131mlanan Cumhurba\u015fkan\u0131 Karar\u0131 ile resmiyet kazand\u0131. Kararla birlikte K\u0131r\u015fehir Ahi Evran \u00dcniversitesi, \u201cTeknoloji Geli\u015ftirme B\u00f6lgesi\u201d stat\u00fcs\u00fc elde etti. Teknokent stat\u00fcs\u00fcn\u00fcn kazan\u0131lmas\u0131yla birlikte \u00fcniversitenin bilimsel ara\u015ft\u0131rma kapasitesinin, sanayi ve teknoloji ile daha g\u00fc\u00e7l\u00fc [&hellip;]<\/p>\n","protected":false},"author":1,"featured_media":1385,"comment_status":"open","ping_status":"open","sticky":false,"template":"","format":"standard","meta":{"footnotes":""},"categories":[10,8],"tags":[],"class_list":["post-1384","post","type-post","status-publish","format-standard","has-post-thumbnail","hentry","category-egitim","category-kirsehir"],"_links":{"self":[{"href":"https:\/\/www.kirsehirses.com\/index.php\/wp-json\/wp\/v2\/posts\/1384","targetHints":{"allow":["GET"]}}],"collection":[{"href":"https:\/\/www.kirsehirses.com\/index.php\/wp-json\/wp\/v2\/posts"}],"about":[{"href":"https:\/\/www.kirsehirses.com\/index.php\/wp-json\/wp\/v2\/types\/post"}],"author":[{"embeddable":true,"href":"https:\/\/www.kirsehirses.com\/index.php\/wp-json\/wp\/v2\/users\/1"}],"replies":[{"embeddable":true,"href":"https:\/\/www.kirsehirses.com\/index.php\/wp-json\/wp\/v2\/comments?post=1384"}],"version-history":[{"count":1,"href":"https:\/\/www.kirsehirses.com\/index.php\/wp-json\/wp\/v2\/posts\/1384\/revisions"}],"predecessor-version":[{"id":1386,"href":"https:\/\/www.kirsehirses.com\/index.php\/wp-json\/wp\/v2\/posts\/1384\/revisions\/1386"}],"wp:featuredmedia":[{"embeddable":true,"href":"https:\/\/www.kirsehirses.com\/index.php\/wp-json\/wp\/v2\/media\/1385"}],"wp:attachment":[{"href":"https:\/\/www.kirsehirses.com\/index.php\/wp-json\/wp\/v2\/media?parent=1384"}],"wp:term":[{"taxonomy":"category","embeddable":true,"href":"https:\/\/www.kirsehirses.com\/index.php\/wp-json\/wp\/v2\/categories?post=1384"},{"taxonomy":"post_tag","embeddable":true,"href":"https:\/\/www.kirsehirses.com\/index.php\/wp-json\/wp\/v2\/tags?post=1384"}],"curies":[{"name":"wp","href":"https:\/\/api.w.org\/{rel}","templated":true}]}}