{"id":1387,"date":"2026-01-18T19:33:10","date_gmt":"2026-01-18T16:33:10","guid":{"rendered":"https:\/\/www.kirsehirses.com\/?p=1387"},"modified":"2026-01-18T19:33:10","modified_gmt":"2026-01-18T16:33:10","slug":"kirsehir-osbye-dev-altyapi-destegi","status":"publish","type":"post","link":"https:\/\/www.kirsehirses.com\/index.php\/2026\/01\/18\/kirsehir-osbye-dev-altyapi-destegi\/","title":{"rendered":"K\u0131r\u015fehir OSB\u2019ye Dev Altyap\u0131 Deste\u011fi"},"content":{"rendered":"<p><strong>K\u0131r\u015fehir OSB\u2019ye Dev Altyap\u0131 Deste\u011fi<\/strong><\/p>\n<p>K\u0131r\u015fehir Organize Sanayi B\u00f6lgelerinin altyap\u0131s\u0131n\u0131 g\u00fc\u00e7lendirecek \u00f6nemli bir yat\u0131r\u0131m karar\u0131 al\u0131nd\u0131.<\/p>\n<p>Yap\u0131lan planlama kapsam\u0131nda mevcut OSB\u2019nin elektrik altyap\u0131s\u0131 i\u00e7in 30 milyon TL, 1. \u0130lave ve 2. \u0130lave OSB geni\u015fleme alanlar\u0131n\u0131n altyap\u0131 \u00e7al\u0131\u015fmalar\u0131 i\u00e7in ise 1 milyar 254 milyon 70 bin TL \u00f6denek tahsis edildi.<\/p>\n<p>Hayata ge\u00e7irilecek yat\u0131r\u0131mlar\u0131n, K\u0131r\u015fehir\u2019de sanayi \u00fcretimini art\u0131rmas\u0131, yeni yat\u0131r\u0131m alanlar\u0131n\u0131n a\u00e7\u0131lmas\u0131 ve istihdama \u00f6nemli katk\u0131 sa\u011flamas\u0131 hedefleniyor. Altyap\u0131 g\u00fc\u00e7lendirme \u00e7al\u0131\u015fmalar\u0131yla birlikte Organize Sanayi B\u00f6lgelerinin daha modern ve g\u00fc\u00e7l\u00fc bir yap\u0131ya kavu\u015fmas\u0131 bekleniyor.<\/p>\n<p>Tahsis edilen \u00f6denekleri sosyal medya hesaplar\u0131nda duyuran Milletvekili Necmettin Erkan, desteklerinde dolay\u0131 Cumhurba\u015fkan\u0131 Recep Tayyip Erdo\u011fan ile Sanayi ve Teknoloji Bakan\u0131 Mehmet Fatih Kac\u0131r\u2019a te\u015fekk\u00fcr etti.<\/p>\n","protected":false},"excerpt":{"rendered":"<p>K\u0131r\u015fehir OSB\u2019ye Dev Altyap\u0131 Deste\u011fi K\u0131r\u015fehir Organize Sanayi B\u00f6lgelerinin altyap\u0131s\u0131n\u0131 g\u00fc\u00e7lendirecek \u00f6nemli bir yat\u0131r\u0131m karar\u0131 al\u0131nd\u0131. Yap\u0131lan planlama kapsam\u0131nda mevcut OSB\u2019nin elektrik altyap\u0131s\u0131 i\u00e7in 30 milyon TL, 1. \u0130lave ve 2. \u0130lave OSB geni\u015fleme alanlar\u0131n\u0131n altyap\u0131 \u00e7al\u0131\u015fmalar\u0131 i\u00e7in ise 1 milyar 254 milyon 70 bin TL \u00f6denek tahsis edildi. Hayata ge\u00e7irilecek yat\u0131r\u0131mlar\u0131n, K\u0131r\u015fehir\u2019de sanayi \u00fcretimini [&hellip;]<\/p>\n","protected":false},"author":1,"featured_media":1389,"comment_status":"open","ping_status":"open","sticky":false,"template":"","format":"standard","meta":{"footnotes":""},"categories":[8],"tags":[],"class_list":["post-1387","post","type-post","status-publish","format-standard","has-post-thumbnail","hentry","category-kirsehir"],"_links":{"self":[{"href":"https:\/\/www.kirsehirses.com\/index.php\/wp-json\/wp\/v2\/posts\/1387","targetHints":{"allow":["GET"]}}],"collection":[{"href":"https:\/\/www.kirsehirses.com\/index.php\/wp-json\/wp\/v2\/posts"}],"about":[{"href":"https:\/\/www.kirsehirses.com\/index.php\/wp-json\/wp\/v2\/types\/post"}],"author":[{"embeddable":true,"href":"https:\/\/www.kirsehirses.com\/index.php\/wp-json\/wp\/v2\/users\/1"}],"replies":[{"embeddable":true,"href":"https:\/\/www.kirsehirses.com\/index.php\/wp-json\/wp\/v2\/comments?post=1387"}],"version-history":[{"count":1,"href":"https:\/\/www.kirsehirses.com\/index.php\/wp-json\/wp\/v2\/posts\/1387\/revisions"}],"predecessor-version":[{"id":1390,"href":"https:\/\/www.kirsehirses.com\/index.php\/wp-json\/wp\/v2\/posts\/1387\/revisions\/1390"}],"wp:featuredmedia":[{"embeddable":true,"href":"https:\/\/www.kirsehirses.com\/index.php\/wp-json\/wp\/v2\/media\/1389"}],"wp:attachment":[{"href":"https:\/\/www.kirsehirses.com\/index.php\/wp-json\/wp\/v2\/media?parent=1387"}],"wp:term":[{"taxonomy":"category","embeddable":true,"href":"https:\/\/www.kirsehirses.com\/index.php\/wp-json\/wp\/v2\/categories?post=1387"},{"taxonomy":"post_tag","embeddable":true,"href":"https:\/\/www.kirsehirses.com\/index.php\/wp-json\/wp\/v2\/tags?post=1387"}],"curies":[{"name":"wp","href":"https:\/\/api.w.org\/{rel}","templated":true}]}}