{"id":1397,"date":"2026-01-20T03:30:20","date_gmt":"2026-01-20T00:30:20","guid":{"rendered":"https:\/\/www.kirsehirses.com\/?p=1397"},"modified":"2026-01-20T03:30:20","modified_gmt":"2026-01-20T00:30:20","slug":"19-yasindaki-genc-olu-bulundu","status":"publish","type":"post","link":"https:\/\/www.kirsehirses.com\/index.php\/2026\/01\/20\/19-yasindaki-genc-olu-bulundu\/","title":{"rendered":"19 Ya\u015f\u0131ndaki Gen\u00e7 \u00d6l\u00fc Bulundu"},"content":{"rendered":"<p><strong>19 Ya\u015f\u0131ndaki Gen\u00e7 \u00d6l\u00fc Bulundu<\/strong><\/p>\n<p>G\u00fcneykent Mahallesi\u2019nde bo\u015f arazide bir gencin cans\u0131z bedeni bulundu.<br \/>\nOlay, \u00e7evredeki vatanda\u015flar\u0131n yerde hareketsiz yatan bir ki\u015fiyi fark etmesi \u00fczerine ortaya \u00e7\u0131kt\u0131.<\/p>\n<p>\u0130hbar \u00fczerine b\u00f6lgeye sa\u011fl\u0131k ve polis ekipleri sevk edildi. Sa\u011fl\u0131k ekiplerinin yapt\u0131\u011f\u0131 kontrollerde 19 ya\u015f\u0131ndaki N. Tuncer\u2019in hayat\u0131n\u0131 kaybetti\u011fi belirlendi. Olay yerinde yap\u0131lan ilk incelemelerin ard\u0131ndan Tuncer\u2019in cenazesi, kesin \u00f6l\u00fcm nedeninin belirlenmesi amac\u0131yla K\u0131r\u015fehir E\u011fitim ve Ara\u015ft\u0131rma Hastanesi morguna kald\u0131r\u0131ld\u0131.<\/p>\n<p>Polis ekipleri, olay\u0131n meydana geli\u015f sebebini ayd\u0131nlatmak i\u00e7in soru\u015fturma ba\u015flatt\u0131.<\/p>\n","protected":false},"excerpt":{"rendered":"<p>19 Ya\u015f\u0131ndaki Gen\u00e7 \u00d6l\u00fc Bulundu G\u00fcneykent Mahallesi\u2019nde bo\u015f arazide bir gencin cans\u0131z bedeni bulundu. Olay, \u00e7evredeki vatanda\u015flar\u0131n yerde hareketsiz yatan bir ki\u015fiyi fark etmesi \u00fczerine ortaya \u00e7\u0131kt\u0131. \u0130hbar \u00fczerine b\u00f6lgeye sa\u011fl\u0131k ve polis ekipleri sevk edildi. Sa\u011fl\u0131k ekiplerinin yapt\u0131\u011f\u0131 kontrollerde 19 ya\u015f\u0131ndaki N. Tuncer\u2019in hayat\u0131n\u0131 kaybetti\u011fi belirlendi. Olay yerinde yap\u0131lan ilk incelemelerin ard\u0131ndan Tuncer\u2019in cenazesi, [&hellip;]<\/p>\n","protected":false},"author":1,"featured_media":1398,"comment_status":"open","ping_status":"open","sticky":false,"template":"","format":"standard","meta":{"footnotes":""},"categories":[8],"tags":[],"class_list":["post-1397","post","type-post","status-publish","format-standard","has-post-thumbnail","hentry","category-kirsehir"],"_links":{"self":[{"href":"https:\/\/www.kirsehirses.com\/index.php\/wp-json\/wp\/v2\/posts\/1397","targetHints":{"allow":["GET"]}}],"collection":[{"href":"https:\/\/www.kirsehirses.com\/index.php\/wp-json\/wp\/v2\/posts"}],"about":[{"href":"https:\/\/www.kirsehirses.com\/index.php\/wp-json\/wp\/v2\/types\/post"}],"author":[{"embeddable":true,"href":"https:\/\/www.kirsehirses.com\/index.php\/wp-json\/wp\/v2\/users\/1"}],"replies":[{"embeddable":true,"href":"https:\/\/www.kirsehirses.com\/index.php\/wp-json\/wp\/v2\/comments?post=1397"}],"version-history":[{"count":1,"href":"https:\/\/www.kirsehirses.com\/index.php\/wp-json\/wp\/v2\/posts\/1397\/revisions"}],"predecessor-version":[{"id":1399,"href":"https:\/\/www.kirsehirses.com\/index.php\/wp-json\/wp\/v2\/posts\/1397\/revisions\/1399"}],"wp:featuredmedia":[{"embeddable":true,"href":"https:\/\/www.kirsehirses.com\/index.php\/wp-json\/wp\/v2\/media\/1398"}],"wp:attachment":[{"href":"https:\/\/www.kirsehirses.com\/index.php\/wp-json\/wp\/v2\/media?parent=1397"}],"wp:term":[{"taxonomy":"category","embeddable":true,"href":"https:\/\/www.kirsehirses.com\/index.php\/wp-json\/wp\/v2\/categories?post=1397"},{"taxonomy":"post_tag","embeddable":true,"href":"https:\/\/www.kirsehirses.com\/index.php\/wp-json\/wp\/v2\/tags?post=1397"}],"curies":[{"name":"wp","href":"https:\/\/api.w.org\/{rel}","templated":true}]}}