{"id":1400,"date":"2026-01-20T03:47:45","date_gmt":"2026-01-20T00:47:45","guid":{"rendered":"https:\/\/www.kirsehirses.com\/?p=1400"},"modified":"2026-01-20T03:47:45","modified_gmt":"2026-01-20T00:47:45","slug":"stadyum-meselesi-kirsehir-ne-istiyor-kim-ne-diyor","status":"publish","type":"post","link":"https:\/\/www.kirsehirses.com\/index.php\/2026\/01\/20\/stadyum-meselesi-kirsehir-ne-istiyor-kim-ne-diyor\/","title":{"rendered":"Stadyum Meselesi: K\u0131r\u015fehir Ne \u0130stiyor, Kim Ne Diyor?"},"content":{"rendered":"<h3><b>Stadyum Meselesi: K\u0131r\u015fehir Ne \u0130stiyor, Kim Ne Diyor?<\/b><\/h3>\n<p><span style=\"font-weight: 400;\">K\u0131r\u015fehir\u2019e kazand\u0131r\u0131lmas\u0131 planlanan yeni stadyum projesi i\u00e7in ge\u00e7ti\u011fimiz g\u00fcnlerde imza t\u00f6reni d\u00fczenlendi. K\u0131r\u015fehir Valisi Murat Sefa Demiry\u00fcrek, Spor Toto Te\u015fkilat Ba\u015fkan\u0131 Mehmet Ata \u00d6zt\u00fcrk ve AK Parti K\u0131r\u015fehir Milletvekili Necmettin Erkan\u2019\u0131n kat\u0131ld\u0131\u011f\u0131 t\u00f6renle proje resmiyet kazand\u0131. B\u00f6ylece uzun s\u00fcredir konu\u015fulan stadyum yat\u0131r\u0131m\u0131, k\u00e2\u011f\u0131t \u00fczerinde kalmaktan \u00e7\u0131kt\u0131 ve fiilen s\u00fcrece girmi\u015f oldu.<\/span><\/p>\n<p><span style=\"font-weight: 400;\">Daha \u00f6nce Milletvekili Necmettin Erkan\u2019\u0131n kamuoyuna m\u00fcjdeledi\u011fi proje; modern mimariye sahip, 6 kulvarl\u0131 atletizm pistinin yer ald\u0131\u011f\u0131 ve futbol ba\u015fta olmak \u00fczere farkl\u0131 bran\u015flara hizmet verecek \u00e7ok ama\u00e7l\u0131 bir stadyum olarak planlan\u0131yor. Erkan\u2019\u0131n da \u00f6zellikle vurgulad\u0131\u011f\u0131 gibi bu yat\u0131r\u0131m sadece bir futbol sahas\u0131 de\u011fil, gen\u00e7ler i\u00e7in \u00f6nemli bir spor altyap\u0131s\u0131 hamlesi anlam\u0131na geliyor.<\/span><\/p>\n<p><span style=\"font-weight: 400;\">Ancak i\u015fin en kritik noktas\u0131, stadyumun yap\u0131laca\u011f\u0131 yer meselesi\u2026<\/span><\/p>\n<p><span style=\"font-weight: 400;\">K\u0131r\u015fehir\u2019de bug\u00fcn as\u0131l tart\u0131\u015fma, birka\u00e7 -c\u0131l\u0131z ses d\u0131\u015f\u0131nda- \u201cstadyum yap\u0131lmal\u0131 m\u0131?\u201d de\u011fil, \u201cnerede yap\u0131lmal\u0131?\u201d sorusu etraf\u0131nda d\u00f6n\u00fcyor.<\/span><\/p>\n<p><span style=\"font-weight: 400;\">Bilindi\u011fi \u00fczere Ahi Stadyumu\u2019nun y\u0131k\u0131larak yeni stad\u0131n ayn\u0131 alana yap\u0131lmas\u0131 se\u00e7ene\u011fi uzun s\u00fcredir kulislerde konu\u015fuluyor. Ancak mevcut stad\u0131n \u015fehrin tam merkezinde, adeta K\u0131r\u015fehir\u2019in kalbinde yer almas\u0131 bu fikre kar\u015f\u0131 \u00e7\u0131kanlar\u0131n say\u0131s\u0131n\u0131 art\u0131r\u0131yor. \u00c7\u00fcnk\u00fc bu alan\u0131n, do\u011fru bir projelendirmeyle kente nefes ald\u0131racak sosyal bir ya\u015fam alan\u0131na d\u00f6n\u00fc\u015ft\u00fcr\u00fclmesi gerekti\u011fini savunan ciddi bir kesim bulunuyor.<\/span><\/p>\n<p><span style=\"font-weight: 400;\">Bu konu ge\u00e7ti\u011fimiz hafta AK Parti te\u015fkilat\u0131n\u0131n 10 Ocak \u00c7al\u0131\u015fan Gazeteciler G\u00fcn\u00fc dolay\u0131s\u0131yla d\u00fczenledi\u011fi programda da g\u00fcndeme geldi. Bas\u0131n mensuplar\u0131, yeni stadyumun adeta hamisi konumunda bulunan Milletvekili Necmettin Erkan\u2019a do\u011frudan yer konusunu sordu.<\/span><\/p>\n<p><span style=\"font-weight: 400;\">Erkan\u2019\u0131n cevab\u0131 olduk\u00e7a netti:<\/span><\/p>\n<p><span style=\"font-weight: 400;\">\u201cBizim tek derdimiz in\u015faat\u0131n bir an \u00f6nce ba\u015flamas\u0131. \u0130ster mevcut alanda olsun ister ba\u015fka bir yerde\u2026 Yeter ki K\u0131r\u015fehir i\u00e7in en do\u011fru yer belirlensin ve yap\u0131m s\u00fcreci ba\u015flas\u0131n. Bas\u0131n olarak sizlerde s\u00fcrece yard\u0131mc\u0131 olabilirsiniz. Spor camias\u0131 e halk\u0131m\u0131z\u0131n g\u00f6r\u00fc\u015f\u00fcn\u00fc anketlerle ortaya koyabilirsiniz. Ama\u00a0 Say\u0131n Valimizin ba\u015fkanl\u0131\u011f\u0131nda k\u0131sa s\u00fcrede bu konunun netle\u015fece\u011fine inan\u0131yorum.\u201d<\/span><\/p>\n<p><span style=\"font-weight: 400;\">Bir gazetecinin, \u201cAhi Stadyumu y\u0131k\u0131l\u0131rsa K\u0131r\u015fehirspor ma\u00e7lar\u0131n\u0131 nerede oynayacak?\u201d sorusuna ise Erkan \u015fu yan\u0131t\u0131 verdi:<\/span><\/p>\n<p><span style=\"font-weight: 400;\">\u201cAhi Evran \u00dcniversitemizin \u00e7ok g\u00fczel bir sahas\u0131 var.\u201d<\/span><\/p>\n<p><span style=\"font-weight: 400;\">Ayn\u0131 programda g\u00f6r\u00fc\u015flerini payla\u015fan AK Parti \u0130l Ba\u015fkan\u0131 Seher \u00dcnsal ise net bir bak\u0131\u015f a\u00e7\u0131s\u0131 ortaya koydu. Yeni stadyumun \u00f6zellikle \u00e7evre yolu g\u00fczerg\u00e2h\u0131nda, ana ula\u015f\u0131m akslar\u0131na yak\u0131n bir noktada yap\u0131lmas\u0131n\u0131n daha do\u011fru olaca\u011f\u0131n\u0131 s\u00f6yledi.<\/span><\/p>\n<p><span style=\"font-weight: 400;\">Stadyum alan\u0131n\u0131n Ahi K\u00fclliyesi ve Kent Park ile b\u00fct\u00fcnle\u015fecek bir konumda oldu\u011funa dikkat \u00e7ekerek, \u201cStadyum kald\u0131r\u0131ld\u0131\u011f\u0131nda bu alan g\u00fczel bir projeyle \u015fehrin nefes alaca\u011f\u0131 bir yer olarak de\u011ferlendirilebilir\u201d dedi. Ayr\u0131ca \u00e7evre yolu \u00fczerinde, K\u0131r\u015fehir M\u00fczesi\u2019nin bulundu\u011fu b\u00f6lgede uygun bir alan oldu\u011funu, teknik incelemeler sonucunda zemin et\u00fcd\u00fc ve di\u011fer teknik \u015fartlar uygunsa stad\u0131n bu alana yap\u0131lmas\u0131n\u0131n do\u011fru olaca\u011f\u0131n\u0131 dile getirdi.<\/span><\/p>\n<p><span style=\"font-weight: 400;\">Her zaman Belediye ile ayn\u0131 g\u00f6r\u00fc\u015f\u00fc payla\u015fan Kent Konseyi Ba\u015fkan\u0131 M\u00fcfit G\u00f6\u00e7en de yapt\u0131\u011f\u0131 a\u00e7\u0131klamada, mevcut stadyum alan\u0131n\u0131n Millet Bah\u00e7esi olarak de\u011ferlendirilmesi gerekti\u011fini s\u00f6yledi. Bu a\u00e7\u0131klama, belediyenin de stadyumun \u015fehir d\u0131\u015f\u0131na yap\u0131lmas\u0131ndan yana oldu\u011funun a\u00e7\u0131k bir ifadesi oldu.<\/span><\/p>\n<p><span style=\"font-weight: 400;\">Tart\u0131\u015fmalar s\u00fcrerken biz de \u201cK\u0131r\u015fehir Ses Haber\u201d olarak bu konuyu do\u011frudan halka sorduk.<\/span><\/p>\n<p><span style=\"font-weight: 400;\">Yapt\u0131\u011f\u0131m\u0131z ankette y\u00fczde 46\u2019l\u0131k kesim mevcut yerin korunmas\u0131n\u0131 isterken, y\u00fczde 54\u2019l\u00fck kesim yeni stadyumun \u015fehir merkezine \u00e7ok uzak olmamak kayd\u0131yla \u00e7evre yolu g\u00fczerg\u00e2h\u0131nda yap\u0131lmas\u0131ndan yana g\u00f6r\u00fc\u015f bildirdi.<\/span><\/p>\n<p><span style=\"font-weight: 400;\">Ankete oy kullanarak kat\u0131lma yerine mesaj yazarak kat\u0131lmay\u0131 tercih eden okuyucular\u0131m\u0131z da vard\u0131. Gelen mesajlarda farkl\u0131 alternatifler de \u00f6ne \u00e7\u0131kt\u0131. Yaya ula\u015f\u0131m\u0131 a\u00e7\u0131s\u0131ndan mevcut alan\u0131n avantajl\u0131 oldu\u011funu savunanlar oldu\u011fu gibi, K\u0131l\u0131\u00e7\u00f6z\u00fc Sanayi Sitesi yan\u0131ndaki eski terminal alan\u0131n\u0131 ve Dost Bah\u00e7e arazisini i\u015faret edenler \u00e7o\u011funluktayd\u0131. Ancak genel e\u011filim yine anayola yak\u0131n, \u015fehrin biraz d\u0131\u015f\u0131nda ama ula\u015f\u0131m\u0131 kolay bir lokasyon \u00fczerinde yo\u011funla\u015f\u0131yor.<\/span><\/p>\n<p><span style=\"font-weight: 400;\">Gelelim mevcut Ahi Stadyumu\u2019nun durumuna\u2026<\/span><\/p>\n<p><span style=\"font-weight: 400;\">Stadyum, 1969 y\u0131l\u0131nda yakla\u015f\u0131k 7 bin 500 ki\u015filik kapasiteyle in\u015fa edildi. O d\u00f6nemde koltuklu trib\u00fcn sistemi olmad\u0131\u011f\u0131 i\u00e7in kapasite konusunu ona g\u00f6re de\u011ferlendirmek gerekiyor. Bug\u00fcn mevcut durumda\u00a0 Ahi Stadyumu\u2019nda 4 bin 810 seyirci koltu\u011fu ve 97 protokol koltu\u011fu olmak \u00fczere toplam 4 bin 907 koltuk bulunuyor. Yani mevcut stad\u0131n kapasitesi 5 bin ki\u015fi civar\u0131nda.<\/span><\/p>\n<p><span style=\"font-weight: 400;\">Ahi Stadyumu\u2019nda i\u015fin teknik boyutu daha da d\u00fc\u015f\u00fcnd\u00fcr\u00fcc\u00fc. Yenisi yap\u0131lmasa bile mevcut stadyumun y\u0131k\u0131lmas\u0131 gerekti\u011fine dair ciddi teknik raporlar ve de\u011ferlendirmeler bulunuyor. \u0130l y\u00f6neticileri risk alarak stad\u0131 m\u00fcsabakalara kapatm\u0131yor. Ancak bu s\u00fcrecin daha fazla uzamas\u0131 m\u00fcmk\u00fcn g\u00f6r\u00fcnm\u00fcyor.<\/span><\/p>\n<p><span style=\"font-weight: 400;\">Bu tablo ortadayken, kendisini \u201c\u015fehrin akil insan\u0131\u201d olarak tan\u0131mlayan baz\u0131 kesimlerin \u201cK\u0131r\u015fehir\u2019in stadyuma ihtiyac\u0131 yok\u201d s\u00f6ylemini anlamak ger\u00e7ekten zor. K\u0131r\u015fehir yat\u0131r\u0131m alm\u0131yor diye feveran edenlerin, her yat\u0131r\u0131mda oldu\u011fu gibi stadyuma da kar\u015f\u0131 \u00e7\u0131kmas\u0131 art\u0131k al\u0131\u015f\u0131ld\u0131k bir tablo h\u00e2line geldi.<\/span><\/p>\n<p><span style=\"font-weight: 400;\">Yani me\u015fhur tabirle \u201cistemez\u00fck\u00e7\u00fcler\u201d yine sahnede\u2026<\/span><\/p>\n<p><span style=\"font-weight: 400;\">Daha da ilginci, bu yat\u0131r\u0131m\u0131 \u00f6nemsizle\u015ftirmeye \u00e7al\u0131\u015fan, AK Parti\u2019nin ve Milletvekili Necmettin Erkan\u2019\u0131n y\u00fcr\u00fctt\u00fc\u011f\u00fc s\u00fcreci s\u0131radan bir i\u015fmi\u015f gibi g\u00f6stermeye \u00e7al\u0131\u015fan \u00e7evrelerin varl\u0131\u011f\u0131. Her nedense hizmet edenlere te\u015fekk\u00fcr etmeyi bir t\u00fcrl\u00fc \u00f6\u011frenemedik.<\/span><\/p>\n<p><span style=\"font-weight: 400;\">\u0130\u015fin bu taraf\u0131n\u0131 bir kenara b\u0131rak\u0131rsak, birka\u00e7 g\u00fcn \u00f6nce Gen\u00e7lik ve Spor Bakanl\u0131\u011f\u0131\u2019ndan gelen teknik heyet, belediye ve ilgili kurum temsilcileriyle birlikte alternatif alanlarda saha incelemeleri yapt\u0131.<\/span><\/p>\n<p><span style=\"font-weight: 400;\">Bakanl\u0131k, K\u0131r\u015fehir Belediyesi ve Valilik ad\u0131na Gen\u00e7lik ve Spor \u0130l M\u00fcd\u00fcrl\u00fc\u011f\u00fc ilk kez bu kadar net \u015fekilde ayn\u0131 masada bulu\u015ftu. \u00d6n\u00fcm\u00fczdeki g\u00fcnlerde yeni stadyumun yap\u0131laca\u011f\u0131 alan\u0131n netle\u015fmesi bekleniyor.<\/span><\/p>\n<p><span style=\"font-weight: 400;\">Gen\u00e7lik ve Spor \u0130l M\u00fcd\u00fcrl\u00fc\u011f\u00fc\u2019nden yap\u0131lan a\u00e7\u0131klamada, \u201cModern ve K\u0131r\u015fehir\u2019e yak\u0131\u015f\u0131r bir stadyum i\u00e7in her detay masada\u201d ifadesi kullan\u0131ld\u0131. Kamuoyunun istedi\u011fi de tam bu anlay\u0131\u015f.<\/span><\/p>\n<p><span style=\"font-weight: 400;\">Bu noktada Ejdero\u011flu K\u0131r\u015fehir Futbol Kul\u00fcb\u00fc Ba\u015fkan\u0131 \u00c7a\u011fatay Han Torun\u2019un s\u00f6z\u00fcn\u00fc de yabana atmamak gerekiyor:<\/span><\/p>\n<p><span style=\"font-weight: 400;\">\u201cK\u0131r\u015fehirspor\u2019un olmad\u0131\u011f\u0131 bir yerde yap\u0131lacak stadyumun bo\u015f kalaca\u011f\u0131 a\u00e7\u0131kt\u0131r. \u00d6nceli\u011fimiz kul\u00fcb\u00fcn s\u00fcrd\u00fcr\u00fclebilirli\u011fi ve gelece\u011fidir.\u201d<\/span><\/p>\n<p><span style=\"font-weight: 400;\">Ger\u00e7ekten de bu yat\u0131r\u0131m\u0131n as\u0131l sahibi K\u0131r\u015fehirspor ve K\u0131r\u015fehir halk\u0131d\u0131r. Tak\u0131m\u0131m\u0131za hep birlikte sahip \u00e7\u0131kmak zorunday\u0131z. \u00d6zellikle K\u0131r\u015fehir Belediyesi\u2019nin de beklentileri kar\u015f\u0131layacak alternatif alanlar belirlenmesi hususunda etkin \u00e7aba g\u00f6stermesi halk\u0131m\u0131z\u0131n talebidir.<\/span><\/p>\n<p><span style=\"font-weight: 400;\">Geldi\u011fimiz noktada genel kanaat \u015fudur:<\/span><\/p>\n<p><span style=\"font-weight: 400;\">K\u0131r\u015fehir\u2019e yap\u0131lmas\u0131 planlanan 6 bin 500 seyirci kapasiteli modern stadyumun, \u00e7evre yolu g\u00fczerg\u00e2h\u0131nda, ula\u015f\u0131m\u0131 kolay ve geni\u015fleme imk\u00e2n\u0131 olan bir alanda in\u015fa edilmesi en g\u00fc\u00e7l\u00fc se\u00e7enek olarak \u00f6ne \u00e7\u0131kmaktad\u0131r.<\/span><\/p>\n<p><span style=\"font-weight: 400;\">Son olarak \u015funu da a\u00e7\u0131k\u00e7a ifade etmek gerekir:<\/span><\/p>\n<p><span style=\"font-weight: 400;\">S\u0131rf muhalefet olsun diye, (bunu sadece siyasi muhalefet de\u011fil, her i\u015fe kar\u015f\u0131 \u00e7\u0131kan \u015fah\u0131slar\u0131 da kastediyorum) \u00e7e\u015fitli hesaplarla bu t\u00fcr yat\u0131r\u0131mlar\u0131 g\u00f6rmezden gelmek K\u0131r\u015fehir\u2019e fayda sa\u011flamaz. Bu \u00f6nemli spor yat\u0131r\u0131m\u0131n\u0131n kente kazand\u0131r\u0131lmas\u0131nda eme\u011fi ge\u00e7en AK Parti iktidar\u0131na, Gen\u00e7lik ve Spor Bakan\u0131 Osman A\u015fk\u0131n Bak\u2019a ve Milletvekili Necmettin Erkan\u2019a te\u015fekk\u00fcr etmek de bir hakk\u0131n teslimidir.<\/span><\/p>\n<p>Osman DEM\u0130R<\/p>\n","protected":false},"excerpt":{"rendered":"<p>Stadyum Meselesi: K\u0131r\u015fehir Ne \u0130stiyor, Kim Ne Diyor? K\u0131r\u015fehir\u2019e kazand\u0131r\u0131lmas\u0131 planlanan yeni stadyum projesi i\u00e7in ge\u00e7ti\u011fimiz g\u00fcnlerde imza t\u00f6reni d\u00fczenlendi. K\u0131r\u015fehir Valisi Murat Sefa Demiry\u00fcrek, Spor Toto Te\u015fkilat Ba\u015fkan\u0131 Mehmet Ata \u00d6zt\u00fcrk ve AK Parti K\u0131r\u015fehir Milletvekili Necmettin Erkan\u2019\u0131n kat\u0131ld\u0131\u011f\u0131 t\u00f6renle proje resmiyet kazand\u0131. B\u00f6ylece uzun s\u00fcredir konu\u015fulan stadyum yat\u0131r\u0131m\u0131, k\u00e2\u011f\u0131t \u00fczerinde kalmaktan \u00e7\u0131kt\u0131 ve [&hellip;]<\/p>\n","protected":false},"author":1,"featured_media":1401,"comment_status":"open","ping_status":"open","sticky":false,"template":"","format":"standard","meta":{"footnotes":""},"categories":[8],"tags":[],"class_list":["post-1400","post","type-post","status-publish","format-standard","has-post-thumbnail","hentry","category-kirsehir"],"_links":{"self":[{"href":"https:\/\/www.kirsehirses.com\/index.php\/wp-json\/wp\/v2\/posts\/1400","targetHints":{"allow":["GET"]}}],"collection":[{"href":"https:\/\/www.kirsehirses.com\/index.php\/wp-json\/wp\/v2\/posts"}],"about":[{"href":"https:\/\/www.kirsehirses.com\/index.php\/wp-json\/wp\/v2\/types\/post"}],"author":[{"embeddable":true,"href":"https:\/\/www.kirsehirses.com\/index.php\/wp-json\/wp\/v2\/users\/1"}],"replies":[{"embeddable":true,"href":"https:\/\/www.kirsehirses.com\/index.php\/wp-json\/wp\/v2\/comments?post=1400"}],"version-history":[{"count":1,"href":"https:\/\/www.kirsehirses.com\/index.php\/wp-json\/wp\/v2\/posts\/1400\/revisions"}],"predecessor-version":[{"id":1402,"href":"https:\/\/www.kirsehirses.com\/index.php\/wp-json\/wp\/v2\/posts\/1400\/revisions\/1402"}],"wp:featuredmedia":[{"embeddable":true,"href":"https:\/\/www.kirsehirses.com\/index.php\/wp-json\/wp\/v2\/media\/1401"}],"wp:attachment":[{"href":"https:\/\/www.kirsehirses.com\/index.php\/wp-json\/wp\/v2\/media?parent=1400"}],"wp:term":[{"taxonomy":"category","embeddable":true,"href":"https:\/\/www.kirsehirses.com\/index.php\/wp-json\/wp\/v2\/categories?post=1400"},{"taxonomy":"post_tag","embeddable":true,"href":"https:\/\/www.kirsehirses.com\/index.php\/wp-json\/wp\/v2\/tags?post=1400"}],"curies":[{"name":"wp","href":"https:\/\/api.w.org\/{rel}","templated":true}]}}