{"id":1407,"date":"2026-01-21T16:14:13","date_gmt":"2026-01-21T13:14:13","guid":{"rendered":"https:\/\/www.kirsehirses.com\/?p=1407"},"modified":"2026-01-21T16:14:13","modified_gmt":"2026-01-21T13:14:13","slug":"irandaki-kirsehirli-turk-hanedani-kacarlar","status":"publish","type":"post","link":"https:\/\/www.kirsehirses.com\/index.php\/2026\/01\/21\/irandaki-kirsehirli-turk-hanedani-kacarlar\/","title":{"rendered":"\u0130ran\u2019daki K\u0131r\u015fehirli T\u00fcrk hanedan\u0131: Ka\u00e7arlar"},"content":{"rendered":"<p><strong>\u0130ran\u2019daki K\u0131r\u015fehirli T\u00fcrk hanedan\u0131: Ka\u00e7arlar<\/strong><\/p>\n<p>Ka\u00e7ar Hanedan\u0131, 1794 ile 1925 y\u0131llar\u0131 aras\u0131nda \u0130ran\u2019da iktidarda kald\u0131. O\u011fuz T\u00fcrklerine mensup olan Ka\u00e7arlar, \u0130ran\u2019\u0131 y\u00f6neten son T\u00fcrk k\u00f6kenli hanedan olarak tarihe ge\u00e7ti. Bug\u00fcnk\u00fc \u0130ran s\u0131n\u0131rlar\u0131n\u0131n b\u00fcy\u00fck b\u00f6l\u00fcm\u00fc ve Tahran\u2019\u0131n ba\u015fkent olmas\u0131 Ka\u00e7arlar d\u00f6neminde \u015fekillendi.<\/p>\n<p>&nbsp;<\/p>\n<p>Tarihsel kaynaklara g\u00f6re Ka\u00e7arlar, K\u0131r\u015fehir ve Yozgat \u00e7evresinde ya\u015fayan T\u00fcrkmen boylar\u0131 aras\u0131ndan \u00e7\u0131kt\u0131. Osmanl\u0131-Safevi m\u00fccadelesi s\u0131ras\u0131nda \u0130ran\u2019a g\u00f6\u00e7 eden Ka\u00e7arlar, zamanla askeri ve idari g\u00fc\u00e7 kazand\u0131. A\u011fa Muhammed Han Ka\u00e7ar, 1796\u2019da tahta \u00e7\u0131karak hanedan\u0131n iktidar\u0131n\u0131 ba\u015flatt\u0131.<\/p>\n<p>&nbsp;<\/p>\n<p>\u0130ran topraklar\u0131 yakla\u015f\u0131k bin y\u0131l boyunca T\u00fcrk k\u00f6kenli hanedanlar taraf\u0131ndan y\u00f6netildi. Gazneliler, B\u00fcy\u00fck Sel\u00e7uklular, Harezm\u015fahlar, \u0130lhanl\u0131lar, Akkoyunlular, Karakoyunlular, Safeviler, Af\u015farlar ve son olarak Ka\u00e7arlar bu s\u00fcrecin halkalar\u0131n\u0131 olu\u015fturdu. Ka\u00e7arlar, bu uzun T\u00fcrk y\u00f6netim zincirinin son temsilcisi oldu.<\/p>\n<p>&nbsp;<\/p>\n<p>Ka\u00e7ar Hanedan\u0131\u2019n\u0131n son \u015fah\u0131 Ahmed \u015eah Ka\u00e7ar, 1925\u2019te R\u0131za Han\u2019\u0131n \u00f6nc\u00fcl\u00fc\u011f\u00fcnde ger\u00e7ekle\u015ftirilen darbeyle tahttan indirildi. Ahmed \u015eah Fransa\u2019ya gitti ve 1930 y\u0131l\u0131nda Paris\u2019te hayat\u0131n\u0131 kaybetti. Bu geli\u015fmeyle birlikte \u0130ran\u2019daki T\u00fcrk hanedanl\u0131\u011f\u0131 d\u00f6nemi sona erdi.<\/p>\n<p>&nbsp;<\/p>\n<p>Ka\u00e7arlar\u0131 deviren R\u0131za Han, Pehlevi hanedan\u0131n\u0131 kurarak \u0130ran\u2019da yeni bir d\u00f6nem ba\u015flatt\u0131. Bu s\u00fcre\u00e7te T\u00fcrk devlet gelene\u011fi ve Turan miras\u0131 geri plana itildi. Yerine Aryan kimli\u011fi temelli yeni bir ideolojik yap\u0131 in\u015fa edildi.<\/p>\n<p>&nbsp;<\/p>\n<p>Ka\u00e7ar Hanedan\u0131 \u00fcyeleri g\u00fcn\u00fcm\u00fczde \u0130ran, Fransa, \u0130ngiltere ve ABD ba\u015fta olmak \u00fczere farkl\u0131 \u00fclkelerde ya\u015famlar\u0131n\u0131 s\u00fcrd\u00fcr\u00fcyor. Hanedan\u0131n ya\u015fayan fertleri siyasetle ilgilenmiyor, monar\u015fi iddias\u0131 ta\u015f\u0131m\u0131yor. Akademisyenlik, sanat ve \u00f6zel sekt\u00f6r gibi alanlarda hayatlar\u0131na devam ediyorlar.<\/p>\n<p>&nbsp;<\/p>\n<p>Bug\u00fcn \u0130ran\u2019\u0131n dini lideri Ali Hamaney\u2019in ailesinin Azerbaycan T\u00fcrk\u00fc k\u00f6kenli olmas\u0131 ve baz\u0131 \u00fcst d\u00fczey isimlerin T\u00fcrk kimli\u011fini a\u00e7\u0131k\u00e7a dile getirmesi, \u00fclkedeki T\u00fcrk varl\u0131\u011f\u0131n\u0131n g\u00fcncelli\u011fini korudu\u011funun da bir g\u00f6stergesi olarak tarih sayfalar\u0131nda yer alacak.<\/p>\n<p>\u0130ran tarihi, Pers kimli\u011fi kadar T\u00fcrk hanedanlar\u0131yla da \u015fekillenmi\u015f bir ge\u00e7mi\u015fe dayan\u0131yor.<\/p>\n<p>&nbsp;<\/p>\n<p>\u0130ran\u2019\u0131 y\u00f6neten T\u00fcrk hanedanlar\u0131 Farsile\u015fmedi, saray ve devlet gelene\u011finde T\u00fcrk kimli\u011fi korunarak s\u00fcrd\u00fcr\u00fcld\u00fc. T\u00fcrk h\u00fck\u00fcmdarlar kendilerini \u201cs\u00e2l\u00e2r-\u0131 T\u00fcrk\u201d, \u201cp\u00e2di\u015f\u00e2h-\u0131 T\u00fcrk\u201d, \u201csult\u00e2n-\u0131 T\u00fcrk\u201d ve \u201ch\u00e2k\u00e2n-\u0131 T\u00fcrk\u201d unvanlar\u0131yla an\u0131ld\u0131.<\/p>\n<p>1941\u201342 y\u0131llar\u0131nda \u0130ran T\u00fcrkleri b\u00fcy\u00fck katliamlara maruz kald\u0131. Bu s\u00fcre\u00e7te \u0130ran ve Rus y\u00f6netimleri a\u00e7\u0131s\u0131ndan \u015ei\u00ee kimli\u011fin bir kar\u015f\u0131l\u0131\u011f\u0131 kalmad\u0131; T\u00fcrkler yaln\u0131zca ayr\u0131l\u0131k\u00e7\u0131 unsur olarak g\u00f6r\u00fcld\u00fc. Yakla\u015f\u0131k bin y\u0131l boyunca T\u00fcrk hanedanlar\u0131 taraf\u0131ndan y\u00f6netilen \u0130ran\u2019da, 1925\u2019te T\u00fcrklerin siyaset sahnesinden tasfiye edilmesiyle bu d\u00f6nem sona erdi.<\/p>\n<p>Bug\u00fcn gelinen noktada \u0130ran T\u00fcrkleri, \u00f6zellikle Azerbaycan ile ili\u015fkiler ba\u015fl\u0131\u011f\u0131nda, Tahran y\u00f6netiminin hassasiyetle izledi\u011fi bir topluluk olarak \u00f6ne \u00e7\u0131k\u0131yor. (T\u00fcrkiye Gazetesinden Al\u0131nt\u0131d\u0131r)<\/p>\n","protected":false},"excerpt":{"rendered":"<p>\u0130ran\u2019daki K\u0131r\u015fehirli T\u00fcrk hanedan\u0131: Ka\u00e7arlar Ka\u00e7ar Hanedan\u0131, 1794 ile 1925 y\u0131llar\u0131 aras\u0131nda \u0130ran\u2019da iktidarda kald\u0131. O\u011fuz T\u00fcrklerine mensup olan Ka\u00e7arlar, \u0130ran\u2019\u0131 y\u00f6neten son T\u00fcrk k\u00f6kenli hanedan olarak tarihe ge\u00e7ti. Bug\u00fcnk\u00fc \u0130ran s\u0131n\u0131rlar\u0131n\u0131n b\u00fcy\u00fck b\u00f6l\u00fcm\u00fc ve Tahran\u2019\u0131n ba\u015fkent olmas\u0131 Ka\u00e7arlar d\u00f6neminde \u015fekillendi. &nbsp; Tarihsel kaynaklara g\u00f6re Ka\u00e7arlar, K\u0131r\u015fehir ve Yozgat \u00e7evresinde ya\u015fayan T\u00fcrkmen boylar\u0131 aras\u0131ndan \u00e7\u0131kt\u0131. [&hellip;]<\/p>\n","protected":false},"author":1,"featured_media":1408,"comment_status":"open","ping_status":"open","sticky":false,"template":"","format":"standard","meta":{"footnotes":""},"categories":[6,8],"tags":[],"class_list":["post-1407","post","type-post","status-publish","format-standard","has-post-thumbnail","hentry","category-dunya","category-kirsehir"],"_links":{"self":[{"href":"https:\/\/www.kirsehirses.com\/index.php\/wp-json\/wp\/v2\/posts\/1407","targetHints":{"allow":["GET"]}}],"collection":[{"href":"https:\/\/www.kirsehirses.com\/index.php\/wp-json\/wp\/v2\/posts"}],"about":[{"href":"https:\/\/www.kirsehirses.com\/index.php\/wp-json\/wp\/v2\/types\/post"}],"author":[{"embeddable":true,"href":"https:\/\/www.kirsehirses.com\/index.php\/wp-json\/wp\/v2\/users\/1"}],"replies":[{"embeddable":true,"href":"https:\/\/www.kirsehirses.com\/index.php\/wp-json\/wp\/v2\/comments?post=1407"}],"version-history":[{"count":1,"href":"https:\/\/www.kirsehirses.com\/index.php\/wp-json\/wp\/v2\/posts\/1407\/revisions"}],"predecessor-version":[{"id":1409,"href":"https:\/\/www.kirsehirses.com\/index.php\/wp-json\/wp\/v2\/posts\/1407\/revisions\/1409"}],"wp:featuredmedia":[{"embeddable":true,"href":"https:\/\/www.kirsehirses.com\/index.php\/wp-json\/wp\/v2\/media\/1408"}],"wp:attachment":[{"href":"https:\/\/www.kirsehirses.com\/index.php\/wp-json\/wp\/v2\/media?parent=1407"}],"wp:term":[{"taxonomy":"category","embeddable":true,"href":"https:\/\/www.kirsehirses.com\/index.php\/wp-json\/wp\/v2\/categories?post=1407"},{"taxonomy":"post_tag","embeddable":true,"href":"https:\/\/www.kirsehirses.com\/index.php\/wp-json\/wp\/v2\/tags?post=1407"}],"curies":[{"name":"wp","href":"https:\/\/api.w.org\/{rel}","templated":true}]}}