{"id":1421,"date":"2026-01-22T02:53:50","date_gmt":"2026-01-21T23:53:50","guid":{"rendered":"https:\/\/www.kirsehirses.com\/?p=1421"},"modified":"2026-01-22T02:53:50","modified_gmt":"2026-01-21T23:53:50","slug":"kirsehir-ahi-evran-universitesi-projeleri-kop-bolge-kalkinma-idaresine-sunuldu","status":"publish","type":"post","link":"https:\/\/www.kirsehirses.com\/index.php\/2026\/01\/22\/kirsehir-ahi-evran-universitesi-projeleri-kop-bolge-kalkinma-idaresine-sunuldu\/","title":{"rendered":"K\u0131r\u015fehir Ahi Evran \u00dcniversitesi Projeleri KOP B\u00f6lge Kalk\u0131nma \u0130daresine Sunuldu"},"content":{"rendered":"<p><strong>K\u0131r\u015fehir Ahi Evran \u00dcniversitesi Projeleri KOP B\u00f6lge Kalk\u0131nma \u0130daresine Sunuldu<\/strong><\/p>\n<p data-start=\"94\" data-end=\"568\">Ar-Ge \u00e7al\u0131\u015fmalar\u0131n\u0131 ve b\u00f6lgesel i\u015f birliklerini g\u00fc\u00e7lendirmeyi hedefleyen K\u0131r\u015fehir Ahi Evran \u00dcniversitesi, kalk\u0131nma odakl\u0131 projelerini ilgili kurumlarla payla\u015fmay\u0131 s\u00fcrd\u00fcr\u00fcyor. Bu kapsamda K\u0131r\u015fehir Ahi Evran \u00dcniversitesi Rekt\u00f6r\u00fc Prof. Dr. Mustafa Kas\u0131m Karahocagil, Konya Ovas\u0131 Projesi (KOP) B\u00f6lge Kalk\u0131nma \u0130daresi Ba\u015fkanl\u0131\u011f\u0131n\u0131 ziyaret etti. 20 Ocak 2026 tarihinde ger\u00e7ekle\u015ftirilen ziyarette Rekt\u00f6r Karahocagil\u2019e, Rekt\u00f6r Yard\u0131mc\u0131s\u0131 Prof. Dr. Ali G\u00fcne\u015f e\u015flik etti.<\/p>\n<p data-start=\"570\" data-end=\"1169\">Ziyaret s\u0131ras\u0131nda K\u0131r\u015fehir Ahi Evran \u00dcniversitesinin yakla\u015f\u0131k 20 y\u0131ll\u0131k akademik birikimi, ara\u015ft\u0131rma altyap\u0131s\u0131 ve b\u00f6lgesel kalk\u0131nmaya y\u00f6nelik hedefleri ele al\u0131nd\u0131. Rekt\u00f6r Prof. Dr. Mustafa Kas\u0131m Karahocagil, \u00fcniversitenin sanayi, tar\u0131m, teknoloji ve sosyal kalk\u0131nma alanlar\u0131nda y\u00fcr\u00fctt\u00fc\u011f\u00fc \u00e7al\u0131\u015fmalar ile haz\u0131rlanan \u00e7al\u0131\u015ftay raporlar\u0131 ve proje \u00f6nerileri hakk\u0131nda kapsaml\u0131 bilgiler payla\u015ft\u0131. \u00dcniversitenin bilimsel kapasitesini b\u00f6lgenin ihtiya\u00e7lar\u0131yla bulu\u015fturmay\u0131 ama\u00e7lad\u0131klar\u0131n\u0131 ifade eden Karahocagil, KOP\u2019un sa\u011flayaca\u011f\u0131 desteklerin projelerin hayata ge\u00e7irilmesi a\u00e7\u0131s\u0131ndan \u00f6nem ta\u015f\u0131d\u0131\u011f\u0131n\u0131 vurgulad\u0131.<\/p>\n<p data-start=\"1171\" data-end=\"1461\">G\u00f6r\u00fc\u015fmede, \u00fcniversite ile KOP B\u00f6lge Kalk\u0131nma \u0130daresi aras\u0131nda geli\u015ftirilebilecek i\u015f birli\u011fi alanlar\u0131 da de\u011ferlendirildi. B\u00f6lgesel kalk\u0131nmay\u0131 destekleyecek projelerin s\u00fcrd\u00fcr\u00fclebilirli\u011fi, \u00fcniversite-kamu i\u015f birli\u011fi ve Ar-Ge odakl\u0131 \u00e7al\u0131\u015fmalar g\u00f6r\u00fc\u015fmenin \u00f6ne \u00e7\u0131kan ba\u015fl\u0131klar\u0131 aras\u0131nda yer ald\u0131.<\/p>\n<p data-start=\"1463\" data-end=\"1817\">KOP B\u00f6lge Kalk\u0131nma \u0130daresi Ba\u015fkan\u0131 Dr. Murat Karakoyunlu ise K\u0131r\u015fehir Ahi Evran \u00dcniversitesinin bulundu\u011fu ilin ve b\u00f6lgenin kalk\u0131nmas\u0131na katk\u0131 sa\u011flayan projeler y\u00fcr\u00fctt\u00fc\u011f\u00fcn\u00fc belirterek, bu projelere destek vermeye devam edeceklerini ifade etti. Ziyaretten duydu\u011fu memnuniyeti dile getiren Karakoyunlu, \u00fcniversite y\u00f6netimine \u00e7al\u0131\u015fmalar\u0131nda ba\u015far\u0131lar diledi.<\/p>\n<p data-start=\"1819\" data-end=\"1877\" data-is-last-node=\"\" data-is-only-node=\"\">Ziyaret, kar\u015f\u0131l\u0131kl\u0131 de\u011ferlendirmelerin ard\u0131ndan sona erdi.<\/p>\n","protected":false},"excerpt":{"rendered":"<p>K\u0131r\u015fehir Ahi Evran \u00dcniversitesi Projeleri KOP B\u00f6lge Kalk\u0131nma \u0130daresine Sunuldu Ar-Ge \u00e7al\u0131\u015fmalar\u0131n\u0131 ve b\u00f6lgesel i\u015f birliklerini g\u00fc\u00e7lendirmeyi hedefleyen K\u0131r\u015fehir Ahi Evran \u00dcniversitesi, kalk\u0131nma odakl\u0131 projelerini ilgili kurumlarla payla\u015fmay\u0131 s\u00fcrd\u00fcr\u00fcyor. Bu kapsamda K\u0131r\u015fehir Ahi Evran \u00dcniversitesi Rekt\u00f6r\u00fc Prof. Dr. Mustafa Kas\u0131m Karahocagil, Konya Ovas\u0131 Projesi (KOP) B\u00f6lge Kalk\u0131nma \u0130daresi Ba\u015fkanl\u0131\u011f\u0131n\u0131 ziyaret etti. 20 Ocak 2026 tarihinde [&hellip;]<\/p>\n","protected":false},"author":1,"featured_media":1422,"comment_status":"open","ping_status":"open","sticky":false,"template":"","format":"standard","meta":{"footnotes":""},"categories":[10,8],"tags":[],"class_list":["post-1421","post","type-post","status-publish","format-standard","has-post-thumbnail","hentry","category-egitim","category-kirsehir"],"_links":{"self":[{"href":"https:\/\/www.kirsehirses.com\/index.php\/wp-json\/wp\/v2\/posts\/1421","targetHints":{"allow":["GET"]}}],"collection":[{"href":"https:\/\/www.kirsehirses.com\/index.php\/wp-json\/wp\/v2\/posts"}],"about":[{"href":"https:\/\/www.kirsehirses.com\/index.php\/wp-json\/wp\/v2\/types\/post"}],"author":[{"embeddable":true,"href":"https:\/\/www.kirsehirses.com\/index.php\/wp-json\/wp\/v2\/users\/1"}],"replies":[{"embeddable":true,"href":"https:\/\/www.kirsehirses.com\/index.php\/wp-json\/wp\/v2\/comments?post=1421"}],"version-history":[{"count":1,"href":"https:\/\/www.kirsehirses.com\/index.php\/wp-json\/wp\/v2\/posts\/1421\/revisions"}],"predecessor-version":[{"id":1423,"href":"https:\/\/www.kirsehirses.com\/index.php\/wp-json\/wp\/v2\/posts\/1421\/revisions\/1423"}],"wp:featuredmedia":[{"embeddable":true,"href":"https:\/\/www.kirsehirses.com\/index.php\/wp-json\/wp\/v2\/media\/1422"}],"wp:attachment":[{"href":"https:\/\/www.kirsehirses.com\/index.php\/wp-json\/wp\/v2\/media?parent=1421"}],"wp:term":[{"taxonomy":"category","embeddable":true,"href":"https:\/\/www.kirsehirses.com\/index.php\/wp-json\/wp\/v2\/categories?post=1421"},{"taxonomy":"post_tag","embeddable":true,"href":"https:\/\/www.kirsehirses.com\/index.php\/wp-json\/wp\/v2\/tags?post=1421"}],"curies":[{"name":"wp","href":"https:\/\/api.w.org\/{rel}","templated":true}]}}