{"id":1428,"date":"2026-01-26T06:22:04","date_gmt":"2026-01-26T03:22:04","guid":{"rendered":"https:\/\/www.kirsehirses.com\/?p=1428"},"modified":"2026-01-26T06:22:04","modified_gmt":"2026-01-26T03:22:04","slug":"karahidirli-muhendis-hayatini-kaybetti","status":"publish","type":"post","link":"https:\/\/www.kirsehirses.com\/index.php\/2026\/01\/26\/karahidirli-muhendis-hayatini-kaybetti\/","title":{"rendered":"Karah\u0131d\u0131rl\u0131 M\u00fchendis Hayat\u0131n\u0131 Kaybetti"},"content":{"rendered":"<p><strong>Karah\u0131d\u0131rl\u0131 M\u00fchendis Hayat\u0131n\u0131 Kaybetti<\/strong><\/p>\n<p>Jeotermal \u015firketinin emektar \u00e7al\u0131\u015fanlar\u0131ndan makine m\u00fchendisi Bilal \u0130\u011fdeli ya\u015fam\u0131n\u0131 yitirdi.<\/p>\n<p>K\u0131r\u015fehir\u2019in Karah\u0131d\u0131r k\u00f6y\u00fc n\u00fcfusuna kay\u0131tl\u0131 49 ya\u015f\u0131ndaki Bilal \u0130\u011fdeli, yakaland\u0131\u011f\u0131 amans\u0131z hastal\u0131k nedeniyle Ankara\u2019da tedavi g\u00f6r\u00fcyordu. Evli ve iki \u00e7ocuk babas\u0131 olan \u0130\u011fdeli\u2019nin cenazesi, bug\u00fcn ikindi namaz\u0131na m\u00fcteakip Karah\u0131d\u0131r K\u00f6y\u00fc Camii\u2019nde k\u0131l\u0131nacak cenaze namaz\u0131n\u0131n ard\u0131ndan k\u00f6y mezarl\u0131\u011f\u0131nda topra\u011fa verilecek.<\/p>\n<p>21 y\u0131ld\u0131r jeotermal \u015firketinde m\u00fchendis olarak g\u00f6rev yapan Bilal \u0130\u011fdeli\u2019nin vefat\u0131, ailesi ba\u015fta olmak \u00fczere \u00e7al\u0131\u015fma arkada\u015flar\u0131 ve sevenlerini yasa bo\u011fdu.<\/p>\n<p>K\u0131r\u015fehir Ses Haber olarak merhuma Allah\u2019tan rahmet, ailesine ve yak\u0131nlar\u0131na ba\u015fsa\u011fl\u0131\u011f\u0131 diliyoruz.<\/p>\n","protected":false},"excerpt":{"rendered":"<p>Karah\u0131d\u0131rl\u0131 M\u00fchendis Hayat\u0131n\u0131 Kaybetti Jeotermal \u015firketinin emektar \u00e7al\u0131\u015fanlar\u0131ndan makine m\u00fchendisi Bilal \u0130\u011fdeli ya\u015fam\u0131n\u0131 yitirdi. K\u0131r\u015fehir\u2019in Karah\u0131d\u0131r k\u00f6y\u00fc n\u00fcfusuna kay\u0131tl\u0131 49 ya\u015f\u0131ndaki Bilal \u0130\u011fdeli, yakaland\u0131\u011f\u0131 amans\u0131z hastal\u0131k nedeniyle Ankara\u2019da tedavi g\u00f6r\u00fcyordu. Evli ve iki \u00e7ocuk babas\u0131 olan \u0130\u011fdeli\u2019nin cenazesi, bug\u00fcn ikindi namaz\u0131na m\u00fcteakip Karah\u0131d\u0131r K\u00f6y\u00fc Camii\u2019nde k\u0131l\u0131nacak cenaze namaz\u0131n\u0131n ard\u0131ndan k\u00f6y mezarl\u0131\u011f\u0131nda topra\u011fa verilecek. 21 y\u0131ld\u0131r [&hellip;]<\/p>\n","protected":false},"author":1,"featured_media":1429,"comment_status":"open","ping_status":"open","sticky":false,"template":"","format":"standard","meta":{"footnotes":""},"categories":[8],"tags":[],"class_list":["post-1428","post","type-post","status-publish","format-standard","has-post-thumbnail","hentry","category-kirsehir"],"_links":{"self":[{"href":"https:\/\/www.kirsehirses.com\/index.php\/wp-json\/wp\/v2\/posts\/1428","targetHints":{"allow":["GET"]}}],"collection":[{"href":"https:\/\/www.kirsehirses.com\/index.php\/wp-json\/wp\/v2\/posts"}],"about":[{"href":"https:\/\/www.kirsehirses.com\/index.php\/wp-json\/wp\/v2\/types\/post"}],"author":[{"embeddable":true,"href":"https:\/\/www.kirsehirses.com\/index.php\/wp-json\/wp\/v2\/users\/1"}],"replies":[{"embeddable":true,"href":"https:\/\/www.kirsehirses.com\/index.php\/wp-json\/wp\/v2\/comments?post=1428"}],"version-history":[{"count":1,"href":"https:\/\/www.kirsehirses.com\/index.php\/wp-json\/wp\/v2\/posts\/1428\/revisions"}],"predecessor-version":[{"id":1430,"href":"https:\/\/www.kirsehirses.com\/index.php\/wp-json\/wp\/v2\/posts\/1428\/revisions\/1430"}],"wp:featuredmedia":[{"embeddable":true,"href":"https:\/\/www.kirsehirses.com\/index.php\/wp-json\/wp\/v2\/media\/1429"}],"wp:attachment":[{"href":"https:\/\/www.kirsehirses.com\/index.php\/wp-json\/wp\/v2\/media?parent=1428"}],"wp:term":[{"taxonomy":"category","embeddable":true,"href":"https:\/\/www.kirsehirses.com\/index.php\/wp-json\/wp\/v2\/categories?post=1428"},{"taxonomy":"post_tag","embeddable":true,"href":"https:\/\/www.kirsehirses.com\/index.php\/wp-json\/wp\/v2\/tags?post=1428"}],"curies":[{"name":"wp","href":"https:\/\/api.w.org\/{rel}","templated":true}]}}