{"id":1431,"date":"2026-01-26T06:26:22","date_gmt":"2026-01-26T03:26:22","guid":{"rendered":"https:\/\/www.kirsehirses.com\/?p=1431"},"modified":"2026-01-26T06:26:22","modified_gmt":"2026-01-26T03:26:22","slug":"menemende-dehset-kirsehirli-gozde-hayatini-kaybetti","status":"publish","type":"post","link":"https:\/\/www.kirsehirses.com\/index.php\/2026\/01\/26\/menemende-dehset-kirsehirli-gozde-hayatini-kaybetti\/","title":{"rendered":"Menemen\u2019de Deh\u015fet: K\u0131r\u015fehirli G\u00f6zde Hayat\u0131n\u0131 Kaybetti"},"content":{"rendered":"<p><strong>Menemen\u2019de Deh\u015fet: K\u0131r\u015fehirli G\u00f6zde Hayat\u0131n\u0131 Kaybetti<\/strong><\/p>\n<p>\u0130zmir\u2019in Menemen il\u00e7esinde ya\u015fanan silahl\u0131 sald\u0131r\u0131da a\u011f\u0131r yaralanan gen\u00e7 kad\u0131n ya\u015fam\u0131n\u0131 yitirdi.<\/p>\n<p>19 Ocak ak\u015fam\u0131 meydana gelen olayda, Kaman n\u00fcfusuna kay\u0131tl\u0131 oldu\u011fu \u00f6\u011frenilen 26 ya\u015f\u0131ndaki G\u00f6zde Akbaba, hakk\u0131nda uzakla\u015ft\u0131rma karar\u0131 bulunan eski erkek arkada\u015f\u0131 Lokman E. taraf\u0131ndan silahla vuruldu. Adresini de\u011fi\u015ftirmesine ra\u011fmen sald\u0131rgan\u0131n gen\u00e7 kad\u0131na pusu kurdu\u011fu, a\u00e7\u0131lan ate\u015f sonucu a\u011f\u0131r yaralanan Akbaba\u2019n\u0131n kald\u0131r\u0131ld\u0131\u011f\u0131 hastanede 21 Ocak\u2019ta hayat\u0131n\u0131 kaybetti\u011fi \u00f6\u011frenildi.<\/p>\n<p>Olay\u0131n ard\u0131ndan \u015f\u00fcpheli Lokman E., su\u00e7 aleti olan ruhsats\u0131z tabanca ile birlikte yakaland\u0131. G\u00f6zalt\u0131na al\u0131nan zanl\u0131, \u00e7\u0131kar\u0131ld\u0131\u011f\u0131 mahkemece tutuklanarak cezaevine g\u00f6nderildi.<\/p>\n<p>\u00d6zel g\u00fcvenlik g\u00f6revlisi olarak \u00e7al\u0131\u015ft\u0131\u011f\u0131 belirtilen G\u00f6zde Akbaba\u2019n\u0131n cenazesi ailesinin ya\u015fad\u0131\u011f\u0131 K\u0131r\u015fehir\u2019e getirildi. Bug\u00fcn Eski Sanayi Camii\u2019nde \u00f6\u011fle namaz\u0131na m\u00fcteakip k\u0131l\u0131nan cenaze namaz\u0131n\u0131n ard\u0131ndan Akbaba, H\u0131z\u0131ra\u011fa Mezarl\u0131\u011f\u0131\u2019nda g\u00f6zya\u015flar\u0131 aras\u0131nda topra\u011fa verildi.<\/p>\n<p>K\u0131r\u015fehir Ses Haber olarak merhumeye Allah\u2019tan rahmet, ailesine ve sevenlerine ba\u015fsa\u011fl\u0131\u011f\u0131 ve sab\u0131r diliyoruz.<\/p>\n","protected":false},"excerpt":{"rendered":"<p>Menemen\u2019de Deh\u015fet: K\u0131r\u015fehirli G\u00f6zde Hayat\u0131n\u0131 Kaybetti \u0130zmir\u2019in Menemen il\u00e7esinde ya\u015fanan silahl\u0131 sald\u0131r\u0131da a\u011f\u0131r yaralanan gen\u00e7 kad\u0131n ya\u015fam\u0131n\u0131 yitirdi. 19 Ocak ak\u015fam\u0131 meydana gelen olayda, Kaman n\u00fcfusuna kay\u0131tl\u0131 oldu\u011fu \u00f6\u011frenilen 26 ya\u015f\u0131ndaki G\u00f6zde Akbaba, hakk\u0131nda uzakla\u015ft\u0131rma karar\u0131 bulunan eski erkek arkada\u015f\u0131 Lokman E. taraf\u0131ndan silahla vuruldu. Adresini de\u011fi\u015ftirmesine ra\u011fmen sald\u0131rgan\u0131n gen\u00e7 kad\u0131na pusu kurdu\u011fu, a\u00e7\u0131lan ate\u015f [&hellip;]<\/p>\n","protected":false},"author":1,"featured_media":1432,"comment_status":"open","ping_status":"open","sticky":false,"template":"","format":"standard","meta":{"footnotes":""},"categories":[8],"tags":[],"class_list":["post-1431","post","type-post","status-publish","format-standard","has-post-thumbnail","hentry","category-kirsehir"],"_links":{"self":[{"href":"https:\/\/www.kirsehirses.com\/index.php\/wp-json\/wp\/v2\/posts\/1431","targetHints":{"allow":["GET"]}}],"collection":[{"href":"https:\/\/www.kirsehirses.com\/index.php\/wp-json\/wp\/v2\/posts"}],"about":[{"href":"https:\/\/www.kirsehirses.com\/index.php\/wp-json\/wp\/v2\/types\/post"}],"author":[{"embeddable":true,"href":"https:\/\/www.kirsehirses.com\/index.php\/wp-json\/wp\/v2\/users\/1"}],"replies":[{"embeddable":true,"href":"https:\/\/www.kirsehirses.com\/index.php\/wp-json\/wp\/v2\/comments?post=1431"}],"version-history":[{"count":1,"href":"https:\/\/www.kirsehirses.com\/index.php\/wp-json\/wp\/v2\/posts\/1431\/revisions"}],"predecessor-version":[{"id":1433,"href":"https:\/\/www.kirsehirses.com\/index.php\/wp-json\/wp\/v2\/posts\/1431\/revisions\/1433"}],"wp:featuredmedia":[{"embeddable":true,"href":"https:\/\/www.kirsehirses.com\/index.php\/wp-json\/wp\/v2\/media\/1432"}],"wp:attachment":[{"href":"https:\/\/www.kirsehirses.com\/index.php\/wp-json\/wp\/v2\/media?parent=1431"}],"wp:term":[{"taxonomy":"category","embeddable":true,"href":"https:\/\/www.kirsehirses.com\/index.php\/wp-json\/wp\/v2\/categories?post=1431"},{"taxonomy":"post_tag","embeddable":true,"href":"https:\/\/www.kirsehirses.com\/index.php\/wp-json\/wp\/v2\/tags?post=1431"}],"curies":[{"name":"wp","href":"https:\/\/api.w.org\/{rel}","templated":true}]}}