{"id":1437,"date":"2026-01-27T05:30:53","date_gmt":"2026-01-27T02:30:53","guid":{"rendered":"https:\/\/www.kirsehirses.com\/?p=1437"},"modified":"2026-01-27T05:30:53","modified_gmt":"2026-01-27T02:30:53","slug":"82-yil-hapis-cezasiyla-aranan-supheli-kirsehirde-yakalandi","status":"publish","type":"post","link":"https:\/\/www.kirsehirses.com\/index.php\/2026\/01\/27\/82-yil-hapis-cezasiyla-aranan-supheli-kirsehirde-yakalandi\/","title":{"rendered":"82 Y\u0131l Hapis Cezas\u0131yla Aranan \u015e\u00fcpheli K\u0131r\u015fehir\u2019de Yakaland\u0131"},"content":{"rendered":"<p><strong>82 Y\u0131l Hapis Cezas\u0131yla Aranan \u015e\u00fcpheli K\u0131r\u015fehir\u2019de Yakaland\u0131<\/strong><\/p>\n<p>K\u0131r\u015fehir \u0130l Emniyet M\u00fcd\u00fcrl\u00fc\u011f\u00fc ekiplerinin y\u00fcr\u00fctt\u00fc\u011f\u00fc saha denetimleri s\u0131ras\u0131nda, hakk\u0131nda \u00e7ok say\u0131da su\u00e7 kayd\u0131 bulunan F.A. isimli \u015fah\u0131s yakaland\u0131. Yap\u0131lan sorgulamada \u015f\u00fcphelinin, Ankara Asliye Ceza \u0130lamat Masas\u0131 taraf\u0131ndan kesinle\u015fmi\u015f 82 y\u0131l 177 ay 300 g\u00fcn hapis cezas\u0131 nedeniyle arand\u0131\u011f\u0131 ortaya \u00e7\u0131kt\u0131.<\/p>\n<p>H\u0131rs\u0131zl\u0131k ve yaralama ba\u015fta olmak \u00fczere toplam 88 ayr\u0131 su\u00e7a kar\u0131\u015ft\u0131\u011f\u0131 belirlenen \u015f\u00fcpheli, emniyetteki i\u015flemlerinin ard\u0131ndan adliyeye sevk edildi. Mahkemece tutuklanan F.A., cezaevine g\u00f6nderildi.<\/p>\n<p>Yetkililer, \u015f\u00fcphelinin bina ve i\u015f yerlerinde h\u0131rs\u0131zl\u0131k, kilitli e\u015fya h\u0131rs\u0131zl\u0131\u011f\u0131, i\u015f yeri dokunulmazl\u0131\u011f\u0131n\u0131 ihlal ve basit yaralama gibi bir\u00e7ok su\u00e7tan kayd\u0131n\u0131n bulundu\u011funu bildirdi.<\/p>\n","protected":false},"excerpt":{"rendered":"<p>82 Y\u0131l Hapis Cezas\u0131yla Aranan \u015e\u00fcpheli K\u0131r\u015fehir\u2019de Yakaland\u0131 K\u0131r\u015fehir \u0130l Emniyet M\u00fcd\u00fcrl\u00fc\u011f\u00fc ekiplerinin y\u00fcr\u00fctt\u00fc\u011f\u00fc saha denetimleri s\u0131ras\u0131nda, hakk\u0131nda \u00e7ok say\u0131da su\u00e7 kayd\u0131 bulunan F.A. isimli \u015fah\u0131s yakaland\u0131. Yap\u0131lan sorgulamada \u015f\u00fcphelinin, Ankara Asliye Ceza \u0130lamat Masas\u0131 taraf\u0131ndan kesinle\u015fmi\u015f 82 y\u0131l 177 ay 300 g\u00fcn hapis cezas\u0131 nedeniyle arand\u0131\u011f\u0131 ortaya \u00e7\u0131kt\u0131. H\u0131rs\u0131zl\u0131k ve yaralama ba\u015fta olmak \u00fczere [&hellip;]<\/p>\n","protected":false},"author":1,"featured_media":1438,"comment_status":"open","ping_status":"open","sticky":false,"template":"","format":"standard","meta":{"footnotes":""},"categories":[8],"tags":[],"class_list":["post-1437","post","type-post","status-publish","format-standard","has-post-thumbnail","hentry","category-kirsehir"],"_links":{"self":[{"href":"https:\/\/www.kirsehirses.com\/index.php\/wp-json\/wp\/v2\/posts\/1437","targetHints":{"allow":["GET"]}}],"collection":[{"href":"https:\/\/www.kirsehirses.com\/index.php\/wp-json\/wp\/v2\/posts"}],"about":[{"href":"https:\/\/www.kirsehirses.com\/index.php\/wp-json\/wp\/v2\/types\/post"}],"author":[{"embeddable":true,"href":"https:\/\/www.kirsehirses.com\/index.php\/wp-json\/wp\/v2\/users\/1"}],"replies":[{"embeddable":true,"href":"https:\/\/www.kirsehirses.com\/index.php\/wp-json\/wp\/v2\/comments?post=1437"}],"version-history":[{"count":1,"href":"https:\/\/www.kirsehirses.com\/index.php\/wp-json\/wp\/v2\/posts\/1437\/revisions"}],"predecessor-version":[{"id":1439,"href":"https:\/\/www.kirsehirses.com\/index.php\/wp-json\/wp\/v2\/posts\/1437\/revisions\/1439"}],"wp:featuredmedia":[{"embeddable":true,"href":"https:\/\/www.kirsehirses.com\/index.php\/wp-json\/wp\/v2\/media\/1438"}],"wp:attachment":[{"href":"https:\/\/www.kirsehirses.com\/index.php\/wp-json\/wp\/v2\/media?parent=1437"}],"wp:term":[{"taxonomy":"category","embeddable":true,"href":"https:\/\/www.kirsehirses.com\/index.php\/wp-json\/wp\/v2\/categories?post=1437"},{"taxonomy":"post_tag","embeddable":true,"href":"https:\/\/www.kirsehirses.com\/index.php\/wp-json\/wp\/v2\/tags?post=1437"}],"curies":[{"name":"wp","href":"https:\/\/api.w.org\/{rel}","templated":true}]}}