{"id":1440,"date":"2026-01-27T05:44:42","date_gmt":"2026-01-27T02:44:42","guid":{"rendered":"https:\/\/www.kirsehirses.com\/?p=1440"},"modified":"2026-01-27T05:44:42","modified_gmt":"2026-01-27T02:44:42","slug":"bu-bayrak-dusmez-bitmeyen-mucadele","status":"publish","type":"post","link":"https:\/\/www.kirsehirses.com\/index.php\/2026\/01\/27\/bu-bayrak-dusmez-bitmeyen-mucadele\/","title":{"rendered":"Bu Bayrak D\u00fc\u015fmez: Bitmeyen M\u00fccadele"},"content":{"rendered":"<p><strong>Bu Bayrak D\u00fc\u015fmez: Bitmeyen M\u00fccadele<\/strong><\/p>\n<p>Bu topraklarda \u201cbar\u0131\u015f\u201d kelimesi, s\u0131radan bir temenni de\u011fildir. Bu kelime; \u015fehitlerin mezar ta\u015flar\u0131na kaz\u0131nm\u0131\u015f sabr\u0131n, analar\u0131n g\u00f6zya\u015f\u0131na kar\u0131\u015fm\u0131\u015f umudun ve bir milletin y\u00fczy\u0131llard\u0131r ta\u015f\u0131d\u0131\u011f\u0131 direni\u015f ruhunun ad\u0131d\u0131r.<\/p>\n<p>Devlet Bah\u00e7eli\u2019nin \u00f6nc\u00fcl\u00fc\u011f\u00fcnde ba\u015flat\u0131lan Bar\u0131\u015f S\u00fcreci de i\u015fte bu ruhun, bu devlet akl\u0131n\u0131n ve bu millet vicdan\u0131n\u0131n bir tezah\u00fcr\u00fc olarak ortaya \u00e7\u0131km\u0131\u015ft\u0131r.<\/p>\n<p>Ama bu s\u00fcre\u00e7 asla bir taviz s\u00fcreci de\u011fildir. Bu s\u00fcre\u00e7, silahlar\u0131n g\u00f6lgesinde de\u011fil; T\u00fcrk devlet gelene\u011finin vakar\u0131nda, millet iradesinin g\u00fcc\u00fcnde y\u00fckselmi\u015ftir. Ama\u00e7 nettir: Kan\u0131n durmas\u0131, analar\u0131n a\u011flamamas\u0131, vatan\u0131n huzurla nefes almas\u0131\u2026 Ama bunu yaparken devletin bir \u00e7ak\u0131l ta\u015f\u0131ndan bile vazge\u00e7meden y\u00fcr\u00fcd\u00fc\u011f\u00fc onurlu bir yoldur bu.<\/p>\n<p>T\u00fcrkiye B\u00fcy\u00fck Millet Meclisi\u2019nde kurulan \u201cMilli Dayan\u0131\u015fma Karde\u015flik ve Demokrasi Komisyonu\u201d bu m\u00fccadelenin sadece sahada de\u011fil, milletin k\u00fcrs\u00fcs\u00fcnde de verildi\u011finin g\u00f6stergesidir. \u00c7\u00fcnk\u00fc bu devlet, meselelerini gizli odalarda de\u011fil, milletin g\u00f6z\u00fc \u00f6n\u00fcnde konu\u015fur.<\/p>\n<p>Bu komisyon, sadece teknik bir yap\u0131 de\u011fildir. Bu komisyon, \u201cBu vatan hepimizin\u201d diyen iradenin ortak vicdan\u0131d\u0131r. Her s\u00f6z, her rapor, her karar; Anadolu\u2019nun d\u00f6rt bir yan\u0131ndan y\u00fckselen beklentilerin yank\u0131s\u0131d\u0131r.<\/p>\n<p>Ne zaman T\u00fcrkiye aya\u011fa kalksa, ne zaman birlik havas\u0131 g\u00fc\u00e7lense, birileri rahats\u0131z olur. \u00c7\u00fcnk\u00fc karanl\u0131ktan beslenenler vard\u0131r. Kaostan ge\u00e7inenler, g\u00f6zya\u015f\u0131n\u0131 kazanca \u00e7evirenler vard\u0131r.<\/p>\n<p>Onlar i\u00e7in bar\u0131\u015f bir tehdittir. \u00c7\u00fcnk\u00fc huzur gelirse, kirli hesaplar bozulur. \u00c7\u00fcnk\u00fc millet kenetlenirse, d\u0131\u015f senaryolar \u00e7\u00f6ker. \u0130\u015fte bu y\u00fczden s\u00fcreci sabote etmek isteyenler sahneye \u00e7\u0131km\u0131\u015f, provokasyonlara sar\u0131lm\u0131\u015ft\u0131r.<\/p>\n<p>Suriye\u2019nin kuzeyinde bir ter\u00f6r koridoru kurmak isteyenler, T\u00fcrkiye\u2019yi ku\u015fatma hayali kuranlar vard\u0131. Haritalar \u00e7izildi, masalar kuruldu, planlar yap\u0131ld\u0131. Ama hesap edemedikleri bir \u015fey vard\u0131: T\u00fcrk devletinin kararl\u0131l\u0131\u011f\u0131 ve milletin iradesi.<\/p>\n<p>T\u00fcrkiye\u2019nin sahadaki g\u00fcc\u00fc ve diplomatik hamleleriyle bu s\u00f6zde yap\u0131 yaln\u0131z b\u0131rak\u0131ld\u0131. ABD deste\u011finin \u00e7ekilmesiyle ter\u00f6r devletinin temelleri \u00e7\u00f6kt\u00fc. O hayaller, F\u0131rat\u2019\u0131n sular\u0131nda bo\u011fuldu.<\/p>\n<p>Bu sadece askeri bir ba\u015far\u0131 de\u011fildir. Bu, \u201cBu co\u011frafyada oyun kuran biziz\u201d diyen bir devlet iradesinin ilan\u0131d\u0131r.<\/p>\n<p>Hayalleri y\u0131k\u0131lanlar, \u00f6fkesini T\u00fcrk bayra\u011f\u0131na y\u00f6neltti. Nusaybin\u2019de ya\u015fanan bayrak indirme provokasyonu, sadece bir dire\u011fe uzanan el de\u011fildir. Bu, \u015fehidin kan\u0131na, milletin onuruna uzanan kirli bir te\u015febb\u00fcst\u00fcr.<\/p>\n<p>Ama bilmezler\u2026<br \/>\nBu millet bayra\u011f\u0131n\u0131 yere d\u00fc\u015f\u00fcrmez.<br \/>\nD\u00fc\u015ferse y\u00fcre\u011fiyle kald\u0131r\u0131r.<br \/>\nGerekirse can\u0131yla tekrar diker.<\/p>\n<p>\u00c7\u00fcnk\u00fc T\u00fcrk i\u00e7in bayrak, kuma\u015f de\u011fildir.<\/p>\n<p>Bayrak g\u00f6klerden iner \u015fehidin omzuna,<br \/>\nR\u00fczg\u00e2r de\u011fil tarih dalgaland\u0131r\u0131r onu.<br \/>\nHer ipinde dua, her renginde kan vard\u0131r,<br \/>\nBu y\u00fczden e\u011filmez, bu y\u00fczden d\u00fc\u015fmez bayra\u011f\u0131n boynu.<\/p>\n<p>Diyarbak\u0131r\u2019da Emniyet M\u00fcd\u00fcrl\u00fc\u011f\u00fc\u2019ne y\u00f6nelik bomba sald\u0131r\u0131s\u0131, korku yaymak isteyenlerin son \u00e7\u0131rp\u0131n\u0131\u015f\u0131d\u0131r. Devlete g\u00f6zda\u011f\u0131 vermeye kalkt\u0131lar. Ama bu devlet bombayla diz \u00e7\u00f6ken bir devlet de\u011fildir.<\/p>\n<p>Bu \u00fclkenin polisi, askeri, jandarmas\u0131; sadece silah ta\u015f\u0131maz. Onlar bu milletin namus n\u00f6betini tutar. Her karakol bir kale, her \u00fcniforma bir bayrakt\u0131r.<\/p>\n<p>Bu \u00fclke darbeler g\u00f6rd\u00fc, i\u015fgaller g\u00f6rd\u00fc, ter\u00f6r g\u00f6rd\u00fc\u2026 Ama diz \u00e7\u00f6kmedi.<\/p>\n<p>Ne i\u00e7eriden b\u00f6l\u00fcc\u00fclere,<br \/>\nNe d\u0131\u015far\u0131dan dayatmalara,<br \/>\nNe bayrak d\u00fc\u015fmanlar\u0131na\u2026<\/p>\n<p>T\u00fcrkiye Cumhuriyeti Devleti, b\u00f6l\u00fcnmeye ge\u00e7it vermez. \u00c7\u00fcnk\u00fc bu devlet, masa ba\u015f\u0131nda de\u011fil, cephede kurulmu\u015ftur.<\/p>\n<p>Ve Son S\u00f6z: Bayra\u011fa Yeminle<\/p>\n<p>Bu bayrak inmeyecek.<br \/>\nBu millet b\u00f6l\u00fcnmeyecek.<br \/>\nBu devlet diz \u00e7\u00f6kmeyecek.<\/p>\n<p>\u00c7\u00fcnk\u00fc bu topraklarda bayrak sadece dalgalanmaz, milletin kalbi gibi atar.<\/p>\n<p>A\u015f\u0131k Sefai\u2019nin dizeleriyle yaz\u0131ma son vermek istiyorum:<\/p>\n<p>Bayraks\u0131zlar bayraks\u0131zlar,<br \/>\nYere d\u00fc\u015fse bayrak s\u0131zlar. Nerden bilsin k\u0131ymetini,<br \/>\nSoysuz sopsuz bayraks\u0131zlar!<\/p>\n<p>Osman DEM\u0130R<\/p>\n","protected":false},"excerpt":{"rendered":"<p>Bu Bayrak D\u00fc\u015fmez: Bitmeyen M\u00fccadele Bu topraklarda \u201cbar\u0131\u015f\u201d kelimesi, s\u0131radan bir temenni de\u011fildir. Bu kelime; \u015fehitlerin mezar ta\u015flar\u0131na kaz\u0131nm\u0131\u015f sabr\u0131n, analar\u0131n g\u00f6zya\u015f\u0131na kar\u0131\u015fm\u0131\u015f umudun ve bir milletin y\u00fczy\u0131llard\u0131r ta\u015f\u0131d\u0131\u011f\u0131 direni\u015f ruhunun ad\u0131d\u0131r. Devlet Bah\u00e7eli\u2019nin \u00f6nc\u00fcl\u00fc\u011f\u00fcnde ba\u015flat\u0131lan Bar\u0131\u015f S\u00fcreci de i\u015fte bu ruhun, bu devlet akl\u0131n\u0131n ve bu millet vicdan\u0131n\u0131n bir tezah\u00fcr\u00fc olarak ortaya \u00e7\u0131km\u0131\u015ft\u0131r. Ama [&hellip;]<\/p>\n","protected":false},"author":1,"featured_media":1441,"comment_status":"open","ping_status":"open","sticky":false,"template":"","format":"standard","meta":{"footnotes":""},"categories":[8],"tags":[],"class_list":["post-1440","post","type-post","status-publish","format-standard","has-post-thumbnail","hentry","category-kirsehir"],"_links":{"self":[{"href":"https:\/\/www.kirsehirses.com\/index.php\/wp-json\/wp\/v2\/posts\/1440","targetHints":{"allow":["GET"]}}],"collection":[{"href":"https:\/\/www.kirsehirses.com\/index.php\/wp-json\/wp\/v2\/posts"}],"about":[{"href":"https:\/\/www.kirsehirses.com\/index.php\/wp-json\/wp\/v2\/types\/post"}],"author":[{"embeddable":true,"href":"https:\/\/www.kirsehirses.com\/index.php\/wp-json\/wp\/v2\/users\/1"}],"replies":[{"embeddable":true,"href":"https:\/\/www.kirsehirses.com\/index.php\/wp-json\/wp\/v2\/comments?post=1440"}],"version-history":[{"count":1,"href":"https:\/\/www.kirsehirses.com\/index.php\/wp-json\/wp\/v2\/posts\/1440\/revisions"}],"predecessor-version":[{"id":1442,"href":"https:\/\/www.kirsehirses.com\/index.php\/wp-json\/wp\/v2\/posts\/1440\/revisions\/1442"}],"wp:featuredmedia":[{"embeddable":true,"href":"https:\/\/www.kirsehirses.com\/index.php\/wp-json\/wp\/v2\/media\/1441"}],"wp:attachment":[{"href":"https:\/\/www.kirsehirses.com\/index.php\/wp-json\/wp\/v2\/media?parent=1440"}],"wp:term":[{"taxonomy":"category","embeddable":true,"href":"https:\/\/www.kirsehirses.com\/index.php\/wp-json\/wp\/v2\/categories?post=1440"},{"taxonomy":"post_tag","embeddable":true,"href":"https:\/\/www.kirsehirses.com\/index.php\/wp-json\/wp\/v2\/tags?post=1440"}],"curies":[{"name":"wp","href":"https:\/\/api.w.org\/{rel}","templated":true}]}}