{"id":1443,"date":"2026-01-27T05:46:08","date_gmt":"2026-01-27T02:46:08","guid":{"rendered":"https:\/\/www.kirsehirses.com\/?p=1443"},"modified":"2026-01-27T05:46:08","modified_gmt":"2026-01-27T02:46:08","slug":"sporcularimiz-taekwondo-sampiyonasina-katildi","status":"publish","type":"post","link":"https:\/\/www.kirsehirses.com\/index.php\/2026\/01\/27\/sporcularimiz-taekwondo-sampiyonasina-katildi\/","title":{"rendered":"Sporcular\u0131m\u0131z Taekwondo \u015eampiyonas\u0131\u2019na Kat\u0131ld\u0131"},"content":{"rendered":"<p><strong>Sporcular\u0131m\u0131z Taekwondo \u015eampiyonas\u0131\u2019na Kat\u0131ld\u0131<\/strong><\/p>\n<p>22-25 Ocak 2026 tarihleri aras\u0131nda Antalya\u2019n\u0131n Alanya il\u00e7esinde d\u00fczenlenen Gen\u00e7 Gruplar T\u00fcrkiye Taekwondo \u015eampiyonas\u0131\u2019nda sporcular\u0131m\u0131z K\u0131r\u015fehir\u2019i temsil etti.<\/p>\n<p>\u015eampiyonada m\u00fccadele eden sporculardan Eyl\u00fcl T\u0131ra\u015f T\u00fcrkiye \u00fc\u00e7\u00fcnc\u00fcs\u00fc olarak bronz madalyan\u0131n sahibi oldu.<\/p>\n<p>\u015eampiyonaya kat\u0131lan sporcular\u0131m\u0131zdan Berfin D\u00f6nmez T\u00fcrkiye dokuzuncusu, Enes K\u00f6ys\u00fcren T\u00fcrkiye onuncusu ve Efsa Do\u011fan T\u00fcrkiye on birincisi oldu.<\/p>\n<p>K\u0131r\u015fehirli sporcular\u0131n elde etti\u011fi bu dereceler, taekwondo bran\u015f\u0131nda gelecek i\u00e7in umut vadetti.<\/p>\n","protected":false},"excerpt":{"rendered":"<p>Sporcular\u0131m\u0131z Taekwondo \u015eampiyonas\u0131\u2019na Kat\u0131ld\u0131 22-25 Ocak 2026 tarihleri aras\u0131nda Antalya\u2019n\u0131n Alanya il\u00e7esinde d\u00fczenlenen Gen\u00e7 Gruplar T\u00fcrkiye Taekwondo \u015eampiyonas\u0131\u2019nda sporcular\u0131m\u0131z K\u0131r\u015fehir\u2019i temsil etti. \u015eampiyonada m\u00fccadele eden sporculardan Eyl\u00fcl T\u0131ra\u015f T\u00fcrkiye \u00fc\u00e7\u00fcnc\u00fcs\u00fc olarak bronz madalyan\u0131n sahibi oldu. \u015eampiyonaya kat\u0131lan sporcular\u0131m\u0131zdan Berfin D\u00f6nmez T\u00fcrkiye dokuzuncusu, Enes K\u00f6ys\u00fcren T\u00fcrkiye onuncusu ve Efsa Do\u011fan T\u00fcrkiye on birincisi oldu. K\u0131r\u015fehirli sporcular\u0131n [&hellip;]<\/p>\n","protected":false},"author":1,"featured_media":1444,"comment_status":"open","ping_status":"open","sticky":false,"template":"","format":"standard","meta":{"footnotes":""},"categories":[4],"tags":[],"class_list":["post-1443","post","type-post","status-publish","format-standard","has-post-thumbnail","hentry","category-spor"],"_links":{"self":[{"href":"https:\/\/www.kirsehirses.com\/index.php\/wp-json\/wp\/v2\/posts\/1443","targetHints":{"allow":["GET"]}}],"collection":[{"href":"https:\/\/www.kirsehirses.com\/index.php\/wp-json\/wp\/v2\/posts"}],"about":[{"href":"https:\/\/www.kirsehirses.com\/index.php\/wp-json\/wp\/v2\/types\/post"}],"author":[{"embeddable":true,"href":"https:\/\/www.kirsehirses.com\/index.php\/wp-json\/wp\/v2\/users\/1"}],"replies":[{"embeddable":true,"href":"https:\/\/www.kirsehirses.com\/index.php\/wp-json\/wp\/v2\/comments?post=1443"}],"version-history":[{"count":1,"href":"https:\/\/www.kirsehirses.com\/index.php\/wp-json\/wp\/v2\/posts\/1443\/revisions"}],"predecessor-version":[{"id":1445,"href":"https:\/\/www.kirsehirses.com\/index.php\/wp-json\/wp\/v2\/posts\/1443\/revisions\/1445"}],"wp:featuredmedia":[{"embeddable":true,"href":"https:\/\/www.kirsehirses.com\/index.php\/wp-json\/wp\/v2\/media\/1444"}],"wp:attachment":[{"href":"https:\/\/www.kirsehirses.com\/index.php\/wp-json\/wp\/v2\/media?parent=1443"}],"wp:term":[{"taxonomy":"category","embeddable":true,"href":"https:\/\/www.kirsehirses.com\/index.php\/wp-json\/wp\/v2\/categories?post=1443"},{"taxonomy":"post_tag","embeddable":true,"href":"https:\/\/www.kirsehirses.com\/index.php\/wp-json\/wp\/v2\/tags?post=1443"}],"curies":[{"name":"wp","href":"https:\/\/api.w.org\/{rel}","templated":true}]}}