{"id":1449,"date":"2026-01-30T05:03:24","date_gmt":"2026-01-30T02:03:24","guid":{"rendered":"https:\/\/www.kirsehirses.com\/?p=1449"},"modified":"2026-01-30T05:03:24","modified_gmt":"2026-01-30T02:03:24","slug":"emekli-polis-suleyman-gunduz-vefat-etti","status":"publish","type":"post","link":"https:\/\/www.kirsehirses.com\/index.php\/2026\/01\/30\/emekli-polis-suleyman-gunduz-vefat-etti\/","title":{"rendered":"Emekli Polis S\u00fcleyman G\u00fcnd\u00fcz Vefat Etti"},"content":{"rendered":"<p><strong>Emekli Polis S\u00fcleyman G\u00fcnd\u00fcz Vefat Etti<\/strong><\/p>\n<p>K\u0131r\u015fehir kamuoyunun yak\u0131ndan tan\u0131d\u0131\u011f\u0131 isimlerden Avukat Mehmet G\u00fcnd\u00fcz\u2019\u00fcn karde\u015fi, emekli polis memuru S\u00fcleyman G\u00fcnd\u00fcz ya\u015fam\u0131n\u0131 yitirdi. Ac\u0131 haber, ailesi ve yak\u0131n \u00e7evresinde b\u00fcy\u00fck \u00fcz\u00fcnt\u00fcye neden oldu.<\/p>\n<p>Konya Emniyet M\u00fcd\u00fcrl\u00fc\u011f\u00fc b\u00fcnyesinde g\u00f6rev yapt\u0131ktan sonra yakla\u015f\u0131k iki y\u0131l \u00f6nce emekliye ayr\u0131lan S\u00fcleyman G\u00fcnd\u00fcz\u2019\u00fcn, emeklilik sonras\u0131 Alanya\u2019da ya\u015fam\u0131n\u0131 s\u00fcrd\u00fcrd\u00fc\u011f\u00fc \u00f6\u011frenildi.<\/p>\n<p>\u0130sparta\u2019da ikamet eden k\u0131z karde\u015fini ziyaret ettikten sonra Alanya\u2019ya d\u00f6n\u00fc\u015f yolunda Burdur &#8211; Bucak il\u00e7esi yak\u0131nlar\u0131nda rahats\u0131zlanan G\u00fcnd\u00fcz, ge\u00e7irdi\u011fi kalp krizi sonras\u0131 hastaneye kald\u0131r\u0131ld\u0131. \u0130lk m\u00fcdahalesi Bucak\u2019ta yap\u0131lan G\u00fcnd\u00fcz, ard\u0131ndan sevk edildi\u011fi \u0130sparta \u015eehir Hastanesi\u2019nde t\u00fcm m\u00fcdahalelere ra\u011fmen kurtar\u0131lamad\u0131.<\/p>\n<p>1969 do\u011fumlu, evli ve iki \u00e7ocuk babas\u0131 olan S\u00fcleyman G\u00fcnd\u00fcz\u2019\u00fcn cenazesi, 27 Ocak 2026 Sal\u0131 g\u00fcn\u00fc (bug\u00fcn) Ahi Evran Camii\u2019nde \u00f6\u011fle namaz\u0131na m\u00fcteakip k\u0131l\u0131nan cenaze namaz\u0131n\u0131n ard\u0131ndan Asri Mezarl\u0131\u011f\u0131\u2019nda topra\u011fa verildi.<\/p>\n<p>Taziye ziyaretlerinin Kervansaray Mahallesi 2395. Sokak No: 6\u2019da kabul edilece\u011fi bildirildi.<\/p>\n<p>K\u0131r\u015fehir Ses Haber olarak Merhuma Allah\u2019tan rahmet, ba\u015fta G\u00fcnd\u00fcz ailesi olmak \u00fczere t\u00fcm yak\u0131nlar\u0131na sab\u0131r ve ba\u015fsa\u011fl\u0131\u011f\u0131 dileriz.<\/p>\n","protected":false},"excerpt":{"rendered":"<p>Emekli Polis S\u00fcleyman G\u00fcnd\u00fcz Vefat Etti K\u0131r\u015fehir kamuoyunun yak\u0131ndan tan\u0131d\u0131\u011f\u0131 isimlerden Avukat Mehmet G\u00fcnd\u00fcz\u2019\u00fcn karde\u015fi, emekli polis memuru S\u00fcleyman G\u00fcnd\u00fcz ya\u015fam\u0131n\u0131 yitirdi. Ac\u0131 haber, ailesi ve yak\u0131n \u00e7evresinde b\u00fcy\u00fck \u00fcz\u00fcnt\u00fcye neden oldu. Konya Emniyet M\u00fcd\u00fcrl\u00fc\u011f\u00fc b\u00fcnyesinde g\u00f6rev yapt\u0131ktan sonra yakla\u015f\u0131k iki y\u0131l \u00f6nce emekliye ayr\u0131lan S\u00fcleyman G\u00fcnd\u00fcz\u2019\u00fcn, emeklilik sonras\u0131 Alanya\u2019da ya\u015fam\u0131n\u0131 s\u00fcrd\u00fcrd\u00fc\u011f\u00fc \u00f6\u011frenildi. \u0130sparta\u2019da ikamet [&hellip;]<\/p>\n","protected":false},"author":1,"featured_media":1450,"comment_status":"open","ping_status":"open","sticky":false,"template":"","format":"standard","meta":{"footnotes":""},"categories":[8],"tags":[],"class_list":["post-1449","post","type-post","status-publish","format-standard","has-post-thumbnail","hentry","category-kirsehir"],"_links":{"self":[{"href":"https:\/\/www.kirsehirses.com\/index.php\/wp-json\/wp\/v2\/posts\/1449","targetHints":{"allow":["GET"]}}],"collection":[{"href":"https:\/\/www.kirsehirses.com\/index.php\/wp-json\/wp\/v2\/posts"}],"about":[{"href":"https:\/\/www.kirsehirses.com\/index.php\/wp-json\/wp\/v2\/types\/post"}],"author":[{"embeddable":true,"href":"https:\/\/www.kirsehirses.com\/index.php\/wp-json\/wp\/v2\/users\/1"}],"replies":[{"embeddable":true,"href":"https:\/\/www.kirsehirses.com\/index.php\/wp-json\/wp\/v2\/comments?post=1449"}],"version-history":[{"count":1,"href":"https:\/\/www.kirsehirses.com\/index.php\/wp-json\/wp\/v2\/posts\/1449\/revisions"}],"predecessor-version":[{"id":1451,"href":"https:\/\/www.kirsehirses.com\/index.php\/wp-json\/wp\/v2\/posts\/1449\/revisions\/1451"}],"wp:featuredmedia":[{"embeddable":true,"href":"https:\/\/www.kirsehirses.com\/index.php\/wp-json\/wp\/v2\/media\/1450"}],"wp:attachment":[{"href":"https:\/\/www.kirsehirses.com\/index.php\/wp-json\/wp\/v2\/media?parent=1449"}],"wp:term":[{"taxonomy":"category","embeddable":true,"href":"https:\/\/www.kirsehirses.com\/index.php\/wp-json\/wp\/v2\/categories?post=1449"},{"taxonomy":"post_tag","embeddable":true,"href":"https:\/\/www.kirsehirses.com\/index.php\/wp-json\/wp\/v2\/tags?post=1449"}],"curies":[{"name":"wp","href":"https:\/\/api.w.org\/{rel}","templated":true}]}}