{"id":1455,"date":"2026-01-30T05:12:16","date_gmt":"2026-01-30T02:12:16","guid":{"rendered":"https:\/\/www.kirsehirses.com\/?p=1455"},"modified":"2026-01-30T05:12:16","modified_gmt":"2026-01-30T02:12:16","slug":"vali-demiryurek-uyusturucuya-gecit-yok","status":"publish","type":"post","link":"https:\/\/www.kirsehirses.com\/index.php\/2026\/01\/30\/vali-demiryurek-uyusturucuya-gecit-yok\/","title":{"rendered":"Vali Demiry\u00fcrek: Uyu\u015fturucuya Ge\u00e7it Yok"},"content":{"rendered":"<p>\u0130l Emniyet M\u00fcd\u00fcrl\u00fc\u011f\u00fc Narkotik Su\u00e7larla M\u00fccadele \u015eube M\u00fcd\u00fcrl\u00fc\u011f\u00fc ekiplerinin uyu\u015fturucu ticaretine y\u00f6nelik \u00e7al\u0131\u015fmalar\u0131 aral\u0131ks\u0131z s\u00fcr\u00fcyor.<\/p>\n<p>26 Ocak 2026 tarihinde d\u00fczenlenen operasyonda, durdurulan bir ara\u00e7ta ve \u015f\u00fcphelinin ikametinde yap\u0131lan aramalarda toplam 638 adet sentetik ecza ele ge\u00e7irildi.<\/p>\n<p>Olayla ilgili g\u00f6zalt\u0131na al\u0131nan M.\u00c7., \u00e7\u0131kar\u0131ld\u0131\u011f\u0131 mahkemece tutuklanarak cezaevine g\u00f6nderildi. Soru\u015fturma kapsam\u0131nda ba\u011flant\u0131s\u0131 tespit edilen B.A. hakk\u0131nda ise yasal i\u015flem ba\u015flat\u0131ld\u0131.<\/p>\n<p>Vali Murat Demiry\u00fcrek, operasyonu ger\u00e7ekle\u015ftiren emniyet personelini tebrik ederek, toplum sa\u011fl\u0131\u011f\u0131n\u0131 tehdit eden su\u00e7larla m\u00fccadelenin kararl\u0131l\u0131kla s\u00fcrd\u00fcr\u00fclece\u011fini vurgulad\u0131.<\/p>\n","protected":false},"excerpt":{"rendered":"<p>\u0130l Emniyet M\u00fcd\u00fcrl\u00fc\u011f\u00fc Narkotik Su\u00e7larla M\u00fccadele \u015eube M\u00fcd\u00fcrl\u00fc\u011f\u00fc ekiplerinin uyu\u015fturucu ticaretine y\u00f6nelik \u00e7al\u0131\u015fmalar\u0131 aral\u0131ks\u0131z s\u00fcr\u00fcyor. 26 Ocak 2026 tarihinde d\u00fczenlenen operasyonda, durdurulan bir ara\u00e7ta ve \u015f\u00fcphelinin ikametinde yap\u0131lan aramalarda toplam 638 adet sentetik ecza ele ge\u00e7irildi. Olayla ilgili g\u00f6zalt\u0131na al\u0131nan M.\u00c7., \u00e7\u0131kar\u0131ld\u0131\u011f\u0131 mahkemece tutuklanarak cezaevine g\u00f6nderildi. Soru\u015fturma kapsam\u0131nda ba\u011flant\u0131s\u0131 tespit edilen B.A. hakk\u0131nda ise yasal [&hellip;]<\/p>\n","protected":false},"author":1,"featured_media":1456,"comment_status":"open","ping_status":"open","sticky":false,"template":"","format":"standard","meta":{"footnotes":""},"categories":[8],"tags":[],"class_list":["post-1455","post","type-post","status-publish","format-standard","has-post-thumbnail","hentry","category-kirsehir"],"_links":{"self":[{"href":"https:\/\/www.kirsehirses.com\/index.php\/wp-json\/wp\/v2\/posts\/1455","targetHints":{"allow":["GET"]}}],"collection":[{"href":"https:\/\/www.kirsehirses.com\/index.php\/wp-json\/wp\/v2\/posts"}],"about":[{"href":"https:\/\/www.kirsehirses.com\/index.php\/wp-json\/wp\/v2\/types\/post"}],"author":[{"embeddable":true,"href":"https:\/\/www.kirsehirses.com\/index.php\/wp-json\/wp\/v2\/users\/1"}],"replies":[{"embeddable":true,"href":"https:\/\/www.kirsehirses.com\/index.php\/wp-json\/wp\/v2\/comments?post=1455"}],"version-history":[{"count":1,"href":"https:\/\/www.kirsehirses.com\/index.php\/wp-json\/wp\/v2\/posts\/1455\/revisions"}],"predecessor-version":[{"id":1457,"href":"https:\/\/www.kirsehirses.com\/index.php\/wp-json\/wp\/v2\/posts\/1455\/revisions\/1457"}],"wp:featuredmedia":[{"embeddable":true,"href":"https:\/\/www.kirsehirses.com\/index.php\/wp-json\/wp\/v2\/media\/1456"}],"wp:attachment":[{"href":"https:\/\/www.kirsehirses.com\/index.php\/wp-json\/wp\/v2\/media?parent=1455"}],"wp:term":[{"taxonomy":"category","embeddable":true,"href":"https:\/\/www.kirsehirses.com\/index.php\/wp-json\/wp\/v2\/categories?post=1455"},{"taxonomy":"post_tag","embeddable":true,"href":"https:\/\/www.kirsehirses.com\/index.php\/wp-json\/wp\/v2\/tags?post=1455"}],"curies":[{"name":"wp","href":"https:\/\/api.w.org\/{rel}","templated":true}]}}