{"id":1464,"date":"2026-01-30T05:23:44","date_gmt":"2026-01-30T02:23:44","guid":{"rendered":"https:\/\/www.kirsehirses.com\/?p=1464"},"modified":"2026-01-30T05:23:44","modified_gmt":"2026-01-30T02:23:44","slug":"artuklu-donemine-ait-eserler-ele-gecirildi","status":"publish","type":"post","link":"https:\/\/www.kirsehirses.com\/index.php\/2026\/01\/30\/artuklu-donemine-ait-eserler-ele-gecirildi\/","title":{"rendered":"Artuklu D\u00f6nemine Ait Eserler Ele Ge\u00e7irildi"},"content":{"rendered":"<p><strong>Artuklu D\u00f6nemine Ait Eserler Ele Ge\u00e7irildi<\/strong><\/p>\n<p>K\u0131r\u015fehir \u0130l Jandarma Komutanl\u0131\u011f\u0131 taraf\u0131ndan y\u00fcr\u00fct\u00fclen tarihi eser ka\u00e7ak\u00e7\u0131l\u0131\u011f\u0131na y\u00f6nelik \u00e7al\u0131\u015fmalar sonucunda Y.\u00d6. ve A.C. isimli \u015fah\u0131slar\u0131n tarihi eser niteli\u011fi ta\u015f\u0131yan materyalleri satmaya haz\u0131rland\u0131\u011f\u0131 bilgisine ula\u015f\u0131ld\u0131.<\/p>\n<p>Bunun \u00fczerine \u0130stihbarat \u015eube M\u00fcd\u00fcrl\u00fc\u011f\u00fc, KOM ekipleri ve Kaman \u0130l\u00e7e Jandarma Komutanl\u0131\u011f\u0131 personelinin kat\u0131l\u0131m\u0131yla d\u00fczenlenen operasyonda, Artuklu D\u00f6nemi\u2019ne ait oldu\u011fu de\u011ferlendirilen 14 adet heykelcik ve \u00e7e\u015fitli mimari par\u00e7alar ele ge\u00e7irildi.<\/p>\n<p>Ele ge\u00e7irilen tarihi eserler koruma alt\u0131na al\u0131n\u0131rken, \u015f\u00fcpheliler hakk\u0131nda Cumhuriyet Savc\u0131l\u0131\u011f\u0131 talimat\u0131yla adli s\u00fcre\u00e7 ba\u015flat\u0131ld\u0131.<\/p>\n","protected":false},"excerpt":{"rendered":"<p>Artuklu D\u00f6nemine Ait Eserler Ele Ge\u00e7irildi K\u0131r\u015fehir \u0130l Jandarma Komutanl\u0131\u011f\u0131 taraf\u0131ndan y\u00fcr\u00fct\u00fclen tarihi eser ka\u00e7ak\u00e7\u0131l\u0131\u011f\u0131na y\u00f6nelik \u00e7al\u0131\u015fmalar sonucunda Y.\u00d6. ve A.C. isimli \u015fah\u0131slar\u0131n tarihi eser niteli\u011fi ta\u015f\u0131yan materyalleri satmaya haz\u0131rland\u0131\u011f\u0131 bilgisine ula\u015f\u0131ld\u0131. Bunun \u00fczerine \u0130stihbarat \u015eube M\u00fcd\u00fcrl\u00fc\u011f\u00fc, KOM ekipleri ve Kaman \u0130l\u00e7e Jandarma Komutanl\u0131\u011f\u0131 personelinin kat\u0131l\u0131m\u0131yla d\u00fczenlenen operasyonda, Artuklu D\u00f6nemi\u2019ne ait oldu\u011fu de\u011ferlendirilen 14 adet [&hellip;]<\/p>\n","protected":false},"author":1,"featured_media":1465,"comment_status":"open","ping_status":"open","sticky":false,"template":"","format":"standard","meta":{"footnotes":""},"categories":[8],"tags":[],"class_list":["post-1464","post","type-post","status-publish","format-standard","has-post-thumbnail","hentry","category-kirsehir"],"_links":{"self":[{"href":"https:\/\/www.kirsehirses.com\/index.php\/wp-json\/wp\/v2\/posts\/1464","targetHints":{"allow":["GET"]}}],"collection":[{"href":"https:\/\/www.kirsehirses.com\/index.php\/wp-json\/wp\/v2\/posts"}],"about":[{"href":"https:\/\/www.kirsehirses.com\/index.php\/wp-json\/wp\/v2\/types\/post"}],"author":[{"embeddable":true,"href":"https:\/\/www.kirsehirses.com\/index.php\/wp-json\/wp\/v2\/users\/1"}],"replies":[{"embeddable":true,"href":"https:\/\/www.kirsehirses.com\/index.php\/wp-json\/wp\/v2\/comments?post=1464"}],"version-history":[{"count":1,"href":"https:\/\/www.kirsehirses.com\/index.php\/wp-json\/wp\/v2\/posts\/1464\/revisions"}],"predecessor-version":[{"id":1466,"href":"https:\/\/www.kirsehirses.com\/index.php\/wp-json\/wp\/v2\/posts\/1464\/revisions\/1466"}],"wp:featuredmedia":[{"embeddable":true,"href":"https:\/\/www.kirsehirses.com\/index.php\/wp-json\/wp\/v2\/media\/1465"}],"wp:attachment":[{"href":"https:\/\/www.kirsehirses.com\/index.php\/wp-json\/wp\/v2\/media?parent=1464"}],"wp:term":[{"taxonomy":"category","embeddable":true,"href":"https:\/\/www.kirsehirses.com\/index.php\/wp-json\/wp\/v2\/categories?post=1464"},{"taxonomy":"post_tag","embeddable":true,"href":"https:\/\/www.kirsehirses.com\/index.php\/wp-json\/wp\/v2\/tags?post=1464"}],"curies":[{"name":"wp","href":"https:\/\/api.w.org\/{rel}","templated":true}]}}