{"id":1474,"date":"2026-01-31T03:23:17","date_gmt":"2026-01-31T00:23:17","guid":{"rendered":"https:\/\/www.kirsehirses.com\/?p=1474"},"modified":"2026-01-31T03:23:17","modified_gmt":"2026-01-31T00:23:17","slug":"kirsehir-fkda-4-transfer","status":"publish","type":"post","link":"https:\/\/www.kirsehirses.com\/index.php\/2026\/01\/31\/kirsehir-fkda-4-transfer\/","title":{"rendered":"K\u0131r\u015fehir FK\u2019da 4 Transfer"},"content":{"rendered":"<p><strong>K\u0131r\u015fehir FK\u2019da 4 Transfer<\/strong><\/p>\n<p>TFF 3. Lig\u2019de m\u00fccadele eden temsilcimiz K\u0131r\u015fehir FK, ara transfer d\u00f6neminde kadrosunu g\u00fc\u00e7lendirmeye devam ediyor. Ye\u015fil-beyazl\u0131 ekip, d\u0131\u015f transferde 4 futbolcu ile anla\u015fma sa\u011flad\u0131.<\/p>\n<p>K\u0131r\u015fehir FK, TFF 2. Lig ekiplerinden Kepez Spor Futbol A.\u015e\u2019den Galatasaray altyap\u0131 \u00e7\u0131k\u0131\u015fl\u0131, 1.90 boyunda ve 2002 do\u011fumlu U16 ve U17 Milli Tak\u0131m ge\u00e7mi\u015fine sahip kaleci Evra Saner G\u00fcnal\u2019\u0131 kadrosuna katt\u0131.<\/p>\n<p>Savunma hatt\u0131n\u0131 g\u00fc\u00e7lendiren temsilcimiz, TFF 3. Lig tak\u0131m\u0131 ET\u0130 G\u00fcbre Maz\u0131da\u011f\u0131 Fosfat Spor\u2019dan 1.87 boyundaki sa\u011f ayakl\u0131 stoper Nimet Kayaalp ile s\u00f6zle\u015fme imzalad\u0131.<\/p>\n<p>Orta saha ve kanat b\u00f6lgesine takviye yapan K\u0131r\u015fehir FK, TFF 2. Lig ekibi Karaman Spor\u2019dan 1993 do\u011fumlu, 1.78 boyundaki tecr\u00fcbeli oyuncu Samet Da\u011fl\u0131\u2019y\u0131 transfer etti.<\/p>\n<p>Ye\u015fil-beyazl\u0131lar ayr\u0131ca TFF 3. Lig tak\u0131m\u0131 Karalar \u0130n\u015faat Etimesgut Spor Kul\u00fcb\u00fc\u2019nden 2002 do\u011fumlu, 1.78 boyundaki orta saha oyuncusu Tunahan G\u00fcng\u00f6r\u2019\u00fc renklerine ba\u011flad\u0131.<\/p>\n<p>K\u0131r\u015fehir FK\u2019n\u0131n yeni transferlerin tak\u0131ma \u00f6nemli katk\u0131 sa\u011flamas\u0131 bekleniyor.<\/p>\n","protected":false},"excerpt":{"rendered":"<p>K\u0131r\u015fehir FK\u2019da 4 Transfer TFF 3. Lig\u2019de m\u00fccadele eden temsilcimiz K\u0131r\u015fehir FK, ara transfer d\u00f6neminde kadrosunu g\u00fc\u00e7lendirmeye devam ediyor. Ye\u015fil-beyazl\u0131 ekip, d\u0131\u015f transferde 4 futbolcu ile anla\u015fma sa\u011flad\u0131. K\u0131r\u015fehir FK, TFF 2. Lig ekiplerinden Kepez Spor Futbol A.\u015e\u2019den Galatasaray altyap\u0131 \u00e7\u0131k\u0131\u015fl\u0131, 1.90 boyunda ve 2002 do\u011fumlu U16 ve U17 Milli Tak\u0131m ge\u00e7mi\u015fine sahip kaleci Evra [&hellip;]<\/p>\n","protected":false},"author":1,"featured_media":1475,"comment_status":"open","ping_status":"open","sticky":false,"template":"","format":"standard","meta":{"footnotes":""},"categories":[4],"tags":[],"class_list":["post-1474","post","type-post","status-publish","format-standard","has-post-thumbnail","hentry","category-spor"],"_links":{"self":[{"href":"https:\/\/www.kirsehirses.com\/index.php\/wp-json\/wp\/v2\/posts\/1474","targetHints":{"allow":["GET"]}}],"collection":[{"href":"https:\/\/www.kirsehirses.com\/index.php\/wp-json\/wp\/v2\/posts"}],"about":[{"href":"https:\/\/www.kirsehirses.com\/index.php\/wp-json\/wp\/v2\/types\/post"}],"author":[{"embeddable":true,"href":"https:\/\/www.kirsehirses.com\/index.php\/wp-json\/wp\/v2\/users\/1"}],"replies":[{"embeddable":true,"href":"https:\/\/www.kirsehirses.com\/index.php\/wp-json\/wp\/v2\/comments?post=1474"}],"version-history":[{"count":1,"href":"https:\/\/www.kirsehirses.com\/index.php\/wp-json\/wp\/v2\/posts\/1474\/revisions"}],"predecessor-version":[{"id":1476,"href":"https:\/\/www.kirsehirses.com\/index.php\/wp-json\/wp\/v2\/posts\/1474\/revisions\/1476"}],"wp:featuredmedia":[{"embeddable":true,"href":"https:\/\/www.kirsehirses.com\/index.php\/wp-json\/wp\/v2\/media\/1475"}],"wp:attachment":[{"href":"https:\/\/www.kirsehirses.com\/index.php\/wp-json\/wp\/v2\/media?parent=1474"}],"wp:term":[{"taxonomy":"category","embeddable":true,"href":"https:\/\/www.kirsehirses.com\/index.php\/wp-json\/wp\/v2\/categories?post=1474"},{"taxonomy":"post_tag","embeddable":true,"href":"https:\/\/www.kirsehirses.com\/index.php\/wp-json\/wp\/v2\/tags?post=1474"}],"curies":[{"name":"wp","href":"https:\/\/api.w.org\/{rel}","templated":true}]}}