{"id":1493,"date":"2026-02-03T03:35:26","date_gmt":"2026-02-03T00:35:26","guid":{"rendered":"https:\/\/www.kirsehirses.com\/?p=1493"},"modified":"2026-02-03T03:35:26","modified_gmt":"2026-02-03T00:35:26","slug":"kirsehir-ahi-evran-universitesi-akademik-is-birliklerini-genisletiyor","status":"publish","type":"post","link":"https:\/\/www.kirsehirses.com\/index.php\/2026\/02\/03\/kirsehir-ahi-evran-universitesi-akademik-is-birliklerini-genisletiyor\/","title":{"rendered":"K\u0131r\u015fehir Ahi Evran \u00dcniversitesi Akademik \u0130\u015f Birliklerini Geni\u015fletiyor"},"content":{"rendered":"<h2 data-start=\"252\" data-end=\"326\">K\u0131r\u015fehir Ahi Evran \u00dcniversitesi Akademik \u0130\u015f Birliklerini Geni\u015fletiyor<\/h2>\n<h3 data-start=\"327\" data-end=\"430\">\u00dc\u00e7 \u00dcniversite Aras\u0131nda Ortak Ara\u015ft\u0131rma, Proje ve Lisans\u00fcst\u00fc \u00c7al\u0131\u015fmalar\u0131 Kapsayan Protokol \u0130mzaland\u0131<\/h3>\n<p data-start=\"432\" data-end=\"766\">K\u0131r\u015fehir Ahi Evran \u00dcniversitesi, akademik i\u015f birliklerini g\u00fc\u00e7lendirmeye y\u00f6nelik \u00e7al\u0131\u015fmalar\u0131n\u0131 s\u00fcrd\u00fcr\u00fcyor. Bu kapsamda K\u0131r\u015fehir Ahi Evran \u00dcniversitesi, Karab\u00fck \u00dcniversitesi ve Afyonkarahisar Sa\u011fl\u0131k Bilimleri \u00dcniversitesi aras\u0131nda ortak ara\u015ft\u0131rma, proje, yay\u0131n ve lisans\u00fcst\u00fc \u00e7al\u0131\u015fmalar\u0131 kapsayan akademik i\u015f birli\u011fi protokol\u00fc imzaland\u0131.<\/p>\n<p data-start=\"768\" data-end=\"1120\">Karab\u00fck \u00dcniversitesi ev sahipli\u011finde ger\u00e7ekle\u015ftirilen imza t\u00f6renine K\u0131r\u015fehir Ahi Evran \u00dcniversitesi Rekt\u00f6r\u00fc Prof. Dr. Mustafa Kas\u0131m Karahocagil, Karab\u00fck \u00dcniversitesi Rekt\u00f6r\u00fc Prof. Dr. Fatih K\u0131r\u0131\u015f\u0131k, Afyonkarahisar Sa\u011fl\u0131k Bilimleri \u00dcniversitesi Rekt\u00f6r\u00fc Prof. Dr. Adem Aslan ile birlikte \u00fcniversitelerin rekt\u00f6r yard\u0131mc\u0131lar\u0131 ve genel sekreterleri kat\u0131ld\u0131.<\/p>\n<h3 data-start=\"1122\" data-end=\"1175\">Bilimsel \u00dcretim ve Altyap\u0131 Payla\u015f\u0131m\u0131 Hedefleniyor<\/h3>\n<p data-start=\"1177\" data-end=\"1590\">\u0130mza t\u00f6reni \u00f6ncesinde yap\u0131lan g\u00f6r\u00fc\u015fmelerde protokol\u00fcn uygulanmas\u0131na y\u00f6nelik \u00e7al\u0131\u015fma alanlar\u0131 ele al\u0131n\u0131rken, uluslararas\u0131la\u015fma, e\u011fitim-\u00f6\u011fretim s\u00fcre\u00e7leri ve iyi uygulama \u00f6rneklerinin payla\u015f\u0131lmas\u0131 konular\u0131 de\u011ferlendirildi. \u0130mzalanan protokol ile \u00fc\u00e7 \u00fcniversitenin bilimsel \u00fcretim kapasitesinin art\u0131r\u0131lmas\u0131, ara\u015ft\u0131rma altyap\u0131lar\u0131n\u0131n ortak kullan\u0131m\u0131 ve proje temelli akademik ortakl\u0131klar\u0131n g\u00fc\u00e7lendirilmesi hedefleniyor.<\/p>\n<h3 data-start=\"1592\" data-end=\"1639\">\u201c\u00dcniversiteler Aras\u0131 \u0130\u015f Birli\u011fi G\u00fc\u00e7lenecek\u201d<\/h3>\n<p data-start=\"1641\" data-end=\"1907\">Protokole ili\u015fkin de\u011ferlendirmede bulunan Karab\u00fck \u00dcniversitesi Rekt\u00f6r\u00fc Prof. Dr. Fatih K\u0131r\u0131\u015f\u0131k, imzalanan anla\u015fman\u0131n \u00fcniversiteler aras\u0131 i\u015f birli\u011fini g\u00fc\u00e7lendirece\u011fini belirterek, ortak projeler, \u00e7al\u0131\u015fmalar ve yay\u0131nlar a\u00e7\u0131s\u0131ndan \u00f6nemli bir ad\u0131m at\u0131ld\u0131\u011f\u0131n\u0131 ifade etti.<\/p>\n<p data-start=\"1909\" data-end=\"2351\">Afyonkarahisar Sa\u011fl\u0131k Bilimleri \u00dcniversitesi Rekt\u00f6r\u00fc Prof. Dr. Adem Aslan ise Karab\u00fck \u00dcniversitesinin uluslararas\u0131 \u00f6\u011frenci \u00e7al\u0131\u015fmalar\u0131 konusundaki tecr\u00fcbelerinden yararlanmay\u0131 ve ortak i\u015f birlikleri geli\u015ftirmeyi ama\u00e7lad\u0131klar\u0131n\u0131 belirtti. \u00dcniversitelerinin tematik yap\u0131s\u0131 do\u011frultusunda ila\u00e7 end\u00fcstrisine y\u00f6nelik \u00e7al\u0131\u015fmalar y\u00fcr\u00fctt\u00fcklerini kaydeden Aslan, kurulan merkezler arac\u0131l\u0131\u011f\u0131yla ortak projeler geli\u015ftirmeyi hedeflediklerini dile getirdi.<\/p>\n<h3 data-start=\"2353\" data-end=\"2413\">K\u0131r\u015fehir Ahi Evran \u00dcniversitesi\u2019nden Ortak Katk\u0131 Vurgusu<\/h3>\n<p data-start=\"2415\" data-end=\"2906\">K\u0131r\u015fehir Ahi Evran \u00dcniversitesi Rekt\u00f6r\u00fc Prof. Dr. Mustafa Kas\u0131m Karahocagil, ziyaretin e\u011fitim-\u00f6\u011fretim s\u00fcre\u00e7leri ve uluslararas\u0131la\u015fma alanlar\u0131nda iyi uygulama \u00f6rneklerini yerinde incelemek amac\u0131yla ger\u00e7ekle\u015ftirildi\u011fini belirtti. Karab\u00fck \u00dcniversitesi ve Afyonkarahisar Sa\u011fl\u0131k Bilimleri \u00dcniversitesi ile ortak ara\u015ft\u0131rma ve geli\u015ftirme \u00e7al\u0131\u015fmalar\u0131 y\u00fcr\u00fcteceklerini vurgulayan Karahocagil, \u00fcniversitelerin birlikte hareket ederek T\u00fcrk y\u00fcksek\u00f6\u011fretimine daha g\u00fc\u00e7l\u00fc katk\u0131lar sunabilece\u011fini ifade etti.<\/p>\n<h3 data-start=\"2908\" data-end=\"2964\">Teknik Ziyaretle Kurumsal \u0130\u015f Birli\u011fi Derinle\u015ftirildi<\/h3>\n<p data-start=\"2966\" data-end=\"3385\">Protokol kapsam\u0131nda ayr\u0131ca K\u0131r\u015fehir Ahi Evran \u00dcniversitesi b\u00fcnyesindeki akademik ve idari birim temsilcilerinden olu\u015fan heyet, Karab\u00fck \u00dcniversitesine teknik bir ziyaret ger\u00e7ekle\u015ftirdi. Ziyarette Karab\u00fck \u00dcniversitesinin akademik i\u015fleyi\u015fi, idari yap\u0131s\u0131 ve uygulad\u0131\u011f\u0131 modeller yerinde incelenirken, kurumsal geli\u015fim, e\u011fitimde kalite s\u00fcre\u00e7leri ve operasyonel verimlilik alanlar\u0131nda kar\u015f\u0131l\u0131kl\u0131 fikir al\u0131\u015fveri\u015finde bulunuldu.<\/p>\n<p data-start=\"3387\" data-end=\"3534\">Ger\u00e7ekle\u015ftirilen temaslarla birlikte \u00fcniversiteler aras\u0131nda ortak projelerin art\u0131r\u0131lmas\u0131 ve kurumsal ba\u011flar\u0131n daha da g\u00fc\u00e7lendirilmesi hedefleniyor.<\/p>\n","protected":false},"excerpt":{"rendered":"<p>K\u0131r\u015fehir Ahi Evran \u00dcniversitesi Akademik \u0130\u015f Birliklerini Geni\u015fletiyor \u00dc\u00e7 \u00dcniversite Aras\u0131nda Ortak Ara\u015ft\u0131rma, Proje ve Lisans\u00fcst\u00fc \u00c7al\u0131\u015fmalar\u0131 Kapsayan Protokol \u0130mzaland\u0131 K\u0131r\u015fehir Ahi Evran \u00dcniversitesi, akademik i\u015f birliklerini g\u00fc\u00e7lendirmeye y\u00f6nelik \u00e7al\u0131\u015fmalar\u0131n\u0131 s\u00fcrd\u00fcr\u00fcyor. Bu kapsamda K\u0131r\u015fehir Ahi Evran \u00dcniversitesi, Karab\u00fck \u00dcniversitesi ve Afyonkarahisar Sa\u011fl\u0131k Bilimleri \u00dcniversitesi aras\u0131nda ortak ara\u015ft\u0131rma, proje, yay\u0131n ve lisans\u00fcst\u00fc \u00e7al\u0131\u015fmalar\u0131 kapsayan akademik i\u015f [&hellip;]<\/p>\n","protected":false},"author":1,"featured_media":1494,"comment_status":"open","ping_status":"open","sticky":false,"template":"","format":"standard","meta":{"footnotes":""},"categories":[10],"tags":[],"class_list":["post-1493","post","type-post","status-publish","format-standard","has-post-thumbnail","hentry","category-egitim"],"_links":{"self":[{"href":"https:\/\/www.kirsehirses.com\/index.php\/wp-json\/wp\/v2\/posts\/1493","targetHints":{"allow":["GET"]}}],"collection":[{"href":"https:\/\/www.kirsehirses.com\/index.php\/wp-json\/wp\/v2\/posts"}],"about":[{"href":"https:\/\/www.kirsehirses.com\/index.php\/wp-json\/wp\/v2\/types\/post"}],"author":[{"embeddable":true,"href":"https:\/\/www.kirsehirses.com\/index.php\/wp-json\/wp\/v2\/users\/1"}],"replies":[{"embeddable":true,"href":"https:\/\/www.kirsehirses.com\/index.php\/wp-json\/wp\/v2\/comments?post=1493"}],"version-history":[{"count":1,"href":"https:\/\/www.kirsehirses.com\/index.php\/wp-json\/wp\/v2\/posts\/1493\/revisions"}],"predecessor-version":[{"id":1495,"href":"https:\/\/www.kirsehirses.com\/index.php\/wp-json\/wp\/v2\/posts\/1493\/revisions\/1495"}],"wp:featuredmedia":[{"embeddable":true,"href":"https:\/\/www.kirsehirses.com\/index.php\/wp-json\/wp\/v2\/media\/1494"}],"wp:attachment":[{"href":"https:\/\/www.kirsehirses.com\/index.php\/wp-json\/wp\/v2\/media?parent=1493"}],"wp:term":[{"taxonomy":"category","embeddable":true,"href":"https:\/\/www.kirsehirses.com\/index.php\/wp-json\/wp\/v2\/categories?post=1493"},{"taxonomy":"post_tag","embeddable":true,"href":"https:\/\/www.kirsehirses.com\/index.php\/wp-json\/wp\/v2\/tags?post=1493"}],"curies":[{"name":"wp","href":"https:\/\/api.w.org\/{rel}","templated":true}]}}