{"id":1562,"date":"2026-02-10T02:29:34","date_gmt":"2026-02-09T23:29:34","guid":{"rendered":"https:\/\/www.kirsehirses.com\/?p=1562"},"modified":"2026-02-10T02:29:34","modified_gmt":"2026-02-09T23:29:34","slug":"kirsehirli-furkan-kaan-atadan-turkiye-sampiyonlugu","status":"publish","type":"post","link":"https:\/\/www.kirsehirses.com\/index.php\/2026\/02\/10\/kirsehirli-furkan-kaan-atadan-turkiye-sampiyonlugu\/","title":{"rendered":"K\u0131r\u015fehirli Furkan Kaan Ata\u2019dan T\u00fcrkiye \u015eampiyonlu\u011fu"},"content":{"rendered":"<p><strong>K\u0131r\u015fehirli Furkan Kaan Ata\u2019dan T\u00fcrkiye \u015eampiyonlu\u011fu<\/strong><\/p>\n<p>Ankara\u2019da d\u00fczenlenen Ye\u015filay T\u00fcrkiye Taekwondo Poomsae T\u00fcrkiye \u015eampiyonas\u0131\u2019nda K\u0131r\u015fehir\u2019i temsil eden Furkan Kaan Ata, alt\u0131n madalyaya uzanarak T\u00fcrkiye \u015fampiyonu oldu.<\/p>\n<p>07\u201310 \u015eubat 2026 tarihleri aras\u0131nda Ke\u00e7i\u00f6ren Taha Akg\u00fcn Spor Salonu\u2019nda ger\u00e7ekle\u015ftirilen \u015fampiyonada Yeti\u015fkin Erkekler kategorisinde m\u00fccadele eden K\u0131r\u015fehir Gen\u00e7lik ve Spor \u0130l M\u00fcd\u00fcrl\u00fc\u011f\u00fc sporcusu Furkan Kaan Ata, sergiledi\u011fi ba\u015far\u0131l\u0131 performansla t\u00fcm rakiplerini geride b\u0131rakt\u0131 ve zirveye \u00e7\u0131kt\u0131.<\/p>\n<p>\u015eampiyon sporcuya alt\u0131n madalyas\u0131, T\u00fcrkiye Taekwondo Federasyonu Ba\u015fkanvekili \u0130brahim \u00d6zbay taraf\u0131ndan takdim edildi. Antren\u00f6r\u00fc Salim Demir e\u015fli\u011finde haz\u0131rlanan Ata\u2019n\u0131n ba\u015far\u0131s\u0131, K\u0131r\u015fehir\u2019de sevin\u00e7le kar\u015f\u0131land\u0131.<\/p>\n<p>K\u0131r\u015fehir Ahi Evran \u00dcniversitesi Spor Bilimleri Fak\u00fcltesi Antren\u00f6rl\u00fck B\u00f6l\u00fcm\u00fc 2. s\u0131n\u0131f \u00f6\u011frencisi olan Furkan Kaan Ata, 26\u201331 Mart 2026 tarihlerinde Antalya\u2019da d\u00fczenlenecek Turkish Open Uluslararas\u0131 \u015eampiyonas\u0131\u2019nda milli tak\u0131m formas\u0131yla ilimizi ve \u00fclkemizi temsil edecek.<\/p>\n<p>Spor yorumcusu Yasin Ata\u2019n\u0131n o\u011flu olan Furkan Kaan Ata, yeni hedefinin uluslararas\u0131 organizasyonlarda da k\u00fcrs\u00fcye \u00e7\u0131kmak oldu\u011funu belirtti.<\/p>\n","protected":false},"excerpt":{"rendered":"<p>K\u0131r\u015fehirli Furkan Kaan Ata\u2019dan T\u00fcrkiye \u015eampiyonlu\u011fu Ankara\u2019da d\u00fczenlenen Ye\u015filay T\u00fcrkiye Taekwondo Poomsae T\u00fcrkiye \u015eampiyonas\u0131\u2019nda K\u0131r\u015fehir\u2019i temsil eden Furkan Kaan Ata, alt\u0131n madalyaya uzanarak T\u00fcrkiye \u015fampiyonu oldu. 07\u201310 \u015eubat 2026 tarihleri aras\u0131nda Ke\u00e7i\u00f6ren Taha Akg\u00fcn Spor Salonu\u2019nda ger\u00e7ekle\u015ftirilen \u015fampiyonada Yeti\u015fkin Erkekler kategorisinde m\u00fccadele eden K\u0131r\u015fehir Gen\u00e7lik ve Spor \u0130l M\u00fcd\u00fcrl\u00fc\u011f\u00fc sporcusu Furkan Kaan Ata, sergiledi\u011fi ba\u015far\u0131l\u0131 [&hellip;]<\/p>\n","protected":false},"author":1,"featured_media":1563,"comment_status":"open","ping_status":"open","sticky":false,"template":"","format":"standard","meta":{"footnotes":""},"categories":[4],"tags":[],"class_list":["post-1562","post","type-post","status-publish","format-standard","has-post-thumbnail","hentry","category-spor"],"_links":{"self":[{"href":"https:\/\/www.kirsehirses.com\/index.php\/wp-json\/wp\/v2\/posts\/1562","targetHints":{"allow":["GET"]}}],"collection":[{"href":"https:\/\/www.kirsehirses.com\/index.php\/wp-json\/wp\/v2\/posts"}],"about":[{"href":"https:\/\/www.kirsehirses.com\/index.php\/wp-json\/wp\/v2\/types\/post"}],"author":[{"embeddable":true,"href":"https:\/\/www.kirsehirses.com\/index.php\/wp-json\/wp\/v2\/users\/1"}],"replies":[{"embeddable":true,"href":"https:\/\/www.kirsehirses.com\/index.php\/wp-json\/wp\/v2\/comments?post=1562"}],"version-history":[{"count":1,"href":"https:\/\/www.kirsehirses.com\/index.php\/wp-json\/wp\/v2\/posts\/1562\/revisions"}],"predecessor-version":[{"id":1564,"href":"https:\/\/www.kirsehirses.com\/index.php\/wp-json\/wp\/v2\/posts\/1562\/revisions\/1564"}],"wp:featuredmedia":[{"embeddable":true,"href":"https:\/\/www.kirsehirses.com\/index.php\/wp-json\/wp\/v2\/media\/1563"}],"wp:attachment":[{"href":"https:\/\/www.kirsehirses.com\/index.php\/wp-json\/wp\/v2\/media?parent=1562"}],"wp:term":[{"taxonomy":"category","embeddable":true,"href":"https:\/\/www.kirsehirses.com\/index.php\/wp-json\/wp\/v2\/categories?post=1562"},{"taxonomy":"post_tag","embeddable":true,"href":"https:\/\/www.kirsehirses.com\/index.php\/wp-json\/wp\/v2\/tags?post=1562"}],"curies":[{"name":"wp","href":"https:\/\/api.w.org\/{rel}","templated":true}]}}