{"id":1586,"date":"2026-02-15T05:46:30","date_gmt":"2026-02-15T02:46:30","guid":{"rendered":"https:\/\/www.kirsehirses.com\/?p=1586"},"modified":"2026-02-15T05:46:30","modified_gmt":"2026-02-15T02:46:30","slug":"ahiligin-izinde-akran-nezaketi-projesi-baslatiliyor","status":"publish","type":"post","link":"https:\/\/www.kirsehirses.com\/index.php\/2026\/02\/15\/ahiligin-izinde-akran-nezaketi-projesi-baslatiliyor\/","title":{"rendered":"Ahili\u011fin \u0130zinde Akran Nezaketi Projesi Ba\u015flat\u0131l\u0131yor"},"content":{"rendered":"<p><strong>Ahili\u011fin \u0130zinde Akran Nezaketi Projesi Ba\u015flat\u0131l\u0131yor<\/strong><\/p>\n<p>K\u0131r\u015fehir\u2019de \u00e7ocuklar\u0131n ve gen\u00e7lerin sa\u011fl\u0131kl\u0131 geli\u015fimini desteklemek amac\u0131yla yeni bir e\u011fitim projesi hayata ge\u00e7iriliyor. K\u0131r\u015fehir Valili\u011fi himayesinde, \u0130l Mill\u00ee E\u011fitim M\u00fcd\u00fcrl\u00fc\u011f\u00fc koordinasyonunda y\u00fcr\u00fct\u00fclecek \u201cAhili\u011fin \u0130zinde Akran Nezaketi\u201d Projesi ile okullarda de\u011fer temelli e\u011fitim anlay\u0131\u015f\u0131n\u0131n g\u00fc\u00e7lendirilmesi hedefleniyor.<\/p>\n<p>Kadim medeniyetin \u00f6nemli miraslar\u0131ndan biri olan Ahilik k\u00fclt\u00fcr\u00fcn\u00fcn; sadece ticarette de\u011fil, ahlak, sayg\u0131, karde\u015flik ve toplumsal sorumluluk alanlar\u0131nda da yol g\u00f6sterici de\u011ferler sundu\u011fu vurgulan\u0131yor. Bu anlay\u0131\u015ftan yola \u00e7\u0131k\u0131larak haz\u0131rlanan projede, \u00f6\u011frencilerin sosyal ve duygusal geli\u015fimlerine katk\u0131 sa\u011flanmas\u0131 ama\u00e7lan\u0131yor.<\/p>\n<p>Proje kapsam\u0131nda; akran ili\u015fkilerinde nezaketi \u00f6nceleyen, empati kurabilen, de\u011fer temelli davran\u0131\u015f geli\u015ftiren ve sa\u011fl\u0131kl\u0131 sosyal ba\u011flar kurabilen bireyler yeti\u015ftirilmesi hedefleniyor. B\u00f6ylece g\u00fc\u00e7l\u00fc de\u011ferlerle yeti\u015fen nesiller arac\u0131l\u0131\u011f\u0131yla toplumsal dayan\u0131\u015fman\u0131n g\u00fc\u00e7lendirilmesi ama\u00e7lan\u0131yor.<\/p>\n<p>Projeyi K\u0131r\u015fehir Milli Necmettin Erkan sosyal medya hesab\u0131ndan duyurarak, \u00e7al\u0131\u015fman\u0131n K\u0131r\u015fehir\u2019e ve \u00f6\u011frencilere hay\u0131rl\u0131 olmas\u0131n\u0131 diledi.<\/p>\n","protected":false},"excerpt":{"rendered":"<p>Ahili\u011fin \u0130zinde Akran Nezaketi Projesi Ba\u015flat\u0131l\u0131yor K\u0131r\u015fehir\u2019de \u00e7ocuklar\u0131n ve gen\u00e7lerin sa\u011fl\u0131kl\u0131 geli\u015fimini desteklemek amac\u0131yla yeni bir e\u011fitim projesi hayata ge\u00e7iriliyor. K\u0131r\u015fehir Valili\u011fi himayesinde, \u0130l Mill\u00ee E\u011fitim M\u00fcd\u00fcrl\u00fc\u011f\u00fc koordinasyonunda y\u00fcr\u00fct\u00fclecek \u201cAhili\u011fin \u0130zinde Akran Nezaketi\u201d Projesi ile okullarda de\u011fer temelli e\u011fitim anlay\u0131\u015f\u0131n\u0131n g\u00fc\u00e7lendirilmesi hedefleniyor. Kadim medeniyetin \u00f6nemli miraslar\u0131ndan biri olan Ahilik k\u00fclt\u00fcr\u00fcn\u00fcn; sadece ticarette de\u011fil, ahlak, sayg\u0131, [&hellip;]<\/p>\n","protected":false},"author":1,"featured_media":1587,"comment_status":"open","ping_status":"open","sticky":false,"template":"","format":"standard","meta":{"footnotes":""},"categories":[10],"tags":[],"class_list":["post-1586","post","type-post","status-publish","format-standard","has-post-thumbnail","hentry","category-egitim"],"_links":{"self":[{"href":"https:\/\/www.kirsehirses.com\/index.php\/wp-json\/wp\/v2\/posts\/1586","targetHints":{"allow":["GET"]}}],"collection":[{"href":"https:\/\/www.kirsehirses.com\/index.php\/wp-json\/wp\/v2\/posts"}],"about":[{"href":"https:\/\/www.kirsehirses.com\/index.php\/wp-json\/wp\/v2\/types\/post"}],"author":[{"embeddable":true,"href":"https:\/\/www.kirsehirses.com\/index.php\/wp-json\/wp\/v2\/users\/1"}],"replies":[{"embeddable":true,"href":"https:\/\/www.kirsehirses.com\/index.php\/wp-json\/wp\/v2\/comments?post=1586"}],"version-history":[{"count":1,"href":"https:\/\/www.kirsehirses.com\/index.php\/wp-json\/wp\/v2\/posts\/1586\/revisions"}],"predecessor-version":[{"id":1588,"href":"https:\/\/www.kirsehirses.com\/index.php\/wp-json\/wp\/v2\/posts\/1586\/revisions\/1588"}],"wp:featuredmedia":[{"embeddable":true,"href":"https:\/\/www.kirsehirses.com\/index.php\/wp-json\/wp\/v2\/media\/1587"}],"wp:attachment":[{"href":"https:\/\/www.kirsehirses.com\/index.php\/wp-json\/wp\/v2\/media?parent=1586"}],"wp:term":[{"taxonomy":"category","embeddable":true,"href":"https:\/\/www.kirsehirses.com\/index.php\/wp-json\/wp\/v2\/categories?post=1586"},{"taxonomy":"post_tag","embeddable":true,"href":"https:\/\/www.kirsehirses.com\/index.php\/wp-json\/wp\/v2\/tags?post=1586"}],"curies":[{"name":"wp","href":"https:\/\/api.w.org\/{rel}","templated":true}]}}