{"id":1595,"date":"2026-02-15T05:57:18","date_gmt":"2026-02-15T02:57:18","guid":{"rendered":"https:\/\/www.kirsehirses.com\/?p=1595"},"modified":"2026-02-15T05:57:18","modified_gmt":"2026-02-15T02:57:18","slug":"kirsehire-rekor-yagis","status":"publish","type":"post","link":"https:\/\/www.kirsehirses.com\/index.php\/2026\/02\/15\/kirsehire-rekor-yagis\/","title":{"rendered":"K\u0131r\u015fehir\u2019e Rekor Ya\u011f\u0131\u015f"},"content":{"rendered":"<p><strong>K\u0131r\u015fehir\u2019e Rekor Ya\u011f\u0131\u015f<\/strong><\/p>\n<p>2026 y\u0131l\u0131n\u0131n ilk 43 g\u00fcn\u00fcnde T\u00fcrkiye genelinde ya\u011f\u0131\u015flar dikkat \u00e7eken seviyelere ula\u015ft\u0131. Baz\u0131 iller, ge\u00e7ti\u011fimiz y\u0131l boyunca ald\u0131\u011f\u0131 toplam ya\u011f\u0131\u015f\u0131 2026 y\u0131l\u0131n\u0131n 43 g\u00fcn\u00fcnde yakalad\u0131. Hatta baz\u0131 illerde bu oran y\u00fczde 133\u2019e y\u00fckseldi. \u0130l bazl\u0131 ya\u011f\u0131\u015f performans s\u0131ralamas\u0131nda ilk be\u015fte yer alan \u015eanl\u0131urfa y\u00fczde 133, Adana y\u00fczde 130, Gaziantep y\u00fczde 123, Manisa y\u00fczde 101 ve Kilis y\u00fczde 99 ya\u011f\u0131\u015f oranlar\u0131 ile \u00f6ne \u00e7\u0131kt\u0131.<\/p>\n<p>Listede <strong>19\u2019uncu s\u0131rada yer alan K\u0131r\u015fehir<\/strong>\u00a0ise y\u00fczde 59\u2019luk ya\u011f\u0131\u015f performans\u0131yla dikkat \u00e7ekti. \u0130\u00e7 Anadolu\u2019nun kurakl\u0131kla m\u00fccadele eden illerinden biri olan K\u0131r\u015fehir\u2019de son ya\u011f\u0131\u015flar adeta bereket getirdi.<\/p>\n<p>Kurakl\u0131k nedeniyle y\u0131llard\u0131r kuru olan Seyfe G\u00f6l\u00fc, yeniden su tutmaya ba\u015flad\u0131. G\u00f6l\u00fcn suyla bulu\u015fmas\u0131yla birlikte ba\u015fta flamingolar olmak \u00fczere \u00e7ok say\u0131da ku\u015f t\u00fcr\u00fc b\u00f6lgeye geri d\u00f6nd\u00fc. Do\u011fal ya\u015fam\u0131n canlanmas\u0131 hem \u00e7evrecileri hem de b\u00f6lge halk\u0131n\u0131 sevindirdi.<\/p>\n<p>Uzmanlar, ya\u011f\u0131\u015flar\u0131n tar\u0131m ve yer alt\u0131 su kaynaklar\u0131 a\u00e7\u0131s\u0131ndan da umut verici oldu\u011funu belirtirken, s\u00fcrd\u00fcr\u00fclebilir su y\u00f6netiminin \u00f6nemine dikkat \u00e7ekiyor. 2026\u2019n\u0131n ilk g\u00fcnlerinde ya\u015fanan bu ya\u011f\u0131\u015f art\u0131\u015f\u0131, kurakl\u0131kla m\u00fccadelede \u00f6nemli bir nefes oldu.<\/p>\n","protected":false},"excerpt":{"rendered":"<p>K\u0131r\u015fehir\u2019e Rekor Ya\u011f\u0131\u015f 2026 y\u0131l\u0131n\u0131n ilk 43 g\u00fcn\u00fcnde T\u00fcrkiye genelinde ya\u011f\u0131\u015flar dikkat \u00e7eken seviyelere ula\u015ft\u0131. Baz\u0131 iller, ge\u00e7ti\u011fimiz y\u0131l boyunca ald\u0131\u011f\u0131 toplam ya\u011f\u0131\u015f\u0131 2026 y\u0131l\u0131n\u0131n 43 g\u00fcn\u00fcnde yakalad\u0131. Hatta baz\u0131 illerde bu oran y\u00fczde 133\u2019e y\u00fckseldi. \u0130l bazl\u0131 ya\u011f\u0131\u015f performans s\u0131ralamas\u0131nda ilk be\u015fte yer alan \u015eanl\u0131urfa y\u00fczde 133, Adana y\u00fczde 130, Gaziantep y\u00fczde 123, Manisa [&hellip;]<\/p>\n","protected":false},"author":1,"featured_media":1596,"comment_status":"open","ping_status":"open","sticky":false,"template":"","format":"standard","meta":{"footnotes":""},"categories":[8],"tags":[],"class_list":["post-1595","post","type-post","status-publish","format-standard","has-post-thumbnail","hentry","category-kirsehir"],"_links":{"self":[{"href":"https:\/\/www.kirsehirses.com\/index.php\/wp-json\/wp\/v2\/posts\/1595","targetHints":{"allow":["GET"]}}],"collection":[{"href":"https:\/\/www.kirsehirses.com\/index.php\/wp-json\/wp\/v2\/posts"}],"about":[{"href":"https:\/\/www.kirsehirses.com\/index.php\/wp-json\/wp\/v2\/types\/post"}],"author":[{"embeddable":true,"href":"https:\/\/www.kirsehirses.com\/index.php\/wp-json\/wp\/v2\/users\/1"}],"replies":[{"embeddable":true,"href":"https:\/\/www.kirsehirses.com\/index.php\/wp-json\/wp\/v2\/comments?post=1595"}],"version-history":[{"count":1,"href":"https:\/\/www.kirsehirses.com\/index.php\/wp-json\/wp\/v2\/posts\/1595\/revisions"}],"predecessor-version":[{"id":1597,"href":"https:\/\/www.kirsehirses.com\/index.php\/wp-json\/wp\/v2\/posts\/1595\/revisions\/1597"}],"wp:featuredmedia":[{"embeddable":true,"href":"https:\/\/www.kirsehirses.com\/index.php\/wp-json\/wp\/v2\/media\/1596"}],"wp:attachment":[{"href":"https:\/\/www.kirsehirses.com\/index.php\/wp-json\/wp\/v2\/media?parent=1595"}],"wp:term":[{"taxonomy":"category","embeddable":true,"href":"https:\/\/www.kirsehirses.com\/index.php\/wp-json\/wp\/v2\/categories?post=1595"},{"taxonomy":"post_tag","embeddable":true,"href":"https:\/\/www.kirsehirses.com\/index.php\/wp-json\/wp\/v2\/tags?post=1595"}],"curies":[{"name":"wp","href":"https:\/\/api.w.org\/{rel}","templated":true}]}}