{"id":1598,"date":"2026-02-15T05:59:25","date_gmt":"2026-02-15T02:59:25","guid":{"rendered":"https:\/\/www.kirsehirses.com\/?p=1598"},"modified":"2026-02-15T05:59:25","modified_gmt":"2026-02-15T02:59:25","slug":"ulupinarli-resul-avcioglu-hayatini-kaybetti","status":"publish","type":"post","link":"https:\/\/www.kirsehirses.com\/index.php\/2026\/02\/15\/ulupinarli-resul-avcioglu-hayatini-kaybetti\/","title":{"rendered":"Ulup\u0131narl\u0131 Resul Avc\u0131o\u011flu Hayat\u0131n\u0131 Kaybetti"},"content":{"rendered":"<p><strong>Ulup\u0131narl\u0131 Resul Avc\u0131o\u011flu Hayat\u0131n\u0131 Kaybetti<\/strong><\/p>\n<p>K\u0131r\u015fehir Merkez\u2019e ba\u011fl\u0131 Ulup\u0131nar K\u00f6y\u00fc\u2019nde ya\u015fanan ac\u0131 olay, k\u00f6y halk\u0131n\u0131 derin \u00fcz\u00fcnt\u00fcye bo\u011fdu. K\u00f6y sakinlerinden 54 ya\u015f\u0131ndaki Resul Avc\u0131o\u011flu, sabah saatlerinde evinin \u00f6n\u00fcnde hareketsiz halde bulundu.<\/p>\n<p>Kom\u015fular\u0131n\u0131n durumu fark ederek yapt\u0131\u011f\u0131 ihbar \u00fczerine sa\u011fl\u0131k ve jandarma ekipleri yapt\u0131klar\u0131 incelemede Avc\u0131o\u011flu\u2019nun hayat\u0131n\u0131 kaybetti\u011fi belirledi. Merhumun naa\u015f\u0131, K\u0131r\u015fehir E\u011fitim ve Ara\u015ft\u0131rma Hastanesi\u2019ne kald\u0131r\u0131ld\u0131.<\/p>\n<p>Olayla ilgili adli i\u015flem ba\u015flat\u0131l\u0131rken, ilk de\u011ferlendirmelere g\u00f6re Avc\u0131o\u011flu\u2019nun kopan bir elektrik telinden ak\u0131ma kap\u0131lm\u0131\u015f olabilece\u011fi ihtimali \u00fczerinde duruluyor. Kesin \u00f6l\u00fcm nedeninin yap\u0131lacak otopsinin ard\u0131ndan netlik kazanaca\u011f\u0131 \u00f6\u011frenildi.<\/p>\n<p>Evli ve iki \u00e7ocuk babas\u0131 olan Resul Avc\u0131o\u011flu\u2019nun cenazesi bug\u00fcn ikindi namaz\u0131na m\u00fcteakip Ulup\u0131nar k\u00f6y\u00fcnde k\u0131l\u0131nacak namaz\u0131n ard\u0131ndan K\u00f6y\u00fc\u2019nde topra\u011fa verilecek.<\/p>\n<p>K\u0131r\u015fehir Ses Haber olarak merhuma Allah\u2019tan rahmet; ailesine, yak\u0131nlar\u0131na ve sevenlerine ba\u015fsa\u011fl\u0131\u011f\u0131 diliyoruz.<\/p>\n","protected":false},"excerpt":{"rendered":"<p>Ulup\u0131narl\u0131 Resul Avc\u0131o\u011flu Hayat\u0131n\u0131 Kaybetti K\u0131r\u015fehir Merkez\u2019e ba\u011fl\u0131 Ulup\u0131nar K\u00f6y\u00fc\u2019nde ya\u015fanan ac\u0131 olay, k\u00f6y halk\u0131n\u0131 derin \u00fcz\u00fcnt\u00fcye bo\u011fdu. K\u00f6y sakinlerinden 54 ya\u015f\u0131ndaki Resul Avc\u0131o\u011flu, sabah saatlerinde evinin \u00f6n\u00fcnde hareketsiz halde bulundu. Kom\u015fular\u0131n\u0131n durumu fark ederek yapt\u0131\u011f\u0131 ihbar \u00fczerine sa\u011fl\u0131k ve jandarma ekipleri yapt\u0131klar\u0131 incelemede Avc\u0131o\u011flu\u2019nun hayat\u0131n\u0131 kaybetti\u011fi belirledi. Merhumun naa\u015f\u0131, K\u0131r\u015fehir E\u011fitim ve Ara\u015ft\u0131rma Hastanesi\u2019ne [&hellip;]<\/p>\n","protected":false},"author":1,"featured_media":1599,"comment_status":"open","ping_status":"open","sticky":false,"template":"","format":"standard","meta":{"footnotes":""},"categories":[8],"tags":[],"class_list":["post-1598","post","type-post","status-publish","format-standard","has-post-thumbnail","hentry","category-kirsehir"],"_links":{"self":[{"href":"https:\/\/www.kirsehirses.com\/index.php\/wp-json\/wp\/v2\/posts\/1598","targetHints":{"allow":["GET"]}}],"collection":[{"href":"https:\/\/www.kirsehirses.com\/index.php\/wp-json\/wp\/v2\/posts"}],"about":[{"href":"https:\/\/www.kirsehirses.com\/index.php\/wp-json\/wp\/v2\/types\/post"}],"author":[{"embeddable":true,"href":"https:\/\/www.kirsehirses.com\/index.php\/wp-json\/wp\/v2\/users\/1"}],"replies":[{"embeddable":true,"href":"https:\/\/www.kirsehirses.com\/index.php\/wp-json\/wp\/v2\/comments?post=1598"}],"version-history":[{"count":1,"href":"https:\/\/www.kirsehirses.com\/index.php\/wp-json\/wp\/v2\/posts\/1598\/revisions"}],"predecessor-version":[{"id":1600,"href":"https:\/\/www.kirsehirses.com\/index.php\/wp-json\/wp\/v2\/posts\/1598\/revisions\/1600"}],"wp:featuredmedia":[{"embeddable":true,"href":"https:\/\/www.kirsehirses.com\/index.php\/wp-json\/wp\/v2\/media\/1599"}],"wp:attachment":[{"href":"https:\/\/www.kirsehirses.com\/index.php\/wp-json\/wp\/v2\/media?parent=1598"}],"wp:term":[{"taxonomy":"category","embeddable":true,"href":"https:\/\/www.kirsehirses.com\/index.php\/wp-json\/wp\/v2\/categories?post=1598"},{"taxonomy":"post_tag","embeddable":true,"href":"https:\/\/www.kirsehirses.com\/index.php\/wp-json\/wp\/v2\/tags?post=1598"}],"curies":[{"name":"wp","href":"https:\/\/api.w.org\/{rel}","templated":true}]}}