{"id":1602,"date":"2026-02-16T04:12:01","date_gmt":"2026-02-16T01:12:01","guid":{"rendered":"https:\/\/www.kirsehirses.com\/?p=1602"},"modified":"2026-02-16T04:12:01","modified_gmt":"2026-02-16T01:12:01","slug":"kirsehirde-ocak-ayi-guvenlik-raporu-aciklandi","status":"publish","type":"post","link":"https:\/\/www.kirsehirses.com\/index.php\/2026\/02\/16\/kirsehirde-ocak-ayi-guvenlik-raporu-aciklandi\/","title":{"rendered":"K\u0131r\u015fehir\u2019de Ocak Ay\u0131 G\u00fcvenlik Raporu A\u00e7\u0131kland\u0131"},"content":{"rendered":"<div class=\"flex flex-col text-sm pb-25\">\n<article class=\"text-token-text-primary w-full focus:outline-none [--shadow-height:45px] has-data-writing-block:pointer-events-none has-data-writing-block:-mt-(--shadow-height) has-data-writing-block:pt-(--shadow-height) [&amp;:has([data-writing-block])&gt;*]:pointer-events-auto scroll-mt-[calc(var(--header-height)+min(200px,max(70px,20svh)))]\" dir=\"auto\" tabindex=\"-1\" data-turn-id=\"request-6988df37-9488-832a-a60f-bf69a628bd71-0\" data-testid=\"conversation-turn-30\" data-scroll-anchor=\"true\" data-turn=\"assistant\">\n<div class=\"text-base my-auto mx-auto pb-10 [--thread-content-margin:--spacing(4)] @w-sm\/main:[--thread-content-margin:--spacing(6)] @w-lg\/main:[--thread-content-margin:--spacing(16)] px-(--thread-content-margin)\">\n<div class=\"[--thread-content-max-width:40rem] @w-lg\/main:[--thread-content-max-width:48rem] mx-auto max-w-(--thread-content-max-width) flex-1 group\/turn-messages focus-visible:outline-hidden relative flex w-full min-w-0 flex-col agent-turn\" tabindex=\"-1\">\n<div class=\"flex max-w-full flex-col grow\">\n<div class=\"min-h-8 text-message relative flex w-full flex-col items-end gap-2 text-start break-words whitespace-normal [.text-message+&amp;]:mt-1\" dir=\"auto\" data-message-author-role=\"assistant\" data-message-id=\"98c62e5d-8878-4740-a915-2b15e46be0a8\" data-message-model-slug=\"gpt-5-2\">\n<div class=\"flex w-full flex-col gap-1 empty:hidden first:pt-[1px]\">\n<div class=\"markdown prose dark:prose-invert w-full wrap-break-word light markdown-new-styling\">\n<p data-start=\"0\" data-end=\"89\"><strong><span class=\"hover:entity-accent entity-underline inline cursor-pointer align-baseline\"><span class=\"whitespace-normal\">K\u0131r\u015fehir<\/span><\/span>\u2019de Ocak Ay\u0131 G\u00fcvenlik Raporu A\u00e7\u0131kland\u0131<\/strong><\/p>\n<p data-start=\"0\" data-end=\"89\">K\u0131r\u015fehir\u2019de vatanda\u015flar\u0131n can ve mal g\u00fcvenli\u011finin sa\u011flanmas\u0131na y\u00f6nelik 2026 y\u0131l\u0131 Ocak ay\u0131nda y\u00fcr\u00fct\u00fclen g\u00fcvenlik faaliyetlerine ili\u015fkin veriler, \u0130l Emniyet M\u00fcd\u00fcr\u00fc <span class=\"hover:entity-accent entity-underline inline cursor-pointer align-baseline\"><span class=\"whitespace-normal\">Mesut G\u00f6r\u00fcc\u00fc<\/span><\/span> ve \u0130l Jandarma Komutan Yard\u0131mc\u0131s\u0131 <span class=\"hover:entity-accent entity-underline inline cursor-pointer align-baseline\"><span class=\"whitespace-normal\">Mahmut Erin<\/span><\/span> taraf\u0131ndan kamuoyuyla payla\u015f\u0131ld\u0131. A\u00e7\u0131klanan raporda, ter\u00f6rle m\u00fccadeleden asayi\u015f uygulamalar\u0131na, uyu\u015fturucu operasyonlar\u0131ndan trafik denetimlerine kadar bir\u00e7ok alanda yo\u011fun \u00e7al\u0131\u015fma y\u00fcr\u00fct\u00fcld\u00fc\u011f\u00fc belirtildi.<\/p>\n<p data-start=\"587\" data-end=\"1204\"><strong data-start=\"587\" data-end=\"635\">Ter\u00f6r ve Aranan \u015eah\u0131slara Y\u00f6nelik \u00c7al\u0131\u015fmalar<\/strong><br data-start=\"635\" data-end=\"638\" \/>Ocak ay\u0131nda kentte herhangi bir ter\u00f6r eylemi meydana gelmezken, g\u00fcvenlik g\u00fc\u00e7lerinin \u00f6nleyici operasyonlar\u0131 kapsam\u0131nda <span class=\"hover:entity-accent entity-underline inline cursor-pointer align-baseline\"><span class=\"whitespace-normal\">FET\u00d6<\/span><\/span>\u2019ye y\u00f6nelik operasyonda 1 ki\u015fi, <span class=\"hover:entity-accent entity-underline inline cursor-pointer align-baseline\"><span class=\"whitespace-normal\">DEA\u015e<\/span><\/span>\u2019a y\u00f6nelik ger\u00e7ekle\u015ftirilen 5 operasyonda ise 6 \u015f\u00fcpheli g\u00f6zalt\u0131na al\u0131nd\u0131; \u015f\u00fcphelilerden 4\u2019\u00fc tutukland\u0131. \u00c7e\u015fitli su\u00e7lardan aranan 170 ki\u015fi yakalanarak adli mercilere sevk edilirken, bunlar\u0131n 41\u2019inin kesinle\u015fmi\u015f hapis cezas\u0131 bulundu\u011fu bildirildi. Ruhsats\u0131z silah ta\u015f\u0131d\u0131\u011f\u0131 belirlenen 17 ki\u015fi hakk\u0131nda i\u015flem yap\u0131l\u0131rken 9 adet silah ele ge\u00e7irildi.<\/p>\n<p data-start=\"1206\" data-end=\"1583\"><strong data-start=\"1206\" data-end=\"1243\">Asayi\u015f Olaylar\u0131nda Tam Ayd\u0131nlatma<\/strong><br data-start=\"1243\" data-end=\"1246\" \/>Ki\u015filere kar\u015f\u0131 i\u015flenen 190 olay\u0131n tamam\u0131 ayd\u0131nlat\u0131larak y\u00fczde 100 ba\u015far\u0131 oran\u0131na ula\u015f\u0131ld\u0131. Ayn\u0131 d\u00f6nemde kasten \u00f6ld\u00fcrme ve ki\u015fiyi h\u00fcrriyetinden yoksun k\u0131lma su\u00e7lar\u0131n\u0131n ya\u015fanmad\u0131\u011f\u0131 belirtildi. Mal varl\u0131\u011f\u0131na kar\u015f\u0131 i\u015flenen 27 olay\u0131n tamam\u0131 da ayd\u0131nlat\u0131l\u0131rken, kapka\u00e7, yankesicilik ve motosiklet h\u0131rs\u0131zl\u0131\u011f\u0131 olaylar\u0131n\u0131n g\u00f6r\u00fclmedi\u011fi kaydedildi.<\/p>\n<p data-start=\"1585\" data-end=\"1990\"><strong data-start=\"1585\" data-end=\"1624\">Uyu\u015fturucu ve Ka\u00e7ak\u00e7\u0131l\u0131kla M\u00fccadele<\/strong><br data-start=\"1624\" data-end=\"1627\" \/>Uyu\u015fturucu ticaretine y\u00f6nelik d\u00fczenlenen 9 operasyonda g\u00f6zalt\u0131na al\u0131nan 18 \u015f\u00fcpheliden 9\u2019u tutukland\u0131. Operasyonlarda toplam 256,14 gram narkotik madde ile 2.947 adet sentetik ecza ele ge\u00e7irildi. Ka\u00e7ak\u00e7\u0131l\u0131kla m\u00fccadele kapsam\u0131nda ise 4 milyon 480 bin TL de\u011ferinde mal varl\u0131\u011f\u0131na el konuldu\u011fu ve yakla\u015f\u0131k 900 bin TL tutar\u0131nda vergi kayb\u0131n\u0131n \u00f6n\u00fcne ge\u00e7ildi\u011fi a\u00e7\u0131kland\u0131.<\/p>\n<p data-start=\"1992\" data-end=\"2372\"><strong data-start=\"1992\" data-end=\"2035\">Siber Su\u00e7lar, Trafik ve G\u00f6\u00e7 Denetimleri<\/strong><br data-start=\"2035\" data-end=\"2038\" \/>Siber devriye faaliyetlerinde su\u00e7 unsuru ta\u015f\u0131d\u0131\u011f\u0131 de\u011ferlendirilen 157 sosyal medya hesab\u0131 tespit edilirken, yasa d\u0131\u015f\u0131 bahis ve bili\u015fim su\u00e7lar\u0131na y\u00f6nelik operasyonlarda g\u00f6zalt\u0131na al\u0131nan 7 ki\u015fiden 6\u2019s\u0131 tutukland\u0131. Trafik denetimlerinde 54 bin 241 ara\u00e7 kontrol edilirken, kural ihlali yapt\u0131\u011f\u0131 belirlenen 7 bin 74 araca i\u015flem uyguland\u0131.<\/p>\n<p data-start=\"2374\" data-end=\"2627\" data-is-last-node=\"\" data-is-only-node=\"\">G\u00f6\u00e7 y\u00f6netimi kapsam\u0131nda yap\u0131lan 278 \u015fok uygulamada 81 d\u00fczensiz g\u00f6\u00e7men yakalanarak ilgili kurumlara teslim edildi\u011fi bildirildi. Yetkililer, kent genelinde g\u00fcvenlik ve kamu d\u00fczeninin sa\u011flanmas\u0131na y\u00f6nelik \u00e7al\u0131\u015fmalar\u0131n kararl\u0131l\u0131kla s\u00fcrd\u00fcr\u00fclece\u011fini belirtti.<\/p>\n<\/div>\n<\/div>\n<\/div>\n<\/div>\n<div class=\"z-0 flex min-h-[46px] justify-start\"><\/div>\n<div class=\"mt-3 w-full empty:hidden\">\n<div class=\"text-center\"><\/div>\n<\/div>\n<\/div>\n<\/div>\n<\/article>\n<\/div>\n<div class=\"pointer-events-none h-px w-px absolute bottom-0\" aria-hidden=\"true\" data-edge=\"true\"><\/div>\n","protected":false},"excerpt":{"rendered":"<p>K\u0131r\u015fehir\u2019de Ocak Ay\u0131 G\u00fcvenlik Raporu A\u00e7\u0131kland\u0131 K\u0131r\u015fehir\u2019de vatanda\u015flar\u0131n can ve mal g\u00fcvenli\u011finin sa\u011flanmas\u0131na y\u00f6nelik 2026 y\u0131l\u0131 Ocak ay\u0131nda y\u00fcr\u00fct\u00fclen g\u00fcvenlik faaliyetlerine ili\u015fkin veriler, \u0130l Emniyet M\u00fcd\u00fcr\u00fc Mesut G\u00f6r\u00fcc\u00fc ve \u0130l Jandarma Komutan Yard\u0131mc\u0131s\u0131 Mahmut Erin taraf\u0131ndan kamuoyuyla payla\u015f\u0131ld\u0131. A\u00e7\u0131klanan raporda, ter\u00f6rle m\u00fccadeleden asayi\u015f uygulamalar\u0131na, uyu\u015fturucu operasyonlar\u0131ndan trafik denetimlerine kadar bir\u00e7ok alanda yo\u011fun \u00e7al\u0131\u015fma y\u00fcr\u00fct\u00fcld\u00fc\u011f\u00fc belirtildi. [&hellip;]<\/p>\n","protected":false},"author":1,"featured_media":1603,"comment_status":"open","ping_status":"open","sticky":false,"template":"","format":"standard","meta":{"footnotes":""},"categories":[8],"tags":[],"class_list":["post-1602","post","type-post","status-publish","format-standard","has-post-thumbnail","hentry","category-kirsehir"],"_links":{"self":[{"href":"https:\/\/www.kirsehirses.com\/index.php\/wp-json\/wp\/v2\/posts\/1602","targetHints":{"allow":["GET"]}}],"collection":[{"href":"https:\/\/www.kirsehirses.com\/index.php\/wp-json\/wp\/v2\/posts"}],"about":[{"href":"https:\/\/www.kirsehirses.com\/index.php\/wp-json\/wp\/v2\/types\/post"}],"author":[{"embeddable":true,"href":"https:\/\/www.kirsehirses.com\/index.php\/wp-json\/wp\/v2\/users\/1"}],"replies":[{"embeddable":true,"href":"https:\/\/www.kirsehirses.com\/index.php\/wp-json\/wp\/v2\/comments?post=1602"}],"version-history":[{"count":1,"href":"https:\/\/www.kirsehirses.com\/index.php\/wp-json\/wp\/v2\/posts\/1602\/revisions"}],"predecessor-version":[{"id":1604,"href":"https:\/\/www.kirsehirses.com\/index.php\/wp-json\/wp\/v2\/posts\/1602\/revisions\/1604"}],"wp:featuredmedia":[{"embeddable":true,"href":"https:\/\/www.kirsehirses.com\/index.php\/wp-json\/wp\/v2\/media\/1603"}],"wp:attachment":[{"href":"https:\/\/www.kirsehirses.com\/index.php\/wp-json\/wp\/v2\/media?parent=1602"}],"wp:term":[{"taxonomy":"category","embeddable":true,"href":"https:\/\/www.kirsehirses.com\/index.php\/wp-json\/wp\/v2\/categories?post=1602"},{"taxonomy":"post_tag","embeddable":true,"href":"https:\/\/www.kirsehirses.com\/index.php\/wp-json\/wp\/v2\/tags?post=1602"}],"curies":[{"name":"wp","href":"https:\/\/api.w.org\/{rel}","templated":true}]}}