{"id":1615,"date":"2026-02-16T04:36:13","date_gmt":"2026-02-16T01:36:13","guid":{"rendered":"https:\/\/www.kirsehirses.com\/?p=1615"},"modified":"2026-02-16T04:36:13","modified_gmt":"2026-02-16T01:36:13","slug":"adalet-turkusu","status":"publish","type":"post","link":"https:\/\/www.kirsehirses.com\/index.php\/2026\/02\/16\/adalet-turkusu\/","title":{"rendered":"ADALET T\u00dcRK\u00dcS\u00dc"},"content":{"rendered":"<p><strong>ADALET T\u00dcRK\u00dcS\u00dc<\/strong><\/p>\n<p>Adalet dillerde tespihtir s\u00f6zde,<br \/>\nD\u00fcr\u00fcstl\u00fckten eser kalmam\u0131\u015f \u00f6zde.<br \/>\n\u015eimdi hakl\u0131 ma\u011fdur, \u00e7alanlar g\u00f6zde.<\/p>\n<p>Bunca ya\u015fananlar d\u00fc\u015f m\u00fc, ger\u00e7ek mi?<br \/>\nH\u0131rs\u0131zlar urgana \u00e7ekilecek mi?<\/p>\n<p>Bir \u00e7ark kurulmu\u015f ki \u00e7alan \u00e7alana.<br \/>\nD\u00fcnyalar dayanmaz b\u00f6yle talana.<br \/>\nAdalet yara\u015f\u0131r insan olana.<\/p>\n<p>Mutluluk saz\u0131n\u0131 h\u0131rs\u0131zlar \u00e7alm\u0131\u015f;<br \/>\nMasumun g\u00fcl\u00fc\u015f\u00fc mah\u015fere kalm\u0131\u015f.<\/p>\n<p>Fakir gidip ekmek \u00e7alsa f\u0131r\u0131ndan<br \/>\nToklu\u011fun bedeli y\u0131llarca zindan !<br \/>\nBu nas\u0131l adalet, bu nas\u0131l vicdan?<\/p>\n<p>\u00c7alacaksa insan b\u00fcy\u00fck \u00e7almal\u0131(!)<br \/>\nDev vurgunlar yap\u0131p hep bey kalmal\u0131(!)<\/p>\n<p>Modern y\u00f6ntemlerle halk\u0131 \u00a0soyanlar ,<br \/>\nTemiz y\u00fcreklere mezar oyanlar<br \/>\nYamyaml\u0131k yapmaktan \u015feref duyanlar!<\/p>\n<p>Serveti s\u0131rt\u0131nda g\u00f6t\u00fcren mi var?<br \/>\n\u00c7ald\u0131\u011f\u0131n\u0131 yiyip bitiren mi var?<\/p>\n<p>Y\u00fcreklerde bir h\u0131rs, ba\u015flarda duman;<br \/>\nHaks\u0131zlar elinde tutuklu zaman.<br \/>\nBo\u015funa inliyor bu k\u0131r\u0131k keman.<\/p>\n<p>Umutlar ok yutmu\u015f y\u0131lana benzer;<br \/>\nNeden makam bulan,\u201d \u00e7alan\u201da benzer?<\/p>\n<p>Zaman bir kas\u0131rga, biz y\u0131rt\u0131k k\u00e2\u011f\u0131t\u2026<br \/>\n\u00c7al\u0131nm\u0131\u015f y\u0131llara bo\u015fad\u0131r a\u011f\u0131t.<br \/>\nBari son nefeste mutluluk da\u011f\u0131t.<\/p>\n<p>Do\u011fruyla yanl\u0131\u015f\u0131 se\u00e7emeyiz biz;<br \/>\nD\u00fcnya mallar\u0131ndan ge\u00e7emeyiz biz.<\/p>\n<p>G\u00f6nl\u00fcm\u00fczde\u201d hay\u0131r\u201d, ensemizde \u201c \u015fer\u201d.<br \/>\nZalimler d\u00fcnyaya kurmu\u015flar mah\u015fer<br \/>\nNi\u00e7in hakk\u0131m\u0131za haks\u0131zl\u0131k d\u00fc\u015fer?<\/p>\n<p>Bizde mutlulu\u011fun tad\u0131 kay\u0131pt\u0131r.<br \/>\nSevginin, dostlu\u011fun ad\u0131 kay\u0131pt\u0131r.<\/p>\n<p>Adalet dillerde t\u00fcrk\u00fcd\u00fcr s\u00f6zde.<br \/>\nDo\u011fruluk zerresi kalmam\u0131\u015f \u00f6zde.<br \/>\nHakl\u0131, yere d\u00fc\u015fm\u00fc\u015f, h\u0131rs\u0131zlar g\u00f6zde.<\/p>\n<p>\u00c7al\u0131p \u00e7\u0131rpmak bo\u015fa, \u00f6l\u00fcm son ger\u00e7ek.<br \/>\n\u0130lahi adalet ger\u00e7ekle\u015fecek.<\/p>\n<p><strong>\u00c7erkez BOZDA\u011e<\/strong><\/p>\n","protected":false},"excerpt":{"rendered":"<p>ADALET T\u00dcRK\u00dcS\u00dc Adalet dillerde tespihtir s\u00f6zde, D\u00fcr\u00fcstl\u00fckten eser kalmam\u0131\u015f \u00f6zde. \u015eimdi hakl\u0131 ma\u011fdur, \u00e7alanlar g\u00f6zde. Bunca ya\u015fananlar d\u00fc\u015f m\u00fc, ger\u00e7ek mi? H\u0131rs\u0131zlar urgana \u00e7ekilecek mi? Bir \u00e7ark kurulmu\u015f ki \u00e7alan \u00e7alana. D\u00fcnyalar dayanmaz b\u00f6yle talana. Adalet yara\u015f\u0131r insan olana. Mutluluk saz\u0131n\u0131 h\u0131rs\u0131zlar \u00e7alm\u0131\u015f; Masumun g\u00fcl\u00fc\u015f\u00fc mah\u015fere kalm\u0131\u015f. Fakir gidip ekmek \u00e7alsa f\u0131r\u0131ndan Toklu\u011fun bedeli y\u0131llarca [&hellip;]<\/p>\n","protected":false},"author":1,"featured_media":1616,"comment_status":"open","ping_status":"open","sticky":false,"template":"","format":"standard","meta":{"footnotes":""},"categories":[8],"tags":[],"class_list":["post-1615","post","type-post","status-publish","format-standard","has-post-thumbnail","hentry","category-kirsehir"],"_links":{"self":[{"href":"https:\/\/www.kirsehirses.com\/index.php\/wp-json\/wp\/v2\/posts\/1615","targetHints":{"allow":["GET"]}}],"collection":[{"href":"https:\/\/www.kirsehirses.com\/index.php\/wp-json\/wp\/v2\/posts"}],"about":[{"href":"https:\/\/www.kirsehirses.com\/index.php\/wp-json\/wp\/v2\/types\/post"}],"author":[{"embeddable":true,"href":"https:\/\/www.kirsehirses.com\/index.php\/wp-json\/wp\/v2\/users\/1"}],"replies":[{"embeddable":true,"href":"https:\/\/www.kirsehirses.com\/index.php\/wp-json\/wp\/v2\/comments?post=1615"}],"version-history":[{"count":1,"href":"https:\/\/www.kirsehirses.com\/index.php\/wp-json\/wp\/v2\/posts\/1615\/revisions"}],"predecessor-version":[{"id":1617,"href":"https:\/\/www.kirsehirses.com\/index.php\/wp-json\/wp\/v2\/posts\/1615\/revisions\/1617"}],"wp:featuredmedia":[{"embeddable":true,"href":"https:\/\/www.kirsehirses.com\/index.php\/wp-json\/wp\/v2\/media\/1616"}],"wp:attachment":[{"href":"https:\/\/www.kirsehirses.com\/index.php\/wp-json\/wp\/v2\/media?parent=1615"}],"wp:term":[{"taxonomy":"category","embeddable":true,"href":"https:\/\/www.kirsehirses.com\/index.php\/wp-json\/wp\/v2\/categories?post=1615"},{"taxonomy":"post_tag","embeddable":true,"href":"https:\/\/www.kirsehirses.com\/index.php\/wp-json\/wp\/v2\/tags?post=1615"}],"curies":[{"name":"wp","href":"https:\/\/api.w.org\/{rel}","templated":true}]}}