{"id":1621,"date":"2026-02-17T04:51:12","date_gmt":"2026-02-17T01:51:12","guid":{"rendered":"https:\/\/www.kirsehirses.com\/?p=1621"},"modified":"2026-02-17T04:51:12","modified_gmt":"2026-02-17T01:51:12","slug":"cugun-barajina-yeniden-can-suyu","status":"publish","type":"post","link":"https:\/\/www.kirsehirses.com\/index.php\/2026\/02\/17\/cugun-barajina-yeniden-can-suyu\/","title":{"rendered":"\u00c7u\u011fun Baraj\u0131\u2019na Yeniden Can Suyu"},"content":{"rendered":"<p><strong>\u00c7u\u011fun Baraj\u0131\u2019na Yeniden Can Suyu<\/strong><\/p>\n<p>K\u0131r\u015fehir\u2019in \u00f6nemli su kaynaklar\u0131ndan \u00c7u\u011fun Baraj\u0131\u2019nda sevindirici bir geli\u015fme ya\u015fand\u0131. Uzun s\u00fcredir d\u00fc\u015f\u00fc\u015f e\u011filiminde olan su seviyesi, y\u00fcr\u00fct\u00fclen \u00e7al\u0131\u015fmalar ve son ya\u011f\u0131\u015flar\u0131n etkisiyle yeniden y\u00fckselmeye ba\u015flad\u0131.<\/p>\n<p>Baraj\u0131 besleyen \u00c7iftlik Mehmeta\u011fa ve Cemele \u00d6z\u00fc kanallar\u0131n\u0131n y\u0131llard\u0131r bak\u0131m g\u00f6rmemesi nedeniyle t\u0131kand\u0131\u011f\u0131, bu durumun kurakl\u0131kla birle\u015ferek su seviyesini kritik noktaya getirdi\u011fi belirlenmi\u015fti.<\/p>\n<p>Konu, K\u0131r\u015fehir Haber24\u2019ten Alparslan Demirba\u015f taraf\u0131ndan g\u00fcndeme ta\u015f\u0131nd\u0131. Yap\u0131lan incelemelerde, kanallar\u0131n \u00e7amur, yabani bitki \u00f6rt\u00fcs\u00fc ve \u00e7e\u015fitli at\u0131klarla doldu\u011fu, suyun bo\u015f arazilere ve tarlalara y\u00f6neldi\u011fi, baraj g\u00f6l\u00fcne ak\u0131\u015f\u0131n ise neredeyse tamamen durdu\u011fu tespit edildi.<\/p>\n<p>Geli\u015fmelerin ard\u0131ndan K\u0131r\u015fehir Valisi Murat Sefa Demiry\u00fcrek\u2019in talimat\u0131yla Devlet Su \u0130\u015fleri (DS\u0130) ekipleri b\u00f6lgede \u00e7al\u0131\u015fma ba\u015flatt\u0131. \u0130\u015f makineleri e\u015fli\u011finde y\u00fcr\u00fct\u00fclen temizlik \u00e7al\u0131\u015fmalar\u0131nda, suyun \u00f6n\u00fcn\u00fc kesen t\u00fcm engeller kald\u0131r\u0131larak kanallar yeniden i\u015fler hale getirildi.<\/p>\n<p>\u00c7al\u0131\u015fmalar\u0131n tamamlanmas\u0131n\u0131n ard\u0131ndan etkili olan ya\u011f\u0131\u015flarla birlikte baraj havzas\u0131na su giri\u015finin h\u0131zland\u0131\u011f\u0131 ve su seviyesinde g\u00f6zle g\u00f6r\u00fcl\u00fcr bir art\u0131\u015f ya\u015fand\u0131\u011f\u0131 \u00f6\u011frenildi.<\/p>\n<p>\u00c7u\u011fun Baraj G\u00f6l\u00fc\u2019n\u00fcn \u015fehrin can damarlar\u0131ndan biri oldu\u011funu ifade eden vatanda\u015flar, G\u00fczler k\u00f6y\u00fcne kadar uzanan tar\u0131m arazileri ile ba\u011f ve bah\u00e7elerin bu suyla suland\u0131\u011f\u0131n\u0131 belirttiler. Bu nedenle benzer sorunlar\u0131n tekrar ya\u015fanmamas\u0131 i\u00e7in bak\u0131m ve kontrollerin d\u00fczenli olarak s\u00fcrd\u00fcr\u00fclmesini istediler.<\/p>\n","protected":false},"excerpt":{"rendered":"<p>\u00c7u\u011fun Baraj\u0131\u2019na Yeniden Can Suyu K\u0131r\u015fehir\u2019in \u00f6nemli su kaynaklar\u0131ndan \u00c7u\u011fun Baraj\u0131\u2019nda sevindirici bir geli\u015fme ya\u015fand\u0131. Uzun s\u00fcredir d\u00fc\u015f\u00fc\u015f e\u011filiminde olan su seviyesi, y\u00fcr\u00fct\u00fclen \u00e7al\u0131\u015fmalar ve son ya\u011f\u0131\u015flar\u0131n etkisiyle yeniden y\u00fckselmeye ba\u015flad\u0131. Baraj\u0131 besleyen \u00c7iftlik Mehmeta\u011fa ve Cemele \u00d6z\u00fc kanallar\u0131n\u0131n y\u0131llard\u0131r bak\u0131m g\u00f6rmemesi nedeniyle t\u0131kand\u0131\u011f\u0131, bu durumun kurakl\u0131kla birle\u015ferek su seviyesini kritik noktaya getirdi\u011fi belirlenmi\u015fti. Konu, [&hellip;]<\/p>\n","protected":false},"author":1,"featured_media":1622,"comment_status":"open","ping_status":"open","sticky":false,"template":"","format":"standard","meta":{"footnotes":""},"categories":[8],"tags":[],"class_list":["post-1621","post","type-post","status-publish","format-standard","has-post-thumbnail","hentry","category-kirsehir"],"_links":{"self":[{"href":"https:\/\/www.kirsehirses.com\/index.php\/wp-json\/wp\/v2\/posts\/1621","targetHints":{"allow":["GET"]}}],"collection":[{"href":"https:\/\/www.kirsehirses.com\/index.php\/wp-json\/wp\/v2\/posts"}],"about":[{"href":"https:\/\/www.kirsehirses.com\/index.php\/wp-json\/wp\/v2\/types\/post"}],"author":[{"embeddable":true,"href":"https:\/\/www.kirsehirses.com\/index.php\/wp-json\/wp\/v2\/users\/1"}],"replies":[{"embeddable":true,"href":"https:\/\/www.kirsehirses.com\/index.php\/wp-json\/wp\/v2\/comments?post=1621"}],"version-history":[{"count":1,"href":"https:\/\/www.kirsehirses.com\/index.php\/wp-json\/wp\/v2\/posts\/1621\/revisions"}],"predecessor-version":[{"id":1623,"href":"https:\/\/www.kirsehirses.com\/index.php\/wp-json\/wp\/v2\/posts\/1621\/revisions\/1623"}],"wp:featuredmedia":[{"embeddable":true,"href":"https:\/\/www.kirsehirses.com\/index.php\/wp-json\/wp\/v2\/media\/1622"}],"wp:attachment":[{"href":"https:\/\/www.kirsehirses.com\/index.php\/wp-json\/wp\/v2\/media?parent=1621"}],"wp:term":[{"taxonomy":"category","embeddable":true,"href":"https:\/\/www.kirsehirses.com\/index.php\/wp-json\/wp\/v2\/categories?post=1621"},{"taxonomy":"post_tag","embeddable":true,"href":"https:\/\/www.kirsehirses.com\/index.php\/wp-json\/wp\/v2\/tags?post=1621"}],"curies":[{"name":"wp","href":"https:\/\/api.w.org\/{rel}","templated":true}]}}