{"id":1624,"date":"2026-02-17T04:55:15","date_gmt":"2026-02-17T01:55:15","guid":{"rendered":"https:\/\/www.kirsehirses.com\/?p=1624"},"modified":"2026-02-17T04:55:15","modified_gmt":"2026-02-17T01:55:15","slug":"aile-ici-tartisma-cinayetle-sonuclandi","status":"publish","type":"post","link":"https:\/\/www.kirsehirses.com\/index.php\/2026\/02\/17\/aile-ici-tartisma-cinayetle-sonuclandi\/","title":{"rendered":"Aile \u0130\u00e7i Tart\u0131\u015fma Cinayetle Sonu\u00e7land\u0131"},"content":{"rendered":"<p><strong>Aile \u0130\u00e7i Tart\u0131\u015fma Cinayetle Sonu\u00e7land\u0131<\/strong><\/p>\n<p>K\u0131r\u015fehir\u2019in Kaman il\u00e7esine ba\u011fl\u0131 \u00c7a\u011f\u0131rkan kasabas\u0131nda meydana gelen olayda, o\u011flunun b\u0131\u00e7akl\u0131 sald\u0131r\u0131s\u0131na u\u011frayan ya\u015fl\u0131 adam ya\u015fam\u0131n\u0131 yitirdi.<\/p>\n<p>Edinilen bilgilere g\u00f6re psikolojik sorunlar\u0131 bulunan 39 ya\u015f\u0131ndaki Ali G\u00fcr\u00fcn ile babas\u0131 69 ya\u015f\u0131ndaki Bayar G\u00fcr\u00fcn aras\u0131nda evde tart\u0131\u015fma \u00e7\u0131kt\u0131. Tart\u0131\u015fman\u0131n k\u0131sa s\u00fcrede b\u00fcy\u00fcmesi \u00fczerine Ali G\u00fcr\u00fcn\u2019\u00fcn, babas\u0131n\u0131 odaya kilitleyip b\u0131\u00e7akla defalarca yaralad\u0131\u011f\u0131 \u00f6ne s\u00fcr\u00fcld\u00fc.<\/p>\n<p>Evde bulunan yak\u0131nlar\u0131n\u0131n ihbar\u0131 \u00fczerine olay yerine sa\u011fl\u0131k ve jandarma ekipleri y\u00f6nlendirildi. \u015e\u00fcphelinin kap\u0131y\u0131 a\u00e7mamas\u0131 \u00fczerine ekiplerin zorla i\u00e7eri girdi\u011fi \u00f6\u011frenildi. A\u011f\u0131r yaral\u0131 halde bulunan Bayar G\u00fcr\u00fcn, ambulansla K\u0131r\u015fehir E\u011fitim ve Ara\u015ft\u0131rma Hastanesi\u2019ne kald\u0131r\u0131ld\u0131. Ancak doktorlar\u0131n t\u00fcm m\u00fcdahalelerine ra\u011fmen kurtar\u0131lamad\u0131.<\/p>\n<p>Olay\u0131n ard\u0131ndan g\u00f6zalt\u0131na al\u0131nan Ali G\u00fcr\u00fcn\u2019\u00fcn emniyetteki i\u015flemleri s\u00fcrerken, olayla ilgili soru\u015fturma ba\u015flat\u0131ld\u0131.<\/p>\n","protected":false},"excerpt":{"rendered":"<p>Aile \u0130\u00e7i Tart\u0131\u015fma Cinayetle Sonu\u00e7land\u0131 K\u0131r\u015fehir\u2019in Kaman il\u00e7esine ba\u011fl\u0131 \u00c7a\u011f\u0131rkan kasabas\u0131nda meydana gelen olayda, o\u011flunun b\u0131\u00e7akl\u0131 sald\u0131r\u0131s\u0131na u\u011frayan ya\u015fl\u0131 adam ya\u015fam\u0131n\u0131 yitirdi. Edinilen bilgilere g\u00f6re psikolojik sorunlar\u0131 bulunan 39 ya\u015f\u0131ndaki Ali G\u00fcr\u00fcn ile babas\u0131 69 ya\u015f\u0131ndaki Bayar G\u00fcr\u00fcn aras\u0131nda evde tart\u0131\u015fma \u00e7\u0131kt\u0131. Tart\u0131\u015fman\u0131n k\u0131sa s\u00fcrede b\u00fcy\u00fcmesi \u00fczerine Ali G\u00fcr\u00fcn\u2019\u00fcn, babas\u0131n\u0131 odaya kilitleyip b\u0131\u00e7akla defalarca yaralad\u0131\u011f\u0131 [&hellip;]<\/p>\n","protected":false},"author":1,"featured_media":1625,"comment_status":"open","ping_status":"open","sticky":false,"template":"","format":"standard","meta":{"footnotes":""},"categories":[8],"tags":[],"class_list":["post-1624","post","type-post","status-publish","format-standard","has-post-thumbnail","hentry","category-kirsehir"],"_links":{"self":[{"href":"https:\/\/www.kirsehirses.com\/index.php\/wp-json\/wp\/v2\/posts\/1624","targetHints":{"allow":["GET"]}}],"collection":[{"href":"https:\/\/www.kirsehirses.com\/index.php\/wp-json\/wp\/v2\/posts"}],"about":[{"href":"https:\/\/www.kirsehirses.com\/index.php\/wp-json\/wp\/v2\/types\/post"}],"author":[{"embeddable":true,"href":"https:\/\/www.kirsehirses.com\/index.php\/wp-json\/wp\/v2\/users\/1"}],"replies":[{"embeddable":true,"href":"https:\/\/www.kirsehirses.com\/index.php\/wp-json\/wp\/v2\/comments?post=1624"}],"version-history":[{"count":1,"href":"https:\/\/www.kirsehirses.com\/index.php\/wp-json\/wp\/v2\/posts\/1624\/revisions"}],"predecessor-version":[{"id":1626,"href":"https:\/\/www.kirsehirses.com\/index.php\/wp-json\/wp\/v2\/posts\/1624\/revisions\/1626"}],"wp:featuredmedia":[{"embeddable":true,"href":"https:\/\/www.kirsehirses.com\/index.php\/wp-json\/wp\/v2\/media\/1625"}],"wp:attachment":[{"href":"https:\/\/www.kirsehirses.com\/index.php\/wp-json\/wp\/v2\/media?parent=1624"}],"wp:term":[{"taxonomy":"category","embeddable":true,"href":"https:\/\/www.kirsehirses.com\/index.php\/wp-json\/wp\/v2\/categories?post=1624"},{"taxonomy":"post_tag","embeddable":true,"href":"https:\/\/www.kirsehirses.com\/index.php\/wp-json\/wp\/v2\/tags?post=1624"}],"curies":[{"name":"wp","href":"https:\/\/api.w.org\/{rel}","templated":true}]}}