{"id":1627,"date":"2026-02-17T05:01:27","date_gmt":"2026-02-17T02:01:27","guid":{"rendered":"https:\/\/www.kirsehirses.com\/?p=1627"},"modified":"2026-02-17T12:37:25","modified_gmt":"2026-02-17T09:37:25","slug":"bir-sehre-ve-ahilige-adanan-hayat-ahi-baba-mustafa-karagullu-2","status":"publish","type":"post","link":"https:\/\/www.kirsehirses.com\/index.php\/2026\/02\/17\/bir-sehre-ve-ahilige-adanan-hayat-ahi-baba-mustafa-karagullu-2\/","title":{"rendered":"Bir \u015eehre ve Ahili\u011fe Adanan Hayat: Ahi Baba Mustafa Karag\u00fcll\u00fc &#8211; 2"},"content":{"rendered":"<p><b>Bir \u015eehre ve Ahili\u011fe Adanan Hayat: Ahi Baba Mustafa Karag\u00fcll\u00fc &#8211; 2<\/b><\/p>\n<p><span style=\"font-weight: 400;\">\u00d6mr\u00fc boyunca K\u0131r\u015fehir\u2019in kalk\u0131nmas\u0131 ve K\u0131r\u015fehir\u2019in sahip oldu\u011fu zengin k\u00fclt\u00fcr\u00fcn\u00fc tan\u0131tmak i\u00e7in \u00e7al\u0131nmad\u0131k kap\u0131 b\u0131rakmayan Karag\u00fcll\u00fc, zaman\u0131n etkili bas\u0131n kurulu\u015flar\u0131ndan olan Terc\u00fcman gazetesi k\u00f6\u015fe yazar\u0131 Ahmet Kabakl\u0131 \u00fcstada misafir olur. \u00dcstad, 13 Mart 1983 g\u00fcnl\u00fc\u00a0 \u201cG\u00fcn I\u015f\u0131\u011f\u0131nda\u201d isimli k\u00f6\u015fesinde \u015f\u00f6yle yazar:<\/span><\/p>\n<p><span style=\"font-weight: 400;\">\u201c\u2026K\u0131r\u015fehir T\u00fcrk B\u00fcy\u00fcklerini Tan\u0131tma Kurulu Ba\u015fkan\u0131 Say\u0131n Mustafa Karag\u00fcll\u00fc\u2019n\u00fcn gayretleriyle, T\u00fcrk Edebiyat Vakf\u0131\u2019nda topland\u0131k. K\u0131r\u015fehir\u2019in se\u00e7kinleri, bilginleri ile Romanyal\u0131, T\u00fcrk soyundan (Gagauz) Prof. Mihail Gubo\u011flu ve hocam\u0131z Prof. S\u00fcheyl \u00dcnver Bey\u2019in de kat\u0131ld\u0131klar\u0131 sohbet, ister istemez \u201cAhilik\u201d ve \u201cAhi Evren\u201d t\u00f6releri k\u00fclt\u00fcr\u00fc \u00fczerinde konaklad\u0131. Prof. Dr. Fuat K\u00f6pr\u00fcl\u00fc, ayn\u0131 zamanda manevi, ahl\u00e2k\u00ee, tasavvuf\u00ee ve \u0130sl\u00e2m\u00ee derinlikte bir te\u015fkilat olan Ahili\u011fin, Osmanl\u0131 Devleti\u2019nin kurulma ve ya\u015famas\u0131ndaki \u00f6nemini anlat\u0131rken \u015funlar\u0131 s\u00f6yl\u00fcyor:<\/span><\/p>\n<p><span style=\"font-weight: 400;\">\u201cYaln\u0131z b\u00fcy\u00fck \u015fehirlerde ve burjuvalar muhitinde de\u011fil, u\u00e7 beylerinde ve k\u00f6ylerde de bilhassa \u015fubeleri olan Ahi te\u015fkilat\u0131n\u0131n Anadolu\u2019daki faaliyetlerinin, Osmanl\u0131 \u0130mparatorlu\u011fu\u2019nun kurulmas\u0131nda b\u00fcy\u00fck rol oynam\u0131\u015f oldu\u011funu kaydetmek icap eder. Osman Gazi\u2019nin kay\u0131npederi \u015eeyh Edebali ile silah arkada\u015flar\u0131ndan bir\u00e7o\u011funun hatta Sultan Orhan\u2019\u0131n karde\u015fi Alaeddin\u2019in bu tarikata mensup bulunu\u015fu, ilk piyade asker\u00ee \u00fcniformas\u0131n\u0131n Ahi \u00fcniformas\u0131 olu\u015fu ve Yeni\u00e7eriler i\u00e7in Ahi ba\u015fl\u0131\u011f\u0131n\u0131n kabul edilmesi, bu bak\u0131mdan son derece m\u00e2nidard\u0131r.<\/span><\/p>\n<p><span style=\"font-weight: 400;\">O g\u00fcn, K\u0131r\u015fehir ve b\u00fcy\u00fckleri (Ahi Evren, A\u015f\u0131k Pa\u015fa, Hac\u0131 Bekta\u015f, G\u00fcl\u015fehr\u00ee) sohbetine renk katanlardan, Ahilik ve Yunus Emre isimli eserleri de tan\u0131d\u0131\u011f\u0131m\u0131z Refik Soykut, Ahili\u011fin tarih\u00e7esini, din\u00ee, mill\u00ee k\u00f6klerini, ilme, ahl\u00e2ka, faydal\u0131 ve do\u011fru i\u015fe dayal\u0131 temellerini anlatt\u0131.<\/span><\/p>\n<p><span style=\"font-weight: 400;\">Mihail Gubo\u011flu, Dobruca\u2019da ya\u015fayan Ahi gelene\u011fini, Osmanl\u0131 \u0130mparatorlu\u011fu\u2019nun 600 y\u0131l s\u00fcren uzun \u00f6mr\u00fcne Ahi-esnaf gelene\u011finin etkilerini dile getirdi:<\/span><\/p>\n<p><span style=\"font-weight: 400;\">\u201cD\u00fcnyan\u0131n her yerinde \u2018karde\u015flik\u2019 te\u015fkilatlar\u0131 vard\u0131r fakat Ahili\u011fin \u00fcst\u00fcn taraf\u0131, kuts\u00ee, tasavvuf\u00ee, \u0130sl\u00e2m\u00ee s\u00fctunlar \u00fcst\u00fcnde kurulmas\u0131d\u0131r\u201d dedi.<\/span><\/p>\n<p><span style=\"font-weight: 400;\">Gen\u00e7 tarih\u00e7i Dr. \u0130lhan \u015eahin, K\u0131r\u015fehir\u2019e ait \u201ctapu tahrir defterleri\u201dni incelemeleri sonunda ortaya \u00e7\u0131kan zengin malzemeyi ortaya koydu.\u00a0<\/span><\/p>\n<p><span style=\"font-weight: 400;\">K\u0131r\u015fehir\u2019den s\u00f6zler Ramazan hediyesi olan bu sat\u0131rlar\u0131, S\u00fcheyl Hoca\u2019n\u0131n \u00f6\u011f\u00fcd\u00fcn\u00fc dinleyerek yazm\u0131\u015f bulundum:<\/span><\/p>\n<p><span style=\"font-weight: 400;\">\u201cHer seherde besmeleyle a\u00e7\u0131l\u0131r d\u00fckk\u00e2n\u0131m\u0131z<\/span><\/p>\n<p><span style=\"font-weight: 400;\">Hazreti \u0130bni Mes\u2019ud\u2019dur pirimiz, \u00fcstad\u0131m\u0131z.\u201d\u00a0<\/span><\/p>\n<p>Bunca yo\u011fun faaliyet aras\u0131nda \u00f6zel hayat\u0131nda da sade bir ya\u015fam\u0131 olan Karag\u00fcll\u00fc, \u015fimdi Ankara\u2019da ya\u015fayan k\u0131z\u0131 Saliha, K\u0131r\u015fehir\u2019de y\u0131llarca oto yedek par\u00e7as\u0131 sat\u0131\u015f\u0131 yapt\u0131ktan sonra \u015fu anda K\u0131r\u015fehir Belediyesi Meclis \u00dcyesi olan Rasim ve y\u0131llarca kimyager olarak \u00e7al\u0131\u015ft\u0131ktan sonra emekli olup Bart\u0131n\u2019a yerle\u015fen Metin\u2019in anneleri, 33 y\u0131ll\u0131k hayat arkada\u015f\u0131 Selvi Han\u0131m\u2019\u0131 1983 y\u0131l\u0131nda kaybeder. 1984 y\u0131l\u0131nda ise \u0130stanbul\u2019da ya\u015fayan hem\u015fehrimiz, A\u011falar s\u00fclalesinden, Devlet Demiryollar\u0131\u2019nda \u0130\u015fletme M\u00fcd\u00fcrl\u00fc\u011f\u00fc yapan Kemal Kop\u00e7al\u0131o\u011flu\u2019nun k\u0131z\u0131 \u0130smet Sevin\u00e7 Han\u0131m ile evlenir. Bu tarihten sonra \u0130smet Sevin\u00e7 Han\u0131m, Karag\u00fcll\u00fc\u2019n\u00fcn hayat\u0131n\u0131n her an\u0131nda etkili olur. Zaten son derece \u015f\u0131k giyinen e\u015fini daha da g\u00fczel giydirir, randevular\u0131n\u0131 d\u00fczenler, hatta g\u00fcn i\u00e7inde birka\u00e7 defa arayarak hat\u0131rlatmalarda bulunur. Genellikle de Karag\u00fcll\u00fc\u2019n\u00fcn hemen yan\u0131 ba\u015f\u0131nda olur. Bo\u015f zamanlar\u0131nda ise y\u00f6netim kurulu \u00fcyesi oldu\u011fu T\u00fcrkiye Yard\u0131m Sevenler Derne\u011fi K\u0131r\u015fehir \u015eubesi\u2019nin faaliyetlerine kat\u0131larak \u00f6\u011frencilere burs temini i\u00e7in \u00e7al\u0131\u015f\u0131r. En \u00f6nemli g\u00f6revlerinden birisi de Ahi d\u00fcr\u00fcm\u00fc haz\u0131rlayarak Karag\u00fcll\u00fc\u2019n\u00fcn \u00e7antas\u0131na doldurmak olur. \u00c7\u00fcnk\u00fc Karag\u00fcll\u00fc, gitti\u011fi her yerde insanlara bir par\u00e7a yufka ekme\u011fin i\u00e7ine cere (\u00e7anak) peyniri konularak d\u00fcr\u00fclm\u00fc\u015f ekmek ikram eder. \u201cBesmele \u00e7ekerek ye. \u00c7\u00fcnk\u00fc Ahi d\u00fcr\u00fcm\u00fc v\u00fccuda g\u00fc\u00e7 verir, s\u0131hhat verir.\u201d diye de s\u0131k\u0131ca tembih etmekten geri durmaz.<\/p>\n<p>\u00d6mr\u00fcn\u00fc ve servetini Ahili\u011fe adayan, Ahilik felsefesinin esnaflar aras\u0131nda yeniden tesisi i\u00e7in \u00e7al\u0131\u015fan Karag\u00fcll\u00fc, Vali Fikret G\u00fcven ba\u015fkanl\u0131\u011f\u0131nda, Belediye Ba\u015fkan\u0131 Hakk\u0131 G\u00f6\u00e7en ve \u015fehrin ileri gelenleriyle birlikte d\u00f6nemin Ba\u015fbakan\u0131 Turgut \u00d6zal\u2019\u0131 ziyarete gider. \u00d6zal\u2019a Ahilik k\u00fclt\u00fcr\u00fcn\u00fc ve \u00f6nemini anlatarak devletin Ahili\u011fe sahip \u00e7\u0131kmas\u0131n\u0131 ister. Karag\u00fcll\u00fc\u2019n\u00fcn son derece g\u00fczel ve ak\u0131c\u0131 \u00fcslubundan \u00e7ok etkilenen Ba\u015fbakan Turgut \u00d6zal, onu d\u00f6nemin K\u00fclt\u00fcr ve Turizm Bakan\u0131 M\u00fckerrem Ta\u015f\u00e7\u0131o\u011flu\u2019na y\u00f6nlendirir. K\u0131sa bir s\u00fcre sonra, K\u0131r\u015fehir merkez olmak \u00fczere Ahilik K\u00fclt\u00fcr\u00fc ve Esnaf Bayram\u0131 Haftas\u0131 Y\u00f6netmeli\u011fi haz\u0131rlan\u0131r ve 2 Temmuz 1988 tarihli Resm\u00ee Gazete\u2019de yay\u0131mlan\u0131r. Merkez Kutlama Komitesi\u2019nin uygun g\u00f6rd\u00fc\u011f\u00fc 15 ilde ba\u015flayan kutlamalara, daha sonraki y\u0131llarda yeni iller kat\u0131l\u0131r ve kutlama yap\u0131lan il say\u0131s\u0131 21\u2019e y\u00fckselir.<\/p>\n<p>Ahilik Haftas\u0131 Y\u00f6netmeli\u011fi\u2019nde 2008 y\u0131l\u0131nda yap\u0131lan de\u011fi\u015fiklikle kutlamalar G\u00fcmr\u00fck ve Ticaret Bakanl\u0131\u011f\u0131\u2019na ge\u00e7er ve g\u00fcn\u00fcm\u00fczde de Ticaret Bakanl\u0131\u011f\u0131 g\u00f6zetiminde, K\u0131r\u015fehir merkez olmak \u00fczere \u00fclke genelinde kutlanan bir hafta h\u00e2lini al\u0131r.<\/p>\n<p>Ahilik Haftas\u0131, gerek K\u00fclt\u00fcr ve Turizm Bakanl\u0131\u011f\u0131 gerekse Ticaret Bakanl\u0131\u011f\u0131 b\u00fcnyesinde kutland\u0131\u011f\u0131 s\u00fcrelerde, en az 20 y\u0131l \u0130l Bas\u0131n ve Halkla \u0130li\u015fkiler M\u00fcd\u00fcr\u00fc olarak K\u0131r\u015fehir Valili\u011fi ad\u0131na kutlamalarda aktif olarak yer ald\u0131k. \u00d6nce \u0130l K\u00fclt\u00fcr ve Turizm M\u00fcd\u00fcrl\u00fc\u011f\u00fc\u2019nde \u015eube M\u00fcd\u00fcr\u00fc, daha sonra K\u0131r\u015fehir Belediyesi Bas\u0131n-Yay\u0131n ve Halkla \u0130li\u015fkiler M\u00fcd\u00fcr\u00fc ve \u0130l K\u00fclt\u00fcr ve Turizm M\u00fcd\u00fcrl\u00fc\u011f\u00fc g\u00f6revlerinde bulunan Halil \u00c7al\u0131\u015f\u0131r\u2019la birlikte, tabii K\u0131r\u015fehir Esnaf ve Sanatk\u00e2rlar Odalar\u0131 Birli\u011fi Ba\u015fkan\u0131 Bahamettin \u00d6zt\u00fcrk ve ilgili kurum temsilcilerinin kat\u0131l\u0131m\u0131yla kutlamalar\u0131 en iyi \u015fekilde ger\u00e7ekle\u015ftirmek i\u00e7in \u00f6zveriyle \u00e7al\u0131\u015ft\u0131k. K\u00fclt\u00fcr ve Turizm Bakanl\u0131\u011f\u0131 d\u00f6neminde k\u0131t b\u00fct\u00e7e ile yap\u0131lan etkinlikler, Ticaret Bakanl\u0131\u011f\u0131\u2019na ge\u00e7tikten sonra yeni bir evreye girdi. Cumhurba\u015fkanlar\u0131n\u0131n, ba\u015fbakanlar\u0131n, TBMM ba\u015fkanlar\u0131n\u0131n kat\u0131ld\u0131\u011f\u0131, ulusal niteli\u011fi a\u015fan bir seviyeye \u00e7\u0131kt\u0131. Bu etkinliklere elbette burada ad\u0131n\u0131 sayamad\u0131\u011f\u0131m il y\u00f6neticileri, kurum amirleri ve esnaf te\u015fkilatlar\u0131 destek verdi. Ancak Ahilik Haftas\u0131\u2019n\u0131n bu g\u00fcnlere gelmesinde en b\u00fcy\u00fck pay, bir avu\u00e7 arkada\u015f\u0131n\u0131n deste\u011fi ile kendi cebinden harcayarak 1965 y\u0131l\u0131ndan itibaren 23 y\u0131l boyunca kutlamalar\u0131 ger\u00e7ekle\u015ftiren merhum Mustafa Karag\u00fcll\u00fc\u2019ye aittir.<\/p>\n<p>Mustafa Karag\u00fcll\u00fc, y\u00fcr\u00fctt\u00fc\u011f\u00fc \u00fcst\u00fcn \u00e7al\u0131\u015fmalardan dolay\u0131 say\u0131s\u0131z belge ve plaket ile \u00f6d\u00fcllendirildi. K\u0131r\u015fehir Esnaf ve Sanatk\u00e2rlar Odalar\u0131 Ba\u015fkanlar Meclisi, 4 Ekim 2001 tarihinde oybirli\u011fiyle ald\u0131\u011f\u0131 9 numaral\u0131 kararla Mustafa Karag\u00fcll\u00fc\u2019y\u00fc \u201cAhi Baba\u201d ilan etti. 2007 y\u0131l\u0131nda da Ahilik Kutlamalar\u0131 Merkez Y\u00fcr\u00fctme Kurulu karar\u0131yla Ahilik t\u00f6renlerinde kendisine \u201cAhilik Hizmet \u00d6d\u00fcl\u00fc\u201d takdim edildi. Bu unvanlar, resm\u00ee bir payeden \u00e7ok, adanm\u0131\u015fl\u0131kla ge\u00e7en bir \u00f6mr\u00fcn \u00f6zeti niteli\u011findeydi. Mustafa Karag\u00fcll\u00fc\u2019n\u00fcn esnaf te\u015fkilatlar\u0131na kazand\u0131rd\u0131\u011f\u0131 de\u011ferler, Ahilik k\u00fclt\u00fcr\u00fcn\u00fcn ya\u015fat\u0131lmas\u0131 ve gelecek ku\u015faklara aktar\u0131lmas\u0131 ad\u0131na ortaya koydu\u011fu emekle birle\u015fti. D\u00fcr\u00fcstl\u00fck, dayan\u0131\u015fma ve meslek ahlak\u0131n\u0131 merkeze alan bu duru\u015f, hem esnaf camias\u0131nda hem de K\u0131r\u015fehir\u2019de kal\u0131c\u0131 bir sayg\u0131 ve vefa kar\u015f\u0131l\u0131\u011f\u0131 buldu.<\/p>\n<p>TBMM, her y\u0131l d\u00fczenli olarak \u00fclkesine, iline veya \u00e7evresine \u00f6nemli hizmetler eden \u015fah\u0131s ve kurumlara \u201cTBMM \u00dcst\u00fcn Hizmet \u00d6d\u00fcl\u00fc\u201d veriyordu. K\u0131r\u015fehir\u2019deki bir\u00e7ok hizmetin \u00f6nc\u00fcs\u00fc de\u011ferli Valimiz M. L\u00fctfullah Bilgin\u2019in talimat\u0131yla, K\u0131r\u015fehir Valili\u011fi olarak biz de aday isimler bildirmeye ba\u015flad\u0131k. 2006 y\u0131l\u0131nda bu \u00f6d\u00fcl merhum Ne\u015fet Erta\u015f\u2019a verildi. Esnaf ve Sanatk\u00e2rlar Odalar\u0131 Birli\u011fi Ba\u015fkanl\u0131\u011f\u0131\u2019n\u0131n m\u00fcracaat\u0131 \u00fczerine, Ahi Baba\u2019n\u0131n \u00f6d\u00fcllendirilmesi i\u00e7in usul gere\u011fi \u0130l Genel Meclisi\u2019ne teklifte bulunduk ve bu karar, 2 Mart 2007 tarihinde \u0130l Genel Meclisi \u00fcyelerinin oy birli\u011fi ile kabul edildi. Teklifte aday\u0131n yapt\u0131\u011f\u0131 hizmetlerin somut belgelerle dosyada yer almas\u0131 gerekiyordu. Merhum Karag\u00fcll\u00fc ile belge konusunda s\u0131k s\u0131k g\u00f6r\u00fc\u015fmemize ra\u011fmen detayl\u0131 evraklara ula\u015famad\u0131k. Elimizdeki mevcut bilgiler gazete k\u00fcp\u00fcrlerinden \u00f6teye gitmedi. Dolay\u0131s\u0131yla Karag\u00fcll\u00fc\u2019y\u00fc 2007 y\u0131l\u0131nda teklif edemedik.<\/p>\n<p>De\u011ferli Valimiz Say\u0131n M. L\u00fctfullah Bilgin, 2008 y\u0131l\u0131nda benden Mustafa Karag\u00fcll\u00fc\u2019n\u00fcn dosyas\u0131n\u0131n olu\u015fturulmas\u0131 konusundaki s\u0131k\u0131nt\u0131lar\u0131 sorarak, 2008 y\u0131l\u0131nda olmazsa 2009 y\u0131l\u0131nda TBMM\u2019ye yeniden teklif etmemiz konusunda talimat verdi. Bende Say\u0131n Valimize; dosya olu\u015fturma safhas\u0131nda Ahi Baba ile birlikte \u00e7al\u0131\u015ft\u0131\u011f\u0131m\u0131z\u0131, ancak yeterli belgeye ula\u015famad\u0131\u011f\u0131m\u0131z\u0131, Karag\u00fcll\u00fc\u2019n\u00fcn \u015fevkinin k\u0131r\u0131ld\u0131\u011f\u0131n\u0131 ve kendisiyle bizzat g\u00f6r\u00fc\u015fmesinin uygun olaca\u011f\u0131n\u0131 s\u00f6yledim. Ahi Baba\u2019y\u0131 davet ettik. Valimiz, yeniden bir haz\u0131rl\u0131k yap\u0131lmas\u0131 y\u00f6n\u00fcndeki iste\u011fini payla\u015ft\u0131. Karag\u00fcll\u00fc, \u201cVali beyefendi, hi\u00e7bir zaman bana getirisi olsun diye bir gayretin i\u00e7inde olmad\u0131m. Ben servetimi ve \u00f6mr\u00fcm\u00fc Ahilik ve K\u0131r\u015fehir yolunda harcad\u0131m. Siz devleti temsil ediyorsunuz, size de \u2018gerek yok\u2019 diyemedi\u011fim i\u00e7in kabul ediyorum.\u201d mealinde g\u00f6r\u00fc\u015f bildirdi.<\/p>\n<p>Valilik makam\u0131ndan \u00e7\u0131k\u0131nca benim odamda uzun s\u00fcre ne yapabilece\u011fimizi konu\u015ftuk. Sonu\u00e7ta, buldu\u011fumuz kadar\u0131yla bir dosya tek\u00e2m\u00fcl ettirip komisyona teslim etmeden \u00f6nce, TBMM K\u00fclt\u00fcr, Sanat ve Yay\u0131n Kurulu M\u00fcd\u00fcr\u00fc\u2019nden dosyan\u0131n yeterli olup olmad\u0131\u011f\u0131 konusunda \u00f6n bilgi almaya karar verdik. \u00c7\u00fcnk\u00fc komisyon \u00e7al\u0131\u015fanlar\u0131, dosya i\u00e7eri\u011fi konusunda Valilik g\u00f6revlilerine destek veriyordu. Bunun \u00fczerine, 7 Mart 2008 tarihinde \u0130l Genel Meclisi, Valili\u011fimizin yaz\u0131s\u0131 \u00fczerine Ahi Baba\u2019n\u0131n TBMM \u00dcst\u00fcn Hizmet \u00d6d\u00fcl\u00fc\u2019ne teklif edilmesinin uygun olaca\u011f\u0131 y\u00f6n\u00fcnde yeni bir karar ald\u0131.<\/p>\n<p>Her f\u0131rsatta Ahi Baba ile belge konusunu konu\u015ftuk. En sonunda mevcut dosyam\u0131z hakk\u0131nda bilgi almak \u00fczere TBMM\u2019ye gidecektik. Ancak Ahi Baba, ak\u015fam beni aray\u0131p sabah gelmeyece\u011fini, g\u00f6r\u00fc\u015fmeyi benim yapmam\u0131n uygun olaca\u011f\u0131n\u0131 s\u00f6yledi. Neticede ben gidip g\u00f6r\u00fc\u015ft\u00fcm, fakat olumlu bir cevap alamad\u0131m. Karag\u00fcll\u00fc ile payla\u015ft\u0131\u011f\u0131mda, \u015fimdi \u00e7ok hat\u0131rlayamad\u0131\u011f\u0131m g\u00fczel bir k\u0131ssa anlatt\u0131. Ard\u0131ndan da 2 Haziran 2009 tarihinde Valili\u011fimize, ba\u015fka bir hem\u015ferimizin teklif edilmesini isteyen bir dilek\u00e7e verdi. Ahi Baba\u2019n\u0131n dilek\u00e7esi aynen \u015f\u00f6yle idi:<\/p>\n<p>\u201cEfendim,<\/p>\n<p>H\u00e2l ve gidi\u015fat\u0131n edebe mugayir h\u00e2li olmayan, be\u015fer\u00ee m\u00fcnasebetler ilkesine uyumu ve harfiyen sadakati bulunan; do\u011fup b\u00fcy\u00fcd\u00fc\u011f\u00fc memleketinin tarih\u00ee, mill\u00ee kaynaklar\u0131 ve manevi de\u011ferlerini, d\u00fcn\u00fc, bug\u00fcn\u00fc ve yar\u0131n\u0131 ile alakal\u0131 iktisad\u00ee, i\u00e7tima\u00ee, k\u00fclt\u00fcr vb. h\u00e2l ve ahvallerde hay\u0131rl\u0131, yap\u0131c\u0131, pozitif (olmazsa olmaz) boyutuyla yaln\u0131zca alg\u0131lamakla kalmay\u0131p, madde ve manada izah\u0131, sorun ve sorumlulu\u011fu \u00fcstlenen sayg\u0131n ki\u015finin veya ki\u015filerin say\u0131n valili\u011fimizce TBMM Ba\u015fkanl\u0131\u011f\u0131na sunulmas\u0131na ve se\u00e7ilecek birine \u00f6d\u00fcl verilmesi ile alakal\u0131 olarak bendenizden, aday ve adayl\u0131\u011f\u0131mla ilgili baz\u0131 belgeler istenmi\u015ftir.<\/p>\n<p>Samimiyetle ifade edeyim ki, hi\u00e7 de lay\u0131k olmad\u0131\u011f\u0131m bu ilk tespitinizle iktifa edilmesini, \u201cmarifet iltifata tabidir\u201d deyiminden de ziyadesiyle memnuniyetimi arz etmek isterim.<\/p>\n<p>57 y\u0131l \u00f6nce kurdu\u011fum, h\u00e2len i\u00e7inde ve ba\u015f\u0131nda oldu\u011fum \u00f6nemli bir Ahilik kurumu konumundaki te\u015fkilat\u0131m\u0131z\u0131n vefak\u00e2r, kadirbilir m\u00fcntesiplerinin, d\u00fcnden daha \u00e7ok bug\u00fcne madde ve \u00f6zellikle manada ziyanlar\u0131n\u0131, her g\u00fcn de\u011fil her saat ekonomik ve sosyal \u00e7\u00f6k\u00fcnt\u00fc i\u00e7erisine girmelerinde kendimi de sorumlu ve mesul addetmekteyim.<\/p>\n<p>Bu ruh h\u00e2li i\u00e7erisinde, b\u00f6yle \u00f6nemli bir organizasyonda \u00f6d\u00fcl almaya hak ve hatta lay\u0131k g\u00f6rmemekteyim.<\/p>\n<p>T\u00fcrk k\u00fclt\u00fcr\u00fcn\u00fcn de\u011ferler manzumesi olan g\u00fczel ilimiz K\u0131r\u015fehir\u2019in madde ve manada daha \u00e7ok katk\u0131 sa\u011flayabilecek ba\u015fka de\u011ferli bir hem\u015ferimizin lehine feragatimi ve \u00f6nerilmesinde ayr\u0131 ve farkl\u0131 bir yarar m\u00fctalaa etmekteyim.<\/p>\n<p>Gere\u011fini iddian\u0131za ve y\u00fcksek takdirlerinize arz ederim efendim.\u201d<\/p>\n<p>Buna ra\u011fmen, K\u0131r\u015fehir Esnaf ve Sanatk\u00e2rlar Odalar\u0131 Birli\u011fi ile Ticaret ve Sanayi Odas\u0131 Ba\u015fkanl\u0131\u011f\u0131 taraf\u0131ndan 31.01.2014 tarihinde Karag\u00fcll\u00fc\u2019n\u00fcn bir kez daha TBMM \u00dcst\u00fcn Hizmet \u00d6d\u00fcl\u00fc\u2019ne aday g\u00f6sterilmesi y\u00f6n\u00fcnde talepte bulunuldu. Ancak daha \u00f6ncekilerde oldu\u011fu gibi bu defa da mesafe alamad\u0131k.<\/p>\n<p>Ayn\u0131 s\u0131k\u0131nt\u0131y\u0131 Muzaffer Mar\u015fap\u2019\u0131n teklifinde de ya\u015fad\u0131k. Yapt\u0131rd\u0131\u011f\u0131 24 derslikli lise binas\u0131n\u0131n \u00f6tesinde elimizde somut belge yoktu. Yapt\u0131rd\u0131\u011f\u0131 k\u00f6pr\u00fcleri ve \u00e7e\u015fmeleri, Valilik foto\u011fraf\u00e7\u0131m\u0131z\u0131 g\u00f6ndererek belge h\u00e2line getirdim. Hay\u0131r i\u015flerinde fiilen ba\u015fkanl\u0131k yapt\u0131\u011f\u0131 derneklerin belgelerini ve faaliyetlerini de \u0130l Dernekler M\u00fcd\u00fcrl\u00fc\u011f\u00fc ar\u015fivinde temin ederek dosyas\u0131n\u0131 tek\u00e2m\u00fcl ettirdik.<\/p>\n<p>Yeri gelmi\u015fken buradan, TBMM \u00dcst\u00fcn Hizmet \u00d6d\u00fcl\u00fc\u2019ne lay\u0131k g\u00f6r\u00fclen hem\u015ferilerimizi yazmak istiyorum. Ne\u015fet Erta\u015f, Prof. Dr. \u0130lhan K\u0131l\u0131\u00e7\u00f6zl\u00fc, Muzaffer Mar\u015fap ve \u0130smail Canpolat K\u0131m\u00e7ak bu \u00f6d\u00fcl\u00fc alman\u0131n onurunu ya\u015fad\u0131lar.<\/p>\n<p>\u00d6te yandan merhum Mustafa Karag\u00fcll\u00fc ve merhum Galip Demir, Ahilik k\u00fclt\u00fcr\u00fcn\u00fcn tan\u0131t\u0131lmas\u0131na katk\u0131lar\u0131; Mali M\u00fc\u015favir Do\u011fan Koca, huzurevi yap\u0131m\u0131na katk\u0131s\u0131; S\u00fcleyman Eraslan ise i\u015f insan\u0131 olarak ba\u015far\u0131s\u0131ndan dolay\u0131 teklif edildi, ancak ba\u015far\u0131l\u0131 olamad\u0131k.<\/p>\n<p>Karag\u00fcll\u00fc, hayat\u0131n\u0131n her an\u0131nda Ahili\u011fi tan\u0131tma gayretinden geri durmad\u0131. Hem\u015ferimiz Ahmet Alt\u0131parmak\u2019\u0131n Antalya Valisi oldu\u011fu d\u00f6nemde, Antalya Esnaf ve Sanatk\u00e2rlar Odalar\u0131 Birli\u011fi Ba\u015fkanl\u0131\u011f\u0131 ile Antalya K\u0131r\u015fehir K\u00fclt\u00fcr, Yard\u0131mla\u015fma ve Dayan\u0131\u015fma Derne\u011fi\u2019nce haz\u0131rlanan \u201cAntalya Esnaf\u0131na Ahili\u011fin \u00c7a\u011fda\u015f, Sosyal ve Ekonomik Y\u00f6nden G\u00fcncellenmesi\u201d isimli proje, \u0130\u00e7i\u015fleri Bakanl\u0131\u011f\u0131 Dernekler Dairesi Ba\u015fkanl\u0131\u011f\u0131nca kabul edildi. 2012 y\u0131l\u0131 Aral\u0131k ay\u0131nda uygulamaya konulan proje kapsam\u0131nda toplant\u0131lar belli aral\u0131klarla yakla\u015f\u0131k alt\u0131 ay s\u00fcrd\u00fc. Ahi Baba, Antalya\u2019n\u0131n il\u00e7eleri de d\u00e2hil olmak \u00fczere t\u00fcm esnaf gruplar\u0131na d\u00fczenlenen konferanslarda Ahi Evran-\u0131 Veli\u2019yi, onun felsefesini, esnaf e\u011fitimini ve ahlak\u0131n\u0131 anlatt\u0131. Tabii \u0130smet abla bu s\u00fcre i\u00e7erisinde Ahi Baba\u2019y\u0131 genellikle yaln\u0131z b\u0131rakmad\u0131; her toplant\u0131da asistan\u0131 gibi onun haz\u0131rl\u0131klar\u0131na destek oldu.<\/p>\n<p><img loading=\"lazy\" decoding=\"async\" class=\"alignnone size-full wp-image-1631\" src=\"https:\/\/www.kirsehirses.com\/wp-content\/uploads\/2026\/02\/Ekran-goruntusu-2026-02-17-123624.png\" alt=\"\" width=\"1015\" height=\"422\" srcset=\"https:\/\/www.kirsehirses.com\/wp-content\/uploads\/2026\/02\/Ekran-goruntusu-2026-02-17-123624.png 1015w, https:\/\/www.kirsehirses.com\/wp-content\/uploads\/2026\/02\/Ekran-goruntusu-2026-02-17-123624-300x125.png 300w, https:\/\/www.kirsehirses.com\/wp-content\/uploads\/2026\/02\/Ekran-goruntusu-2026-02-17-123624-768x319.png 768w\" sizes=\"auto, (max-width: 1015px) 100vw, 1015px\" \/><\/p>\n<p><strong>Osman DEM\u0130R<\/strong><\/p>\n","protected":false},"excerpt":{"rendered":"<p>Bir \u015eehre ve Ahili\u011fe Adanan Hayat: Ahi Baba Mustafa Karag\u00fcll\u00fc &#8211; 2 \u00d6mr\u00fc boyunca K\u0131r\u015fehir\u2019in kalk\u0131nmas\u0131 ve K\u0131r\u015fehir\u2019in sahip oldu\u011fu zengin k\u00fclt\u00fcr\u00fcn\u00fc tan\u0131tmak i\u00e7in \u00e7al\u0131nmad\u0131k kap\u0131 b\u0131rakmayan Karag\u00fcll\u00fc, zaman\u0131n etkili bas\u0131n kurulu\u015flar\u0131ndan olan Terc\u00fcman gazetesi k\u00f6\u015fe yazar\u0131 Ahmet Kabakl\u0131 \u00fcstada misafir olur. \u00dcstad, 13 Mart 1983 g\u00fcnl\u00fc\u00a0 \u201cG\u00fcn I\u015f\u0131\u011f\u0131nda\u201d isimli k\u00f6\u015fesinde \u015f\u00f6yle yazar: \u201c\u2026K\u0131r\u015fehir T\u00fcrk [&hellip;]<\/p>\n","protected":false},"author":1,"featured_media":1628,"comment_status":"open","ping_status":"open","sticky":false,"template":"","format":"standard","meta":{"footnotes":""},"categories":[8],"tags":[],"class_list":["post-1627","post","type-post","status-publish","format-standard","has-post-thumbnail","hentry","category-kirsehir"],"_links":{"self":[{"href":"https:\/\/www.kirsehirses.com\/index.php\/wp-json\/wp\/v2\/posts\/1627","targetHints":{"allow":["GET"]}}],"collection":[{"href":"https:\/\/www.kirsehirses.com\/index.php\/wp-json\/wp\/v2\/posts"}],"about":[{"href":"https:\/\/www.kirsehirses.com\/index.php\/wp-json\/wp\/v2\/types\/post"}],"author":[{"embeddable":true,"href":"https:\/\/www.kirsehirses.com\/index.php\/wp-json\/wp\/v2\/users\/1"}],"replies":[{"embeddable":true,"href":"https:\/\/www.kirsehirses.com\/index.php\/wp-json\/wp\/v2\/comments?post=1627"}],"version-history":[{"count":3,"href":"https:\/\/www.kirsehirses.com\/index.php\/wp-json\/wp\/v2\/posts\/1627\/revisions"}],"predecessor-version":[{"id":1632,"href":"https:\/\/www.kirsehirses.com\/index.php\/wp-json\/wp\/v2\/posts\/1627\/revisions\/1632"}],"wp:featuredmedia":[{"embeddable":true,"href":"https:\/\/www.kirsehirses.com\/index.php\/wp-json\/wp\/v2\/media\/1628"}],"wp:attachment":[{"href":"https:\/\/www.kirsehirses.com\/index.php\/wp-json\/wp\/v2\/media?parent=1627"}],"wp:term":[{"taxonomy":"category","embeddable":true,"href":"https:\/\/www.kirsehirses.com\/index.php\/wp-json\/wp\/v2\/categories?post=1627"},{"taxonomy":"post_tag","embeddable":true,"href":"https:\/\/www.kirsehirses.com\/index.php\/wp-json\/wp\/v2\/tags?post=1627"}],"curies":[{"name":"wp","href":"https:\/\/api.w.org\/{rel}","templated":true}]}}