{"id":1633,"date":"2026-02-21T03:39:22","date_gmt":"2026-02-21T00:39:22","guid":{"rendered":"https:\/\/www.kirsehirses.com\/?p=1633"},"modified":"2026-02-21T03:39:22","modified_gmt":"2026-02-21T00:39:22","slug":"74-yil-sonra-kimligine-kavustu","status":"publish","type":"post","link":"https:\/\/www.kirsehirses.com\/index.php\/2026\/02\/21\/74-yil-sonra-kimligine-kavustu\/","title":{"rendered":"74 Y\u0131l Sonra Kimli\u011fine Kavu\u015ftu"},"content":{"rendered":"<p><strong>74 Y\u0131l Sonra Kimli\u011fine Kavu\u015ftu<\/strong><\/p>\n<p>K\u0131r\u015fehir \u0130l N\u00fcfus ve Vatanda\u015fl\u0131k M\u00fcd\u00fcrl\u00fc\u011f\u00fc, s\u0131ra d\u0131\u015f\u0131 bir olaya imza att\u0131. K\u0131r\u015fehir merkez Ba\u011fba\u015f\u0131 Mahallesi\u2019nde ya\u015fayan ve bug\u00fcne kadar resmi kay\u0131tlarda hi\u00e7 yer almad\u0131\u011f\u0131 belirlenen 74 ya\u015f\u0131ndaki bir vatanda\u015f\u0131n kimlik sorunu \u00e7\u00f6z\u00fcld\u00fc.<\/p>\n<p>Yap\u0131lan incelemelerde, \u015fahs\u0131n do\u011fumundan bu yana herhangi bir n\u00fcfus kayd\u0131n\u0131n bulunmad\u0131\u011f\u0131 tespit edildi. \u0130l M\u00fcd\u00fcrl\u00fc\u011f\u00fc ekipleri, s\u00fcreci \u0130\u00e7i\u015fleri Bakanl\u0131\u011f\u0131 ile koordineli \u015fekilde y\u00fcr\u00fctt\u00fc. Titiz \u00e7al\u0131\u015fma sonucunda vatanda\u015f\u0131n \u201cdo\u011fum yeri esas\u0131na g\u00f6re\u201d T\u00fcrk vatanda\u015fl\u0131\u011f\u0131na tesciline karar verildi.<\/p>\n<p>\u0130l N\u00fcfus ve Vatanda\u015fl\u0131k M\u00fcd\u00fcrl\u00fc\u011f\u00fc sosyal medya hesaplar\u0131ndan yap\u0131lan a\u00e7\u0131klamada, 74 y\u0131l sonra ilk kez T\u00fcrk vatanda\u015fl\u0131\u011f\u0131 tescil edilen vatanda\u015f\u0131n Kimlik Kart\u0131 ba\u015fvurusunun da al\u0131nd\u0131\u011f\u0131 duyuruldu.<\/p>\n<p>Y\u0131llard\u0131r resmi kayd\u0131 olmadan hayat\u0131n\u0131 s\u00fcrd\u00fcren vatanda\u015f i\u00e7in at\u0131lan bu ad\u0131m, ailesinde b\u00fcy\u00fck sevin\u00e7 yaratt\u0131.<\/p>\n","protected":false},"excerpt":{"rendered":"<p>74 Y\u0131l Sonra Kimli\u011fine Kavu\u015ftu K\u0131r\u015fehir \u0130l N\u00fcfus ve Vatanda\u015fl\u0131k M\u00fcd\u00fcrl\u00fc\u011f\u00fc, s\u0131ra d\u0131\u015f\u0131 bir olaya imza att\u0131. K\u0131r\u015fehir merkez Ba\u011fba\u015f\u0131 Mahallesi\u2019nde ya\u015fayan ve bug\u00fcne kadar resmi kay\u0131tlarda hi\u00e7 yer almad\u0131\u011f\u0131 belirlenen 74 ya\u015f\u0131ndaki bir vatanda\u015f\u0131n kimlik sorunu \u00e7\u00f6z\u00fcld\u00fc. Yap\u0131lan incelemelerde, \u015fahs\u0131n do\u011fumundan bu yana herhangi bir n\u00fcfus kayd\u0131n\u0131n bulunmad\u0131\u011f\u0131 tespit edildi. \u0130l M\u00fcd\u00fcrl\u00fc\u011f\u00fc ekipleri, s\u00fcreci [&hellip;]<\/p>\n","protected":false},"author":1,"featured_media":1634,"comment_status":"open","ping_status":"open","sticky":false,"template":"","format":"standard","meta":{"footnotes":""},"categories":[8],"tags":[],"class_list":["post-1633","post","type-post","status-publish","format-standard","has-post-thumbnail","hentry","category-kirsehir"],"_links":{"self":[{"href":"https:\/\/www.kirsehirses.com\/index.php\/wp-json\/wp\/v2\/posts\/1633","targetHints":{"allow":["GET"]}}],"collection":[{"href":"https:\/\/www.kirsehirses.com\/index.php\/wp-json\/wp\/v2\/posts"}],"about":[{"href":"https:\/\/www.kirsehirses.com\/index.php\/wp-json\/wp\/v2\/types\/post"}],"author":[{"embeddable":true,"href":"https:\/\/www.kirsehirses.com\/index.php\/wp-json\/wp\/v2\/users\/1"}],"replies":[{"embeddable":true,"href":"https:\/\/www.kirsehirses.com\/index.php\/wp-json\/wp\/v2\/comments?post=1633"}],"version-history":[{"count":1,"href":"https:\/\/www.kirsehirses.com\/index.php\/wp-json\/wp\/v2\/posts\/1633\/revisions"}],"predecessor-version":[{"id":1635,"href":"https:\/\/www.kirsehirses.com\/index.php\/wp-json\/wp\/v2\/posts\/1633\/revisions\/1635"}],"wp:featuredmedia":[{"embeddable":true,"href":"https:\/\/www.kirsehirses.com\/index.php\/wp-json\/wp\/v2\/media\/1634"}],"wp:attachment":[{"href":"https:\/\/www.kirsehirses.com\/index.php\/wp-json\/wp\/v2\/media?parent=1633"}],"wp:term":[{"taxonomy":"category","embeddable":true,"href":"https:\/\/www.kirsehirses.com\/index.php\/wp-json\/wp\/v2\/categories?post=1633"},{"taxonomy":"post_tag","embeddable":true,"href":"https:\/\/www.kirsehirses.com\/index.php\/wp-json\/wp\/v2\/tags?post=1633"}],"curies":[{"name":"wp","href":"https:\/\/api.w.org\/{rel}","templated":true}]}}