{"id":1639,"date":"2026-02-21T03:50:32","date_gmt":"2026-02-21T00:50:32","guid":{"rendered":"https:\/\/www.kirsehirses.com\/?p=1639"},"modified":"2026-02-21T03:50:32","modified_gmt":"2026-02-21T00:50:32","slug":"13-ilde-dev-sanayi-bolgesi","status":"publish","type":"post","link":"https:\/\/www.kirsehirses.com\/index.php\/2026\/02\/21\/13-ilde-dev-sanayi-bolgesi\/","title":{"rendered":"13 \u0130lde Dev Sanayi B\u00f6lgesi"},"content":{"rendered":"<p><strong>13 \u0130lde Dev Sanayi B\u00f6lgesi<\/strong><\/p>\n<p>Sanayi ve Teknoloji Bakan\u0131 Mehmet Fatih Kac\u0131r taraf\u0131ndan a\u00e7\u0131klanan yeni master plan kapsam\u0131nda, T\u00fcrkiye genelinde 13 ilde toplam 59 bin hektarl\u0131k 16 yeni end\u00fcstri b\u00f6lgesi kurulacak.<\/p>\n<p>Resmi Gazete\u2019de yay\u0131mlanarak y\u00fcr\u00fcrl\u00fc\u011fe giren planla, \u00e7o\u011funlu\u011fu \u0130\u00e7 Anadolu \u015fehirleri olmak \u00fczere geni\u015f bir sanayi ku\u015fa\u011f\u0131 olu\u015fturulmas\u0131 hedefleniyor.<\/p>\n<p>Projeye g\u00f6re OSB b\u00f6lgelerinden ayr\u0131 olarak yeni mega end\u00fcstri b\u00f6lgeleri \u015fu illerde hayata ge\u00e7irilecek: Aksaray, Amasya, Ankara, Eski\u015fehir, Hatay (Hassa), Karaman, Kastamonu, Kayseri, *KIR\u015eEH\u0130R* Konya, Nev\u015fehir, Ni\u011fde ve Yozgat. Karaman ve Ni\u011fde\u2019de iki\u015fer ayr\u0131 b\u00f6lge kurulacak.<\/p>\n<p>Toplam 59 bin hektarl\u0131k alan\u0131 kapsayan yat\u0131r\u0131mlar\u0131n tamamlanmas\u0131yla \u00fcretim kapasitesinin art\u0131r\u0131lmas\u0131, istihdam\u0131n y\u00fckseltilmesi ve i\u00e7 g\u00f6\u00e7\u00fcn azalt\u0131lmas\u0131 hedefleniyor. Sanayi faaliyetlerinin i\u00e7 b\u00f6lgelere kayd\u0131r\u0131lmas\u0131yla Marmara B\u00f6lgesi \u00fczerindeki y\u00fck\u00fcn hafifletilmesi ve \u00e7evresel risklerin azalt\u0131lmas\u0131 da plan\u0131n \u00f6nemli hedefleri aras\u0131nda yer al\u0131yor.<\/p>\n<p>30 y\u0131ll\u0131k perspektifle haz\u0131rlanan master plan\u0131n, b\u00f6lgesel geli\u015fmi\u015flik farklar\u0131n\u0131 azaltarak T\u00fcrkiye\u2019de dengeli bir sanayi ve n\u00fcfus da\u011f\u0131l\u0131m\u0131 olu\u015fturmas\u0131 bekleniyor.<\/p>\n","protected":false},"excerpt":{"rendered":"<p>13 \u0130lde Dev Sanayi B\u00f6lgesi Sanayi ve Teknoloji Bakan\u0131 Mehmet Fatih Kac\u0131r taraf\u0131ndan a\u00e7\u0131klanan yeni master plan kapsam\u0131nda, T\u00fcrkiye genelinde 13 ilde toplam 59 bin hektarl\u0131k 16 yeni end\u00fcstri b\u00f6lgesi kurulacak. Resmi Gazete\u2019de yay\u0131mlanarak y\u00fcr\u00fcrl\u00fc\u011fe giren planla, \u00e7o\u011funlu\u011fu \u0130\u00e7 Anadolu \u015fehirleri olmak \u00fczere geni\u015f bir sanayi ku\u015fa\u011f\u0131 olu\u015fturulmas\u0131 hedefleniyor. Projeye g\u00f6re OSB b\u00f6lgelerinden ayr\u0131 olarak [&hellip;]<\/p>\n","protected":false},"author":1,"featured_media":1640,"comment_status":"open","ping_status":"open","sticky":false,"template":"","format":"standard","meta":{"footnotes":""},"categories":[8,7],"tags":[],"class_list":["post-1639","post","type-post","status-publish","format-standard","has-post-thumbnail","hentry","category-kirsehir","category-turkiye"],"_links":{"self":[{"href":"https:\/\/www.kirsehirses.com\/index.php\/wp-json\/wp\/v2\/posts\/1639","targetHints":{"allow":["GET"]}}],"collection":[{"href":"https:\/\/www.kirsehirses.com\/index.php\/wp-json\/wp\/v2\/posts"}],"about":[{"href":"https:\/\/www.kirsehirses.com\/index.php\/wp-json\/wp\/v2\/types\/post"}],"author":[{"embeddable":true,"href":"https:\/\/www.kirsehirses.com\/index.php\/wp-json\/wp\/v2\/users\/1"}],"replies":[{"embeddable":true,"href":"https:\/\/www.kirsehirses.com\/index.php\/wp-json\/wp\/v2\/comments?post=1639"}],"version-history":[{"count":1,"href":"https:\/\/www.kirsehirses.com\/index.php\/wp-json\/wp\/v2\/posts\/1639\/revisions"}],"predecessor-version":[{"id":1641,"href":"https:\/\/www.kirsehirses.com\/index.php\/wp-json\/wp\/v2\/posts\/1639\/revisions\/1641"}],"wp:featuredmedia":[{"embeddable":true,"href":"https:\/\/www.kirsehirses.com\/index.php\/wp-json\/wp\/v2\/media\/1640"}],"wp:attachment":[{"href":"https:\/\/www.kirsehirses.com\/index.php\/wp-json\/wp\/v2\/media?parent=1639"}],"wp:term":[{"taxonomy":"category","embeddable":true,"href":"https:\/\/www.kirsehirses.com\/index.php\/wp-json\/wp\/v2\/categories?post=1639"},{"taxonomy":"post_tag","embeddable":true,"href":"https:\/\/www.kirsehirses.com\/index.php\/wp-json\/wp\/v2\/tags?post=1639"}],"curies":[{"name":"wp","href":"https:\/\/api.w.org\/{rel}","templated":true}]}}