{"id":1642,"date":"2026-02-21T03:57:36","date_gmt":"2026-02-21T00:57:36","guid":{"rendered":"https:\/\/www.kirsehirses.com\/?p=1642"},"modified":"2026-02-21T03:57:36","modified_gmt":"2026-02-21T00:57:36","slug":"kirsehire-esob-hizmet-binasi-mujdesi","status":"publish","type":"post","link":"https:\/\/www.kirsehirses.com\/index.php\/2026\/02\/21\/kirsehire-esob-hizmet-binasi-mujdesi\/","title":{"rendered":"K\u0131r\u015fehir&#8217;e ESOB Hizmet Binas\u0131 M\u00fcjdesi!"},"content":{"rendered":"<p><strong>K\u0131r\u015fehir&#8217;e ESOB Hizmet Binas\u0131 M\u00fcjdesi!<\/strong><\/p>\n<p>K\u0131r\u015fehir Milletvekili Necmettin Erkan, sosyal medya hesab\u0131ndan yapt\u0131\u011f\u0131 a\u00e7\u0131klamada, ESOB Ba\u015fkan\u0131 Bahamettin \u00d6zt\u00fcrk\u2019\u00fcn talepleri do\u011frultusunda K\u0131r\u015fehir Esnaf ve Sanatk\u00e2rlar Odalar\u0131 Birli\u011fi i\u00e7in yeni bir hizmet binas\u0131 kazand\u0131r\u0131laca\u011f\u0131n\u0131 duyurdu.<\/p>\n<p>Erkan, projenin hayata ge\u00e7irilmesi amac\u0131yla \u00c7evre, \u015eehircilik ve \u0130klim De\u011fi\u015fikli\u011fi Bakanl\u0131\u011f\u0131 taraf\u0131ndan yer tahsisi s\u00fcrecinin ba\u015flat\u0131ld\u0131\u011f\u0131n\u0131 belirtti. Yeni hizmet binas\u0131n\u0131n, \u015fehirdeki esnaf ve sanatk\u00e2rlara daha nitelikli hizmet sunulmas\u0131na katk\u0131 sa\u011flamas\u0131 hedefleniyor.<\/p>\n<p>Milletvekili Erkan, yat\u0131r\u0131m\u0131n hem birlik te\u015fkilat\u0131 hem de K\u0131r\u015fehir esnaf\u0131 i\u00e7in hay\u0131rl\u0131 olmas\u0131n\u0131 dileyerek, projenin ticari hayat\u0131 canland\u0131raca\u011f\u0131n\u0131 ifade etti.<\/p>\n","protected":false},"excerpt":{"rendered":"<p>K\u0131r\u015fehir&#8217;e ESOB Hizmet Binas\u0131 M\u00fcjdesi! K\u0131r\u015fehir Milletvekili Necmettin Erkan, sosyal medya hesab\u0131ndan yapt\u0131\u011f\u0131 a\u00e7\u0131klamada, ESOB Ba\u015fkan\u0131 Bahamettin \u00d6zt\u00fcrk\u2019\u00fcn talepleri do\u011frultusunda K\u0131r\u015fehir Esnaf ve Sanatk\u00e2rlar Odalar\u0131 Birli\u011fi i\u00e7in yeni bir hizmet binas\u0131 kazand\u0131r\u0131laca\u011f\u0131n\u0131 duyurdu. Erkan, projenin hayata ge\u00e7irilmesi amac\u0131yla \u00c7evre, \u015eehircilik ve \u0130klim De\u011fi\u015fikli\u011fi Bakanl\u0131\u011f\u0131 taraf\u0131ndan yer tahsisi s\u00fcrecinin ba\u015flat\u0131ld\u0131\u011f\u0131n\u0131 belirtti. Yeni hizmet binas\u0131n\u0131n, \u015fehirdeki esnaf [&hellip;]<\/p>\n","protected":false},"author":1,"featured_media":1643,"comment_status":"open","ping_status":"open","sticky":false,"template":"","format":"standard","meta":{"footnotes":""},"categories":[8],"tags":[],"class_list":["post-1642","post","type-post","status-publish","format-standard","has-post-thumbnail","hentry","category-kirsehir"],"_links":{"self":[{"href":"https:\/\/www.kirsehirses.com\/index.php\/wp-json\/wp\/v2\/posts\/1642","targetHints":{"allow":["GET"]}}],"collection":[{"href":"https:\/\/www.kirsehirses.com\/index.php\/wp-json\/wp\/v2\/posts"}],"about":[{"href":"https:\/\/www.kirsehirses.com\/index.php\/wp-json\/wp\/v2\/types\/post"}],"author":[{"embeddable":true,"href":"https:\/\/www.kirsehirses.com\/index.php\/wp-json\/wp\/v2\/users\/1"}],"replies":[{"embeddable":true,"href":"https:\/\/www.kirsehirses.com\/index.php\/wp-json\/wp\/v2\/comments?post=1642"}],"version-history":[{"count":1,"href":"https:\/\/www.kirsehirses.com\/index.php\/wp-json\/wp\/v2\/posts\/1642\/revisions"}],"predecessor-version":[{"id":1644,"href":"https:\/\/www.kirsehirses.com\/index.php\/wp-json\/wp\/v2\/posts\/1642\/revisions\/1644"}],"wp:featuredmedia":[{"embeddable":true,"href":"https:\/\/www.kirsehirses.com\/index.php\/wp-json\/wp\/v2\/media\/1643"}],"wp:attachment":[{"href":"https:\/\/www.kirsehirses.com\/index.php\/wp-json\/wp\/v2\/media?parent=1642"}],"wp:term":[{"taxonomy":"category","embeddable":true,"href":"https:\/\/www.kirsehirses.com\/index.php\/wp-json\/wp\/v2\/categories?post=1642"},{"taxonomy":"post_tag","embeddable":true,"href":"https:\/\/www.kirsehirses.com\/index.php\/wp-json\/wp\/v2\/tags?post=1642"}],"curies":[{"name":"wp","href":"https:\/\/api.w.org\/{rel}","templated":true}]}}