{"id":1649,"date":"2026-02-21T04:05:21","date_gmt":"2026-02-21T01:05:21","guid":{"rendered":"https:\/\/www.kirsehirses.com\/?p=1649"},"modified":"2026-02-21T04:05:21","modified_gmt":"2026-02-21T01:05:21","slug":"seyfe-golune-dogaseverlerden-yogun-ilgi","status":"publish","type":"post","link":"https:\/\/www.kirsehirses.com\/index.php\/2026\/02\/21\/seyfe-golune-dogaseverlerden-yogun-ilgi\/","title":{"rendered":"Seyfe G\u00f6l\u00fc\u2019ne Do\u011faseverlerden Yo\u011fun \u0130lgi"},"content":{"rendered":"<p><strong>Seyfe G\u00f6l\u00fc\u2019ne Do\u011faseverlerden Yo\u011fun \u0130lgi<\/strong><\/p>\n<p>\u0130\u00e7 Anadolu\u2019nun \u00f6nemli sulak alanlar\u0131ndan biri olan Seyfe G\u00f6l\u00fc Ku\u015f Cenneti, son ya\u011fmur ve kar ya\u011f\u0131\u015flar\u0131n\u0131n ard\u0131ndan yeniden suyla doldu. Uzun s\u00fcredir kurakl\u0131k nedeniyle b\u00fcy\u00fck \u00f6l\u00e7\u00fcde kuruyan g\u00f6l, yeniden su tutmaya ba\u015flayarak eski canl\u0131 g\u00f6r\u00fcnt\u00fcs\u00fcne kavu\u015ftu.<\/p>\n<p>Su seviyesindeki art\u0131\u015f, b\u00f6lgedeki ku\u015f varl\u0131\u011f\u0131n\u0131 da hareketlendirdi. \u00d6zellikle flamingolar\u0131n yeniden g\u00f6r\u00fclmeye ba\u015flanmas\u0131, do\u011faseverleri heyecanland\u0131rd\u0131. Artan ku\u015f pop\u00fclasyonu, g\u00f6l\u00fc adeta do\u011fal bir ya\u015fam \u015f\u00f6lenine d\u00f6n\u00fc\u015ft\u00fcrd\u00fc.<\/p>\n<p>G\u00f6ldeki bu de\u011fi\u015fim hem yerel hem de ulusal bas\u0131nda geni\u015f yer buldu. Haberlerin ard\u0131ndan foto\u011fraf tutkunlar\u0131, do\u011fa g\u00f6zlemcileri ile \u00e7evre il, il\u00e7e ve k\u00f6ylerden ziyaret\u00e7iler b\u00f6lgeye ak\u0131n etti.<\/p>\n<p>Seyfe G\u00f6l\u00fc\u2019n\u00fcn b\u00fcy\u00fcleyici manzaras\u0131n\u0131 ve zenginle\u015fen ku\u015f \u00e7e\u015fitlili\u011fini g\u00f6rmek isteyenler, g\u00f6l \u00e7evresinde yo\u011funluk olu\u015fturmaya devam ediyor. Ayr\u0131ca, hafta sonlar\u0131nda Seyfe G\u00f6l\u00fcnde foto safari d\u00fczenleniyor. Ziyaret\u00e7ilerle g\u00f6l ve \u00e7evresi yeniden do\u011fan\u0131n kalbinin att\u0131\u011f\u0131 noktalardan biri haline geldi.<\/p>\n","protected":false},"excerpt":{"rendered":"<p>Seyfe G\u00f6l\u00fc\u2019ne Do\u011faseverlerden Yo\u011fun \u0130lgi \u0130\u00e7 Anadolu\u2019nun \u00f6nemli sulak alanlar\u0131ndan biri olan Seyfe G\u00f6l\u00fc Ku\u015f Cenneti, son ya\u011fmur ve kar ya\u011f\u0131\u015flar\u0131n\u0131n ard\u0131ndan yeniden suyla doldu. Uzun s\u00fcredir kurakl\u0131k nedeniyle b\u00fcy\u00fck \u00f6l\u00e7\u00fcde kuruyan g\u00f6l, yeniden su tutmaya ba\u015flayarak eski canl\u0131 g\u00f6r\u00fcnt\u00fcs\u00fcne kavu\u015ftu. Su seviyesindeki art\u0131\u015f, b\u00f6lgedeki ku\u015f varl\u0131\u011f\u0131n\u0131 da hareketlendirdi. \u00d6zellikle flamingolar\u0131n yeniden g\u00f6r\u00fclmeye ba\u015flanmas\u0131, do\u011faseverleri [&hellip;]<\/p>\n","protected":false},"author":1,"featured_media":1650,"comment_status":"open","ping_status":"open","sticky":false,"template":"","format":"standard","meta":{"footnotes":""},"categories":[8],"tags":[],"class_list":["post-1649","post","type-post","status-publish","format-standard","has-post-thumbnail","hentry","category-kirsehir"],"_links":{"self":[{"href":"https:\/\/www.kirsehirses.com\/index.php\/wp-json\/wp\/v2\/posts\/1649","targetHints":{"allow":["GET"]}}],"collection":[{"href":"https:\/\/www.kirsehirses.com\/index.php\/wp-json\/wp\/v2\/posts"}],"about":[{"href":"https:\/\/www.kirsehirses.com\/index.php\/wp-json\/wp\/v2\/types\/post"}],"author":[{"embeddable":true,"href":"https:\/\/www.kirsehirses.com\/index.php\/wp-json\/wp\/v2\/users\/1"}],"replies":[{"embeddable":true,"href":"https:\/\/www.kirsehirses.com\/index.php\/wp-json\/wp\/v2\/comments?post=1649"}],"version-history":[{"count":1,"href":"https:\/\/www.kirsehirses.com\/index.php\/wp-json\/wp\/v2\/posts\/1649\/revisions"}],"predecessor-version":[{"id":1651,"href":"https:\/\/www.kirsehirses.com\/index.php\/wp-json\/wp\/v2\/posts\/1649\/revisions\/1651"}],"wp:featuredmedia":[{"embeddable":true,"href":"https:\/\/www.kirsehirses.com\/index.php\/wp-json\/wp\/v2\/media\/1650"}],"wp:attachment":[{"href":"https:\/\/www.kirsehirses.com\/index.php\/wp-json\/wp\/v2\/media?parent=1649"}],"wp:term":[{"taxonomy":"category","embeddable":true,"href":"https:\/\/www.kirsehirses.com\/index.php\/wp-json\/wp\/v2\/categories?post=1649"},{"taxonomy":"post_tag","embeddable":true,"href":"https:\/\/www.kirsehirses.com\/index.php\/wp-json\/wp\/v2\/tags?post=1649"}],"curies":[{"name":"wp","href":"https:\/\/api.w.org\/{rel}","templated":true}]}}