{"id":1652,"date":"2026-02-21T04:07:49","date_gmt":"2026-02-21T01:07:49","guid":{"rendered":"https:\/\/www.kirsehirses.com\/?p=1652"},"modified":"2026-02-21T04:07:49","modified_gmt":"2026-02-21T01:07:49","slug":"merkezdeki-hastane-binasina-yeni-formul","status":"publish","type":"post","link":"https:\/\/www.kirsehirses.com\/index.php\/2026\/02\/21\/merkezdeki-hastane-binasina-yeni-formul\/","title":{"rendered":"Merkezdeki Hastane Binas\u0131na Yeni Form\u00fcl"},"content":{"rendered":"<p><strong>Merkezdeki Hastane Binas\u0131na Yeni Form\u00fcl<\/strong><\/p>\n<p>K\u0131r\u015fehir\u2019de sa\u011fl\u0131k alan\u0131nda dikkat \u00e7eken bir geli\u015fme ya\u015fand\u0131. AK Parti K\u0131r\u015fehir Milletvekili Necmettin Erkan, Ba\u011fba\u015f\u0131 mevkiinde yap\u0131m\u0131 s\u00fcren 400 yatakl\u0131 K\u0131r\u015fehir E\u011fitim ve Ara\u015ft\u0131rma Hastanesinin tamamlanma a\u015famas\u0131na geldi\u011fini a\u00e7\u0131klad\u0131.<\/p>\n<p>Yeni hastane binas\u0131n\u0131n tamamlanmas\u0131 ile birlikte mevcut hastanenin ta\u015f\u0131naca\u011f\u0131n\u0131 belirten Erkan, \u015fehir merkezindeki mevcut binan\u0131n at\u0131l kalmamas\u0131 i\u00e7in Sa\u011fl\u0131k Bakan\u0131 Kemal Memi\u015fo\u011flu ile g\u00f6r\u00fc\u015ft\u00fcklerini ifade etti. G\u00f6r\u00fc\u015fmede, binan\u0131n \u201cK\u0131r\u015fehir Devlet Hastanesi\u201d olarak hizmet vermeye devam etmesi se\u00e7ene\u011finin de\u011ferlendirildi\u011fini s\u00f6yledi.<\/p>\n<p>\u015eehir merkezindeki milyonluk yat\u0131r\u0131m\u0131n bo\u015fa gitmemesi gerekti\u011fini vurgulayan Erkan, hem merkezde sa\u011fl\u0131k hizmetinin s\u00fcrmesi hem de vatanda\u015flar\u0131n eri\u015fim kolayl\u0131\u011f\u0131n\u0131n korunmas\u0131 ad\u0131na s\u00fcrecin yak\u0131ndan takip edildi\u011fini kaydetti. Nihai karar\u0131n ilgili kurumlar\u0131n de\u011ferlendirmesinin ard\u0131ndan kamuoyuyla payla\u015f\u0131laca\u011f\u0131 bildirildi.<\/p>\n","protected":false},"excerpt":{"rendered":"<p>Merkezdeki Hastane Binas\u0131na Yeni Form\u00fcl K\u0131r\u015fehir\u2019de sa\u011fl\u0131k alan\u0131nda dikkat \u00e7eken bir geli\u015fme ya\u015fand\u0131. AK Parti K\u0131r\u015fehir Milletvekili Necmettin Erkan, Ba\u011fba\u015f\u0131 mevkiinde yap\u0131m\u0131 s\u00fcren 400 yatakl\u0131 K\u0131r\u015fehir E\u011fitim ve Ara\u015ft\u0131rma Hastanesinin tamamlanma a\u015famas\u0131na geldi\u011fini a\u00e7\u0131klad\u0131. Yeni hastane binas\u0131n\u0131n tamamlanmas\u0131 ile birlikte mevcut hastanenin ta\u015f\u0131naca\u011f\u0131n\u0131 belirten Erkan, \u015fehir merkezindeki mevcut binan\u0131n at\u0131l kalmamas\u0131 i\u00e7in Sa\u011fl\u0131k Bakan\u0131 Kemal [&hellip;]<\/p>\n","protected":false},"author":1,"featured_media":1653,"comment_status":"open","ping_status":"open","sticky":false,"template":"","format":"standard","meta":{"footnotes":""},"categories":[8,11],"tags":[],"class_list":["post-1652","post","type-post","status-publish","format-standard","has-post-thumbnail","hentry","category-kirsehir","category-saglik"],"_links":{"self":[{"href":"https:\/\/www.kirsehirses.com\/index.php\/wp-json\/wp\/v2\/posts\/1652","targetHints":{"allow":["GET"]}}],"collection":[{"href":"https:\/\/www.kirsehirses.com\/index.php\/wp-json\/wp\/v2\/posts"}],"about":[{"href":"https:\/\/www.kirsehirses.com\/index.php\/wp-json\/wp\/v2\/types\/post"}],"author":[{"embeddable":true,"href":"https:\/\/www.kirsehirses.com\/index.php\/wp-json\/wp\/v2\/users\/1"}],"replies":[{"embeddable":true,"href":"https:\/\/www.kirsehirses.com\/index.php\/wp-json\/wp\/v2\/comments?post=1652"}],"version-history":[{"count":1,"href":"https:\/\/www.kirsehirses.com\/index.php\/wp-json\/wp\/v2\/posts\/1652\/revisions"}],"predecessor-version":[{"id":1654,"href":"https:\/\/www.kirsehirses.com\/index.php\/wp-json\/wp\/v2\/posts\/1652\/revisions\/1654"}],"wp:featuredmedia":[{"embeddable":true,"href":"https:\/\/www.kirsehirses.com\/index.php\/wp-json\/wp\/v2\/media\/1653"}],"wp:attachment":[{"href":"https:\/\/www.kirsehirses.com\/index.php\/wp-json\/wp\/v2\/media?parent=1652"}],"wp:term":[{"taxonomy":"category","embeddable":true,"href":"https:\/\/www.kirsehirses.com\/index.php\/wp-json\/wp\/v2\/categories?post=1652"},{"taxonomy":"post_tag","embeddable":true,"href":"https:\/\/www.kirsehirses.com\/index.php\/wp-json\/wp\/v2\/tags?post=1652"}],"curies":[{"name":"wp","href":"https:\/\/api.w.org\/{rel}","templated":true}]}}