{"id":1655,"date":"2026-02-21T04:11:26","date_gmt":"2026-02-21T01:11:26","guid":{"rendered":"https:\/\/www.kirsehirses.com\/?p=1655"},"modified":"2026-02-21T04:11:26","modified_gmt":"2026-02-21T01:11:26","slug":"ramazanin-ilk-sofrasi-sehit-aileleri-ve-gazilerle-kuruldu","status":"publish","type":"post","link":"https:\/\/www.kirsehirses.com\/index.php\/2026\/02\/21\/ramazanin-ilk-sofrasi-sehit-aileleri-ve-gazilerle-kuruldu\/","title":{"rendered":"Ramazan\u2019\u0131n \u0130lk Sofras\u0131 \u015eehit Aileleri ve Gazilerle Kuruldu"},"content":{"rendered":"<p><strong>Ramazan\u2019\u0131n \u0130lk Sofras\u0131 \u015eehit Aileleri ve Gazilerle Kuruldu<\/strong><\/p>\n<p>Ramazan ay\u0131n\u0131n ilk ak\u015fam\u0131nda K\u0131r\u015fehir\u2019de anlaml\u0131 bir bulu\u015fma ger\u00e7ekle\u015fti. \u015eehit aileleri ve gaziler, ayn\u0131 sofrada bir araya gelerek birlik ve beraberli\u011fin en g\u00fc\u00e7l\u00fc mesaj\u0131n\u0131 verdi.<\/p>\n<p>K\u0131r\u015fehir Valisi Murat Sefa Demiry\u00fcrek\u2019in ev sahipli\u011fini yapt\u0131\u011f\u0131 \u201cB\u00fcy\u00fck Aile \u0130ftar Sofras\u0131\u201d program\u0131na milletvekilleri ve il protokol\u00fc de kat\u0131ld\u0131.<\/p>\n<p>Programda, devletin her zaman \u015fehit yak\u0131nlar\u0131 ve gazilerin yan\u0131nda oldu\u011fu vurgulan\u0131rken, Ramazan\u2019\u0131n manevi ikliminde dayan\u0131\u015fma ve vefa duygusu \u00f6n plana \u00e7\u0131kt\u0131.<\/p>\n<p>Dualarla an\u0131lan aziz \u015fehitler i\u00e7in rahmet dilekleri iletilirken, kahraman gazilere sa\u011fl\u0131k ve huzur temennileri payla\u015f\u0131ld\u0131. Ramazan\u2019\u0131n ilk iftar\u0131nda kurulan bu anlaml\u0131 sofra, K\u0131r\u015fehir\u2019de g\u00f6n\u00fclleri birle\u015ftiren g\u00fc\u00e7l\u00fc bir tablo ortaya koydu.<\/p>\n","protected":false},"excerpt":{"rendered":"<p>Ramazan\u2019\u0131n \u0130lk Sofras\u0131 \u015eehit Aileleri ve Gazilerle Kuruldu Ramazan ay\u0131n\u0131n ilk ak\u015fam\u0131nda K\u0131r\u015fehir\u2019de anlaml\u0131 bir bulu\u015fma ger\u00e7ekle\u015fti. \u015eehit aileleri ve gaziler, ayn\u0131 sofrada bir araya gelerek birlik ve beraberli\u011fin en g\u00fc\u00e7l\u00fc mesaj\u0131n\u0131 verdi. K\u0131r\u015fehir Valisi Murat Sefa Demiry\u00fcrek\u2019in ev sahipli\u011fini yapt\u0131\u011f\u0131 \u201cB\u00fcy\u00fck Aile \u0130ftar Sofras\u0131\u201d program\u0131na milletvekilleri ve il protokol\u00fc de kat\u0131ld\u0131. Programda, devletin her [&hellip;]<\/p>\n","protected":false},"author":1,"featured_media":1656,"comment_status":"open","ping_status":"open","sticky":false,"template":"","format":"standard","meta":{"footnotes":""},"categories":[8],"tags":[],"class_list":["post-1655","post","type-post","status-publish","format-standard","has-post-thumbnail","hentry","category-kirsehir"],"_links":{"self":[{"href":"https:\/\/www.kirsehirses.com\/index.php\/wp-json\/wp\/v2\/posts\/1655","targetHints":{"allow":["GET"]}}],"collection":[{"href":"https:\/\/www.kirsehirses.com\/index.php\/wp-json\/wp\/v2\/posts"}],"about":[{"href":"https:\/\/www.kirsehirses.com\/index.php\/wp-json\/wp\/v2\/types\/post"}],"author":[{"embeddable":true,"href":"https:\/\/www.kirsehirses.com\/index.php\/wp-json\/wp\/v2\/users\/1"}],"replies":[{"embeddable":true,"href":"https:\/\/www.kirsehirses.com\/index.php\/wp-json\/wp\/v2\/comments?post=1655"}],"version-history":[{"count":1,"href":"https:\/\/www.kirsehirses.com\/index.php\/wp-json\/wp\/v2\/posts\/1655\/revisions"}],"predecessor-version":[{"id":1657,"href":"https:\/\/www.kirsehirses.com\/index.php\/wp-json\/wp\/v2\/posts\/1655\/revisions\/1657"}],"wp:featuredmedia":[{"embeddable":true,"href":"https:\/\/www.kirsehirses.com\/index.php\/wp-json\/wp\/v2\/media\/1656"}],"wp:attachment":[{"href":"https:\/\/www.kirsehirses.com\/index.php\/wp-json\/wp\/v2\/media?parent=1655"}],"wp:term":[{"taxonomy":"category","embeddable":true,"href":"https:\/\/www.kirsehirses.com\/index.php\/wp-json\/wp\/v2\/categories?post=1655"},{"taxonomy":"post_tag","embeddable":true,"href":"https:\/\/www.kirsehirses.com\/index.php\/wp-json\/wp\/v2\/tags?post=1655"}],"curies":[{"name":"wp","href":"https:\/\/api.w.org\/{rel}","templated":true}]}}