{"id":1664,"date":"2026-02-21T04:48:15","date_gmt":"2026-02-21T01:48:15","guid":{"rendered":"https:\/\/www.kirsehirses.com\/?p=1664"},"modified":"2026-02-21T04:48:54","modified_gmt":"2026-02-21T01:48:54","slug":"kirsehirde-deprem-gercegi-mssaya-yatiriliyor-japon-uzman-yoshinori-moriwaki-geliyor","status":"publish","type":"post","link":"https:\/\/www.kirsehirses.com\/index.php\/2026\/02\/21\/kirsehirde-deprem-gercegi-mssaya-yatiriliyor-japon-uzman-yoshinori-moriwaki-geliyor\/","title":{"rendered":"K\u0131r\u015fehir&#8217;de Deprem Ger\u00e7e\u011fi Masaya Yat\u0131r\u0131l\u0131yor: Japon Uzman Yoshinori Moriwaki Geliyor"},"content":{"rendered":"<p><strong>K\u0131r\u015fehir&#8217;de Deprem Ger\u00e7e\u011fi Masaya Yat\u0131r\u0131l\u0131yor: Japon Uzman Yoshinori Moriwaki Geliyor<\/strong><\/p>\n<p>K\u0131r\u015fehir Ahi Evran \u00dcniversitesi (KAE\u00dc), T\u00fcrkiye\u2019nin en hayati g\u00fcndem maddelerinden biri olan deprem ger\u00e7e\u011fini, d\u00fcnyaca \u00fcnl\u00fc y\u00fcksek in\u015faat m\u00fchendisi ve deprem uzman\u0131 Yoshinori Moriwaki ile ele al\u0131yor.<\/p>\n<p>\u200bM\u00fchendislik Mimarl\u0131k Fak\u00fcltesi ile \u00c7i\u00e7ekda\u011f\u0131 Meslek Y\u00fcksekokulu i\u015f birli\u011fiyle d\u00fczenlenen &#8220;Bilimin I\u015f\u0131\u011f\u0131nda Depreme Diren\u00e7li T\u00fcrkiye&#8221; ba\u015fl\u0131kl\u0131 konferans, deprem g\u00fcvenli\u011finden kentsel d\u00f6n\u00fc\u015f\u00fcme kadar pek \u00e7ok kritik konuya \u0131\u015f\u0131k tutacak.<\/p>\n","protected":false},"excerpt":{"rendered":"<p>K\u0131r\u015fehir&#8217;de Deprem Ger\u00e7e\u011fi Masaya Yat\u0131r\u0131l\u0131yor: Japon Uzman Yoshinori Moriwaki Geliyor K\u0131r\u015fehir Ahi Evran \u00dcniversitesi (KAE\u00dc), T\u00fcrkiye\u2019nin en hayati g\u00fcndem maddelerinden biri olan deprem ger\u00e7e\u011fini, d\u00fcnyaca \u00fcnl\u00fc y\u00fcksek in\u015faat m\u00fchendisi ve deprem uzman\u0131 Yoshinori Moriwaki ile ele al\u0131yor. \u200bM\u00fchendislik Mimarl\u0131k Fak\u00fcltesi ile \u00c7i\u00e7ekda\u011f\u0131 Meslek Y\u00fcksekokulu i\u015f birli\u011fiyle d\u00fczenlenen &#8220;Bilimin I\u015f\u0131\u011f\u0131nda Depreme Diren\u00e7li T\u00fcrkiye&#8221; ba\u015fl\u0131kl\u0131 konferans, deprem [&hellip;]<\/p>\n","protected":false},"author":1,"featured_media":1665,"comment_status":"open","ping_status":"open","sticky":false,"template":"","format":"standard","meta":{"footnotes":""},"categories":[5,8],"tags":[],"class_list":["post-1664","post","type-post","status-publish","format-standard","has-post-thumbnail","hentry","category-gundem","category-kirsehir"],"_links":{"self":[{"href":"https:\/\/www.kirsehirses.com\/index.php\/wp-json\/wp\/v2\/posts\/1664","targetHints":{"allow":["GET"]}}],"collection":[{"href":"https:\/\/www.kirsehirses.com\/index.php\/wp-json\/wp\/v2\/posts"}],"about":[{"href":"https:\/\/www.kirsehirses.com\/index.php\/wp-json\/wp\/v2\/types\/post"}],"author":[{"embeddable":true,"href":"https:\/\/www.kirsehirses.com\/index.php\/wp-json\/wp\/v2\/users\/1"}],"replies":[{"embeddable":true,"href":"https:\/\/www.kirsehirses.com\/index.php\/wp-json\/wp\/v2\/comments?post=1664"}],"version-history":[{"count":2,"href":"https:\/\/www.kirsehirses.com\/index.php\/wp-json\/wp\/v2\/posts\/1664\/revisions"}],"predecessor-version":[{"id":1667,"href":"https:\/\/www.kirsehirses.com\/index.php\/wp-json\/wp\/v2\/posts\/1664\/revisions\/1667"}],"wp:featuredmedia":[{"embeddable":true,"href":"https:\/\/www.kirsehirses.com\/index.php\/wp-json\/wp\/v2\/media\/1665"}],"wp:attachment":[{"href":"https:\/\/www.kirsehirses.com\/index.php\/wp-json\/wp\/v2\/media?parent=1664"}],"wp:term":[{"taxonomy":"category","embeddable":true,"href":"https:\/\/www.kirsehirses.com\/index.php\/wp-json\/wp\/v2\/categories?post=1664"},{"taxonomy":"post_tag","embeddable":true,"href":"https:\/\/www.kirsehirses.com\/index.php\/wp-json\/wp\/v2\/tags?post=1664"}],"curies":[{"name":"wp","href":"https:\/\/api.w.org\/{rel}","templated":true}]}}